{"id":66458,"date":"2025-12-05T13:40:14","date_gmt":"2025-12-05T13:40:14","guid":{"rendered":"https:\/\/www.europesays.com\/lv\/66458\/"},"modified":"2025-12-05T13:40:14","modified_gmt":"2025-12-05T13:40:14","slug":"lietuva-nogalinatas-divas-jaunas-sievietes","status":"publish","type":"post","link":"https:\/\/www.europesays.com\/lv\/66458\/","title":{"rendered":"Lietuv\u0101 nogalin\u0101tas divas jaunas sievietes"},"content":{"rendered":"<p>&#8220;V\u0113l vienu aspektu nevar izsl\u0113gt, nevajadz\u0113tu p\u0101r\u0101k satraukties. Nevar izsl\u0113gt versiju, ka p\u0113c \u0161\u0101da notikuma cilv\u0113ks var\u0113tu pie\u0146emt k\u0101dus neadekv\u0101tus l\u0113mumus attiec\u012bb\u0101 uz sevi,&#8221; sac\u012bja Kau\u0146as apgabala Galven\u0101 policijas komisari\u0101ta priek\u0161nieks. Aizdom\u0101s tur\u0113t\u0101 dz\u012bvesvieta p\u0101rmekl\u0113ta, ta\u010du netiek atkl\u0101ts, vai amatpersonas atrada kaut ko izmekl\u0113\u0161anai noder\u012bgu.<\/p>\n<p>K\u0101 zi\u0146o Kau\u0146as apgabala <a href=\"https:\/\/www.apollo.lv\/term\/565901\/policija\" class=\"topicLink\" target=\"_blank\" rel=\"nofollow noopener\">policija<\/a>, 4. decembra p\u0113cpusdien\u0101 dz\u012bvokl\u012b tika atrasts 2003. gad\u0101 dzimu\u0161as sievietes l\u012b\u0137is ar p\u0101rgrieztu kaklu. P\u0113c vi\u0146as pazu\u0161anas radinieki s\u0101ka vi\u0146as mekl\u0113\u0161anu.<\/p>\n<p>Par slepkav\u012bbu ir s\u0101kta pirmstiesas izmekl\u0113\u0161ana. Kau\u0146as apri\u0146\u0137a policija ceturtdienas vakar\u0101 pazi\u0146oja, ka mekl\u0113 1996. gad\u0101 dzimu\u0161o v\u012brieti, kuru tur aizdom\u0101s par slepkav\u012bbu<\/p>\n<p>Varas iest\u0101des br\u012bdin\u0101ja, ka \u0161\u012b persona var\u0113tu b\u016bt b\u012bstama.<\/p>\n<p>T\u0101s pa\u0161as dienas vakar\u0101 plkst. 19:46 policija sa\u0146\u0113ma v\u0113l vienu zi\u0146ojumu, ka neizdodas sazin\u0101ties ar radinieku.<\/p>\n<p>Ap pulksten 20:29 ugunsdz\u0113s\u0113ji sa\u0146\u0113ma policijas l\u016bgumu pal\u012bdz\u0113t iek\u013c\u016bt dz\u012bvokl\u012b. Izmantojot ripz\u0101\u0123i, vi\u0146i p\u0101rgrieza dz\u012bvok\u013ca durvis un ielaida iek\u0161\u0101 policistus.<\/p>\n<p>Dz\u012bvokl\u012b atrasts 2001. gad\u0101 dzimu\u0161as sievietes l\u012b\u0137is. Uz t\u0101 bija redzamas vardarb\u012bbas paz\u012bmes. Par slepkav\u012bbu s\u0101kta pirmstiesas izmekl\u0113\u0161ana.<\/p>\n","protected":false},"excerpt":{"rendered":"&#8220;V\u0113l vienu aspektu nevar izsl\u0113gt, nevajadz\u0113tu p\u0101r\u0101k satraukties. Nevar izsl\u0113gt versiju, ka p\u0113c \u0161\u0101da notikuma cilv\u0113ks var\u0113tu pie\u0146emt&hellip;\n","protected":false},"author":2,"featured_media":66459,"comment_status":"","ping_status":"","sticky":false,"template":"","format":"standard","meta":{"footnotes":""},"categories":[5],"tags":[23,28,29,32,33,22,30,31,35,39,38,36,37,34,1464,40,20,163,26,27,595,24,25,21],"class_list":{"0":"post-66458","1":"post","2":"type-post","3":"status-publish","4":"format-standard","5":"has-post-thumbnail","7":"category-aktualitates","8":"tag-aktualitates","9":"tag-breaking-news","10":"tag-breakingnews","11":"tag-featured-news","12":"tag-featurednews","13":"tag-headlines","14":"tag-latest-news","15":"tag-latestnews","16":"tag-latvia","17":"tag-latvian","18":"tag-latviesu","19":"tag-latviesu-valoda","20":"tag-latviesuvaloda","21":"tag-latvija","22":"tag-lietuva","23":"tag-lv","24":"tag-news","25":"tag-policija","26":"tag-popularakas-zinas","27":"tag-popularakaszinas","28":"tag-slepkaviba","29":"tag-top-stories","30":"tag-topstories","31":"tag-zinas"},"share_on_mastodon":{"url":"https:\/\/pubeurope.com\/@lv\/115667246993042144","error":""},"_links":{"self":[{"href":"https:\/\/www.europesays.com\/lv\/wp-json\/wp\/v2\/posts\/66458","targetHints":{"allow":["GET"]}}],"collection":[{"href":"https:\/\/www.europesays.com\/lv\/wp-json\/wp\/v2\/posts"}],"about":[{"href":"https:\/\/www.europesays.com\/lv\/wp-json\/wp\/v2\/types\/post"}],"author":[{"embeddable":true,"href":"https:\/\/www.europesays.com\/lv\/wp-json\/wp\/v2\/users\/2"}],"replies":[{"embeddable":true,"href":"https:\/\/www.europesays.com\/lv\/wp-json\/wp\/v2\/comments?post=66458"}],"version-history":[{"count":0,"href":"https:\/\/www.europesays.com\/lv\/wp-json\/wp\/v2\/posts\/66458\/revisions"}],"wp:featuredmedia":[{"embeddable":true,"href":"https:\/\/www.europesays.com\/lv\/wp-json\/wp\/v2\/media\/66459"}],"wp:attachment":[{"href":"https:\/\/www.europesays.com\/lv\/wp-json\/wp\/v2\/media?parent=66458"}],"wp:term":[{"taxonomy":"category","embeddable":true,"href":"https:\/\/www.europesays.com\/lv\/wp-json\/wp\/v2\/categories?post=66458"},{"taxonomy":"post_tag","embeddable":true,"href":"https:\/\/www.europesays.com\/lv\/wp-json\/wp\/v2\/tags?post=66458"}],"curies":[{"name":"wp","href":"https:\/\/api.w.org\/{rel}","templated":true}]}}