{"id":66462,"date":"2025-12-05T13:46:10","date_gmt":"2025-12-05T13:46:10","guid":{"rendered":"https:\/\/www.europesays.com\/lv\/66462\/"},"modified":"2025-12-05T13:46:10","modified_gmt":"2025-12-05T13:46:10","slug":"sis-ir-labakais-iespejamais-budzets-esosajos-apstaklos-2","status":"publish","type":"post","link":"https:\/\/www.europesays.com\/lv\/66462\/","title":{"rendered":"\u0160is ir lab\u0101kais iesp\u0113jamais bud\u017eets eso\u0161ajos apst\u0101k\u013cos"},"content":{"rendered":"<p>4.decembr\u012b otraj\u0101 gal\u012bgaj\u0101 las\u012bjum\u0101 Saeim\u0101 tika apstiprin\u0101ts 2026. gada valsts bud\u017eets. K\u0101 nor\u0101da Saeimas priek\u0161s\u0113d\u0113t\u0101ja Daiga Mieri\u0146a, laik\u0101, kad valsts kop\u0113j\u0101 priorit\u0101te ir dro\u0161\u012bba, \u0161is ir lab\u0101kais iesp\u0113jamais bud\u017eets eso\u0161ajos apst\u0101k\u013cos.<\/p>\n<p>K\u0101 inform\u0113ja Saeimas priek\u0161s\u0113d\u0113t\u0101jas padomniece Paula Salmi\u0146a, D.Mieri\u0146a atzin\u012bgi v\u0113rt\u0113 bud\u017eeta izskat\u012b\u0161anas gaitu, pau\u017eot, lai gan debates par atsevi\u0161\u0137iem priek\u0161likumiem biju\u0161as asas, \u012bpa\u0161i no opoz\u012bcijas puses, tom\u0113r t\u0101s biju\u0161as konstrukt\u012bvas, bez \u017eestikul\u0101cijas un taj\u0101s liel\u0101koties vald\u012bja cie\u0146a un konstruktivit\u0101te. Tom\u0113r tendence deput\u0101tiem nev\u0113l\u0113ties vien\u0101 otr\u0101 patiesi ieklaus\u012bties aizvien ir kl\u0101teso\u0161a.<\/p>\n<p>Mieri\u0146a nor\u0101da, ka n\u0101kam\u0101 gada bud\u017eets ir nep\u0101rprotama valsts ap\u0146em\u0161an\u0101s pilnveidot valsts aizsardz\u012bbas sp\u0113jas. Latvija un Baltijas valstis kopum\u0101 b\u016bs vienas no pirmaj\u0101m, kur\u0101m b\u016bs izdevies sasniegt NATO samit\u0101 H\u0101g\u0101 nosprausto m\u0113r\u0137i \u2013 atv\u0113l\u0113t 5% no IKP aizsardz\u012bbai. Tas ir \u013coti b\u016btisks solis, kas par\u0101da gan Latvijas, gan starptautiskajai sabiedr\u012bbai, ka Latvija ir sp\u0113j\u012bga uz\u0146emties atbild\u012bgus l\u0113mumus sare\u017e\u0123\u012btos apst\u0101k\u013cos.<\/p>\n<p>Svar\u012bgi, ka \u0161\u012b bud\u017eeta ietvaros izdevies rast l\u012bdzek\u013cus Latvijas Onkolo\u0123ijas centra 2. k\u0101rtas b\u016bvniec\u012bbas turpin\u0101\u0161anai, veicot Eiropas Savien\u012bbas strukt\u016brfondu programmu finans\u0113juma p\u0101rdali. Izdevies rast ar\u012b papildus finans\u0113jumu pieejam\u0101kai vesel\u012bbas apr\u016bpei, \u012bpa\u0161i re\u0123ionos. Mieri\u0146a skaidro, ka pie\u0161\u0137irts papildus finans\u0113jums lauku \u0123imenes \u0101rstiem, k\u0101 ar\u012b tiks izveidots Neatliekam\u0101s Medic\u012bnisk\u0101s pal\u012bdz\u012bbas dienesta punkts Kr\u0101slavas novada Indr\u0101.<\/p>\n<p>Mieri\u0146a uzsver, ka neraugoties uz sare\u017e\u0123\u012bto situ\u0101ciju, Za\u013co un Zemnieku nelok\u0101mi iest\u0101jusies par re\u0123ionu iedz\u012bvot\u0101ju interes\u0113m. T\u0101, piem\u0113ram, 2026. gad\u0101 netiks samazin\u0101ti pa\u0161vald\u012bbu bud\u017eeti, bet \u201cProgramma skol\u0101\u201d paredz\u0113tas pieejam\u012bbas skolas, kas veicin\u0101s re\u0123ionu saglab\u0101\u0161anu un att\u012bst\u012bbu.<\/p>\n<p>Daiga Mieri\u0146a pozit\u012bvi v\u0113rt\u0113 \u0161ogad atjaunoto praksi, kur\u0101 ar\u012b Saeimas deput\u0101ti akt\u012bvi iesniedz savus priek\u0161likumus bud\u017eetam. Tie tiek r\u016bp\u012bgi izv\u0113rt\u0113ti, un da\u013ca priek\u0161likumu g\u016bst ar\u012b atbalstu. Saeimas priek\u0161s\u0113d\u0113t\u0101ja uzsver, ka nav pie\u013caujama situ\u0101cija, kur\u0101 Ministru kabineta iesniegtais bud\u017eets Saeim\u0101 tiek apstiprin\u0101ts bez jebk\u0101d\u0101m iebild\u0113m vai labojumiem. Vi\u0146aspr\u0101t, bud\u017eeta tap\u0161anas procesam j\u0101b\u016bt caursp\u012bd\u012bgam, tom\u0113r pa\u0161reiz\u0113jais laiks no bud\u017eeta iesnieg\u0161anas l\u012bdz t\u0101 pie\u0146em\u0161anai ir p\u0101r\u0101k \u012bss, lai visu pien\u0101c\u012bgi izskat\u012btu. Vienlaikus deput\u0101tu akt\u012bv\u0101 iesaiste apliecina parlamenta sp\u0113ju str\u0101d\u0101t vienoti un atbild\u012bgi.<\/p>\n<p>Mieri\u0146as ieskat\u0101 nepiecie\u0161ama stingr\u0101ka nost\u0101ja attiec\u012bb\u0101 uz valsts \u0101r\u0113jo par\u0101du: \u201cNevaram at\u013cauties bezgal\u012bgi palielin\u0101t par\u0101du, neraugoties uz n\u0101kotnes izaicin\u0101jumiem.\u201d<\/p>\n<p>\u201c2026. gada bud\u017eeta apstiprin\u0101\u0161ana nav fini\u0161s, \u201d skaidro Saeimas priek\u0161s\u0113d\u0113t\u0101ja, nor\u0101dot, ka bud\u017eeta pakotn\u0113 beidzot ir atbalst\u012bts vi\u0146as virz\u012btais priek\u0161likums ieviest t\u0101 saukto nulles bud\u017eetu un regul\u0101ri, visaptvero\u0161i p\u0101rskat\u012bt valsts izdevumus. Vi\u0146aspr\u0101t, tas dos iesp\u0113ju objekt\u012bvi izv\u0113rt\u0113t katras valsts funkcijas lietder\u012bbu un nepiecie\u0161am\u012bbu.<\/p>\n<p>\u201cEsmu p\u0101rliecin\u0101ta, ka \u0161aj\u0101 proces\u0101 atkl\u0101sim ar\u012b t\u0101das funkcijas, no kur\u0101m var\u0113sim atteikties to ne efektivit\u0101tes vai d\u0101rdz\u012bbas d\u0113\u013c,\u201d saka Saeimas priek\u0161s\u0113d\u0113t\u0101ja. Neraugoties uz to, ka lai ar\u012b risin\u0101jumi ne vienm\u0113r ir ide\u0101li, 2026. gada bud\u017eets ir atbild\u012bgs kompromiss, kas stiprin\u0101s m\u016bsu valsts dro\u0161\u012bbu, vesel\u012bbas apr\u016bpes pieejam\u012bbu un turpm\u0101ko parlament\u0101ro kult\u016bru.<\/p>\n","protected":false},"excerpt":{"rendered":"4.decembr\u012b otraj\u0101 gal\u012bgaj\u0101 las\u012bjum\u0101 Saeim\u0101 tika apstiprin\u0101ts 2026. gada valsts bud\u017eets. K\u0101 nor\u0101da Saeimas priek\u0161s\u0113d\u0113t\u0101ja Daiga Mieri\u0146a, laik\u0101,&hellip;\n","protected":false},"author":2,"featured_media":66463,"comment_status":"","ping_status":"","sticky":false,"template":"","format":"standard","meta":{"footnotes":""},"categories":[5],"tags":[23,28,29,47,32,33,22,381,64,30,31,35,39,38,36,37,34,40,20,385,26,27,172,382,384,383,24,25,21],"class_list":{"0":"post-66462","1":"post","2":"type-post","3":"status-publish","4":"format-standard","5":"has-post-thumbnail","7":"category-aktualitates","8":"tag-aktualitates","9":"tag-breaking-news","10":"tag-breakingnews","11":"tag-ekonomika","12":"tag-featured-news","13":"tag-featurednews","14":"tag-headlines","15":"tag-jaunumi","16":"tag-kultura","17":"tag-latest-news","18":"tag-latestnews","19":"tag-latvia","20":"tag-latvian","21":"tag-latviesu","22":"tag-latviesu-valoda","23":"tag-latviesuvaloda","24":"tag-latvija","25":"tag-lv","26":"tag-news","27":"tag-pieriga","28":"tag-popularakas-zinas","29":"tag-popularakaszinas","30":"tag-riga","31":"tag-sabiedriba","32":"tag-sludinajumi","33":"tag-sports-afisa","34":"tag-top-stories","35":"tag-topstories","36":"tag-zinas"},"share_on_mastodon":{"url":"https:\/\/pubeurope.com\/@lv\/115667270533594148","error":""},"_links":{"self":[{"href":"https:\/\/www.europesays.com\/lv\/wp-json\/wp\/v2\/posts\/66462","targetHints":{"allow":["GET"]}}],"collection":[{"href":"https:\/\/www.europesays.com\/lv\/wp-json\/wp\/v2\/posts"}],"about":[{"href":"https:\/\/www.europesays.com\/lv\/wp-json\/wp\/v2\/types\/post"}],"author":[{"embeddable":true,"href":"https:\/\/www.europesays.com\/lv\/wp-json\/wp\/v2\/users\/2"}],"replies":[{"embeddable":true,"href":"https:\/\/www.europesays.com\/lv\/wp-json\/wp\/v2\/comments?post=66462"}],"version-history":[{"count":0,"href":"https:\/\/www.europesays.com\/lv\/wp-json\/wp\/v2\/posts\/66462\/revisions"}],"wp:featuredmedia":[{"embeddable":true,"href":"https:\/\/www.europesays.com\/lv\/wp-json\/wp\/v2\/media\/66463"}],"wp:attachment":[{"href":"https:\/\/www.europesays.com\/lv\/wp-json\/wp\/v2\/media?parent=66462"}],"wp:term":[{"taxonomy":"category","embeddable":true,"href":"https:\/\/www.europesays.com\/lv\/wp-json\/wp\/v2\/categories?post=66462"},{"taxonomy":"post_tag","embeddable":true,"href":"https:\/\/www.europesays.com\/lv\/wp-json\/wp\/v2\/tags?post=66462"}],"curies":[{"name":"wp","href":"https:\/\/api.w.org\/{rel}","templated":true}]}}