{"id":66466,"date":"2025-12-05T13:58:08","date_gmt":"2025-12-05T13:58:08","guid":{"rendered":"https:\/\/www.europesays.com\/lv\/66466\/"},"modified":"2025-12-05T13:58:08","modified_gmt":"2025-12-05T13:58:08","slug":"lazdins-vinjetes-izmaksu-palielinasana-vieglajiem-kravas-auto-ir-splaviens-seja-nozarei-dienas-bizness","status":"publish","type":"post","link":"https:\/\/www.europesays.com\/lv\/66466\/","title":{"rendered":"Lazdi\u0146\u0161: Vinjetes izmaksu palielin\u0101\u0161ana vieglajiem kravas auto ir sp\u013c\u0101viens sej\u0101 nozarei :: Dienas Bizness"},"content":{"rendered":"<p class=\"text-font font-size--text-xlarge margin-3--bottom font-weight--bold padding-1--top\">Jau no jaun\u0101 gada 1. janv\u0101ra palielin\u0101sies izmaksas autoce\u013cu lieto\u0161anas nodev\u0101m jeb vinjet\u0113m vieglajiem kravas transportl\u012bdzek\u013ciem virs trim tonn\u0101m. 260 eiro viet\u0101 vinjetes izmaksas pieaugs par 38,5 %, kas noz\u012bm\u0113, ka turpm\u0101k \u0161\u0101du transportl\u012bdzek\u013cu \u012bpa\u0161niekiem b\u016bs j\u0101\u0161\u0137iras no 360 eiro katru gadu, turkl\u0101t vinjetes tagad b\u016bs nepiecie\u0161amas, lai p\u0101rvietotos ar\u012b pa re\u0123ion\u0101lajiem auto ce\u013ciem.<\/p>\n<p class=\"text-font font-size--text-xlarge margin-3--bottom\">Biedr\u012bbas \u201cZemnieku saeima\u201d valdes priek\u0161s\u0113d\u0113t\u0101js Juris Lazdi\u0146\u0161 uzsver: \u201c\u0160\u0101ds izmaksu k\u0101pums lauksaimniekiem ir absol\u016bti nepie\u0146emams un nav god\u012bgs \u2013 tas ir sp\u013c\u0101viens sej\u0101 ne tikai m\u016bsu nozarei, bet ar\u012b me\u017esaimniekiem un mazajiem uz\u0146\u0113m\u0113jiem.\u201d<\/p>\n<p class=\"text-font font-size--text-xlarge margin-3--bottom\">N\u0101mak\u0101 gada valsts bud\u017eeta paket\u0113 apstiprin\u0101ti groz\u012bjumi vinjetes izmaksu k\u0101pumam transportl\u012bdzek\u013ciem ar masu, s\u0101kot no trim tonn\u0101m, turkl\u0101t vinjete b\u016bs nepiecie\u0161ama ne tikai tad, ja vieglais kravas auto p\u0101rvietojas pa galvenajiem valsts ce\u013ciem, bet ar\u012b pa re\u0123ion\u0101lajiem auto ce\u013ciem. Kam\u0113r citviet Eiropas Savien\u012bb\u0101 \u0161\u0101da autoce\u013cu lieto\u0161anas nodeva j\u0101maks\u0101 tikai smagajiem kravas auto, s\u0101kot ar masu no 3500 kilogramiem, turpm\u0101k Latvij\u0101 ar\u012b B kategorijas transportl\u012bdzek\u013ciem, piem\u0113ram, vieglajiem kravas furgoniem, b\u016bs j\u0101ieg\u0101d\u0101jas vinjete, kuras izmaksas b\u016bs 360 eiro gad\u0101. \u0160\u012bs izmai\u0146as skars aptuveni 27 000 autobrauc\u0113ju vis\u0101 Latvij\u0101.<\/p>\n<p class=\"text-font font-size--text-xlarge margin-3--bottom\">\u201cLatvijas lauksaimnieki ir kategoriski pret \u0161\u0101du izmaksu pieaugumu. Viet\u0113jiem zemniekiem, kas \u0161ogad sask\u0101r\u0101s ar virkni izaicin\u0101jumu un dzi\u013cu kr\u012bzi nozar\u0113, tagad b\u016bs j\u0101maks\u0101 papildus, lai pa re\u0123ion\u0101lajiem ce\u013ciem ar vieglajiem kravas furgoniem nog\u0101d\u0101tu savu produkciju tirg\u016b un viet\u0113jos veikalos. \u0160\u0101das izmai\u0146as ne tikai pamat\u012bgi iedrag\u0101s viet\u0113jo ra\u017eo\u0161anu, bet ar\u012b lauku re\u0123ionu konkur\u0113tsp\u0113ju. Esmu p\u0101rsteigts, cik \u0161aura dom\u0101\u0161ana ir da\u017eiem m\u016bsu valstv\u012briem \u2013 tas ir sp\u013c\u0101viens sej\u0101 lauksaimniec\u012bbas nozarei un klaja necie\u0146a pret viet\u0113jiem ra\u017eot\u0101jiem,\u201d akcent\u0113 Juris Lazdi\u0146\u0161, biedr\u012bbas \u201cZemnieku saeima\u201d valdes priek\u0161s\u0113d\u0113t\u0101js.<\/p>\n<p class=\"text-font font-size--text-xlarge margin-3--bottom\">Vi\u0146\u0161 nor\u0101da, ka \u0161\u012b ir vien\u012bg\u0101 nodeva, kuras izmaksas \u201cieripo\u201d tie\u0161i Satiksmes ministrijas maci\u0146\u0101, ne Valsts kas\u0113. Turkl\u0101t \u0161ogad smagajiem kravas transportl\u012bdzek\u013ciem vinjetes izmaksas jau tika palielin\u0101tas par 60 %, un turpm\u0101k lauksaimniekiem, kuri savu produkciju pieg\u0101d\u0101 pa re\u0123ion\u0101lajiem auto ce\u013ciem ar vieglajiem kravas furgoniem virs trim tonn\u0101m, b\u016bs j\u0101maks\u0101 ne tikai ce\u013ca nodoklis, bet j\u0101ieg\u0101d\u0101jas ar\u012b vinjetes.<\/p>\n<p class=\"text-font font-size--text-xlarge margin-3--bottom\">\u201cIr absol\u016bti mu\u013c\u0137\u012bgi ieviest papildu izmaksas par vinjet\u0113m, bet tai pat laik\u0101 samazin\u0101t PVN likmi atsevi\u0161\u0137iem p\u0101rtikas produktiem. Tas noz\u012bm\u0113, ka no vienas puses n\u0101kam pret\u012b saviem iedz\u012bvot\u0101jiem un r\u016bp\u0113jamies par viet\u0113jo uz\u0146\u0113m\u0113ju konkur\u0113tsp\u0113ju, bet no otras \u2013 pavisam klusi un nepaman\u0101mi pace\u013cam citu nodokli. \u0160\u0101ds l\u0113mums nav god\u012bgs, un papildu finansi\u0101lais slogs neietekm\u0113s tikai lauksaimniekus \u2013 to izjut\u012bs ar\u012b me\u017esaimnieki un mazie uz\u0146\u0113m\u0113ji kopum\u0101,\u201d skaidro Juris Lazdi\u0146\u0161.<\/p>\n<p class=\"text-font font-size--text-xlarge margin-3--bottom\">Biedr\u012bbas \u201cZemnieku saeima\u201d valdes priek\u0161s\u0113d\u0113t\u0101js nor\u0101da, ka lauksaimnieki ir gatavi doties ar\u012b protestos, ja \u0161\u012b situ\u0101cija netiks atrisin\u0101ta.<\/p>\n","protected":false},"excerpt":{"rendered":"Jau no jaun\u0101 gada 1. janv\u0101ra palielin\u0101sies izmaksas autoce\u013cu lieto\u0161anas nodev\u0101m jeb vinjet\u0113m vieglajiem kravas transportl\u012bdzek\u013ciem virs trim&hellip;\n","protected":false},"author":2,"featured_media":66467,"comment_status":"","ping_status":"","sticky":false,"template":"","format":"standard","meta":{"footnotes":""},"categories":[5],"tags":[23,869,77,870,28,29,867,32,33,22,30,31,35,39,38,36,37,34,871,868,40,20,26,27,24,25,21],"class_list":{"0":"post-66466","1":"post","2":"type-post","3":"status-publish","4":"format-standard","5":"has-post-thumbnail","7":"category-aktualitates","8":"tag-aktualitates","9":"tag-biznesa-zinas","10":"tag-bizness","11":"tag-bizness-latvija","12":"tag-breaking-news","13":"tag-breakingnews","14":"tag-dienas-zinas","15":"tag-featured-news","16":"tag-featurednews","17":"tag-headlines","18":"tag-latest-news","19":"tag-latestnews","20":"tag-latvia","21":"tag-latvian","22":"tag-latviesu","23":"tag-latviesu-valoda","24":"tag-latviesuvaloda","25":"tag-latvija","26":"tag-latvijas-biznesa-zinas","27":"tag-latvijas-zinas","28":"tag-lv","29":"tag-news","30":"tag-popularakas-zinas","31":"tag-popularakaszinas","32":"tag-top-stories","33":"tag-topstories","34":"tag-zinas"},"share_on_mastodon":{"url":"https:\/\/pubeurope.com\/@lv\/115667317777531421","error":""},"_links":{"self":[{"href":"https:\/\/www.europesays.com\/lv\/wp-json\/wp\/v2\/posts\/66466","targetHints":{"allow":["GET"]}}],"collection":[{"href":"https:\/\/www.europesays.com\/lv\/wp-json\/wp\/v2\/posts"}],"about":[{"href":"https:\/\/www.europesays.com\/lv\/wp-json\/wp\/v2\/types\/post"}],"author":[{"embeddable":true,"href":"https:\/\/www.europesays.com\/lv\/wp-json\/wp\/v2\/users\/2"}],"replies":[{"embeddable":true,"href":"https:\/\/www.europesays.com\/lv\/wp-json\/wp\/v2\/comments?post=66466"}],"version-history":[{"count":0,"href":"https:\/\/www.europesays.com\/lv\/wp-json\/wp\/v2\/posts\/66466\/revisions"}],"wp:featuredmedia":[{"embeddable":true,"href":"https:\/\/www.europesays.com\/lv\/wp-json\/wp\/v2\/media\/66467"}],"wp:attachment":[{"href":"https:\/\/www.europesays.com\/lv\/wp-json\/wp\/v2\/media?parent=66466"}],"wp:term":[{"taxonomy":"category","embeddable":true,"href":"https:\/\/www.europesays.com\/lv\/wp-json\/wp\/v2\/categories?post=66466"},{"taxonomy":"post_tag","embeddable":true,"href":"https:\/\/www.europesays.com\/lv\/wp-json\/wp\/v2\/tags?post=66466"}],"curies":[{"name":"wp","href":"https:\/\/api.w.org\/{rel}","templated":true}]}}