{"id":66494,"date":"2025-12-05T14:32:12","date_gmt":"2025-12-05T14:32:12","guid":{"rendered":"https:\/\/www.europesays.com\/lv\/66494\/"},"modified":"2025-12-05T14:32:12","modified_gmt":"2025-12-05T14:32:12","slug":"pecpusdiena-ar-meru-diskute-par-arvalstu-darbaspeka-piesaisti-darba-tirgus-izaicinajumiem-un-uznemeju-pieredzi","status":"publish","type":"post","link":"https:\/\/www.europesays.com\/lv\/66494\/","title":{"rendered":"\u201cP\u0113cpusdien\u0101 ar m\u0113ru\u201d diskut\u0113 par \u0101rvalstu darbasp\u0113ka piesaisti, darba tirgus izaicin\u0101jumiem un uz\u0146\u0113m\u0113ju pieredzi"},"content":{"rendered":"<p>05.12.2025<\/p>\n<p>Uz\u0146\u0113m\u0113jdarb\u012bba<\/p>\n<p>28. novembr\u012b Valmier\u0101 norisin\u0101j\u0101s uz\u0146\u0113m\u0113ju, publisk\u0101 sektora un izgl\u012bt\u012bbas sektora ekspertu diskusija par \u0101rvalstu darbasp\u0113ka piesaisti priv\u0101tajam sektoram. Pas\u0101kum\u0101 tika apl\u016bkota darba tirgus aktu\u0101l\u0101 situ\u0101cija un risin\u0101jumi, kas \u013cautu p\u0101rvar\u0113t darbasp\u0113ka tr\u016bkumu.<\/p>\n<p>Pas\u0101kumu atkl\u0101ja Valmieras novada pa\u0161vald\u012bbas domes priek\u0161s\u0113d\u0113t\u0101js J\u0101nis Baiks, sniedzot ieskatu Valmieras novad\u0101 k\u0101 vien\u0101 no ekonomiski akt\u012bv\u0101kajiem Latvij\u0101, k\u0101 ar\u012b izsakot viedokli par nodarbin\u0101t\u012bbas situ\u0101ciju: \u201cValmieras novada uz\u0146\u0113m\u0113jiem pieredze \u0101rvalstu darbasp\u0113ka nodarbin\u0101\u0161an\u0101 jau ir, un uz\u0146\u0113m\u0113ju ieskat\u0101 \u0161\u012b ir laba iesp\u0113ja uz\u0146\u0113mumu darb\u012bbas nodro\u0161in\u0101\u0161anai. Bez \u0161aub\u0101m, leg\u0101lai nodarbin\u0101t\u012bbai j\u0101b\u016bt labi uzraudz\u012btai, ta\u010du saprotamai un vienk\u0101r\u0161\u0101k sak\u0101rtojamai. Liela uzman\u012bba ir j\u0101velta jauno speci\u0101listu piesaistei un notur\u0113\u0161anai re\u0123ion\u0101, k\u0101 ar\u012b daudz intens\u012bv\u0101k j\u0101str\u0101d\u0101, lai veicin\u0101tu emigr\u0113ju\u0161o Latvijas iedz\u012bvot\u0101ju atgrie\u0161anos. T\u0101p\u0113c ir j\u0101turpina ar\u012b dz\u012bvojam\u0101 fonda att\u012bst\u012b\u0161ana un j\u0101veido \u012bpa\u0161as atbalsta programmas\u201d.<\/p>\n<p>Par valsts politiku \u0101rvalstu darba sp\u0113ka piesaist\u0113 run\u0101ja Ekonomikas ministrijas Cilv\u0113kkapit\u0101la att\u012bst\u012bbas departamenta direktore Baiba Ba\u0161\u0137ere, kura akcent\u0113ja valsts izvirz\u012bto m\u0113r\u0137i l\u012bdz 2035. gadam dubultot iek\u0161zemes kopproduktu, ce\u013cot produktivit\u0101ti, automatiz\u0113joties, digitaliz\u0113joties un piesaistot augsti kvalific\u0113tu \u0101rvalstu darbasp\u0113ku. J\u0101min gan, ka kop\u0113jais izsniegto termi\u0146uztur\u0113\u0161an\u0101s at\u013cauju skaits darba \u0146\u0113m\u0113jiem pret augsti kvalific\u0113tiem darba \u0146\u0113m\u0113jiem ir proporcij\u0101 1:145, kas nor\u0101da, ka priv\u0101tajam sektoram nepiecie\u0161ami tie\u0161i vienk\u0101r\u0161a un praktiska darba veic\u0113ji. Saska\u0146\u0101 ar ministrijas pausto \u2013 valstis, kuru pilso\u0146iem Latvijas darba tirgus var\u0113tu b\u016bt atv\u0113rt\u0101ks, ir Moldova, Ukraina, Filip\u012bnas, Turcija, Izra\u0113la, Kazahst\u0101na, Kirgizst\u0101na, Uzbekist\u0101na, Gruzija, Indija, k\u0101 ar\u012b atsevi\u0161\u0137as Dienvidamerikas un Centr\u0101lamerikas valstis.<\/p>\n<p>Pas\u0101kumu ar uzrunu turpin\u0101ja Nodarbin\u0101t\u012bbas valsts a\u0123ent\u016bras (NVA) Valmieras fili\u0101les vad\u012bt\u0101ja Agra Spurdzi\u0146a un NVA Darba dev\u0113ju atbalsta noda\u013cas vec\u0101k\u0101 eksperte Ginta \u0160teinberga. NVA p\u0101rst\u0101ves sniedza inform\u0101ciju par re\u0123istr\u0113t\u0101 bezdarba situ\u0101ciju Latvij\u0101 un Vidzem\u0113, nor\u0101dot, ka uz 2025. gada 31. oktobri Valmier\u0101 tas ir 2,3%, bet Valmieras novad\u0101 \u2013 2,7% no iedz\u012bvot\u0101ju skaita darbsp\u0113jas vecum\u0101. Visvair\u0101k re\u0123istr\u0113to br\u012bvo darba vietu skaits Valmier\u0101 ir uz poz\u012bcij\u0101m ar atalgojumu no 900 l\u012bdz 1099 eiro, savuk\u0101rt Valmieras novad\u0101 \u2013 uz poz\u012bcij\u0101m ar atalgojumu 1600 l\u012bdz 1999 eiro un uz poz\u012bcij\u0101m ar atalgojumu 700 l\u012bdz 799 eiro. Top nozares, kur\u0101s izsniegti atzinumi at\u013caut \u0101rzemnieku piesaisti, ir b\u016bvniec\u012bba, ra\u017eo\u0161ana, transports, \u0113din\u0101\u0161ana un lauksaimniec\u012bba, savuk\u0101rt top profesijas, kur\u0101s izsniegti atzinumi at\u013caut \u0101rzemnieku piesaisti, ir pal\u012bgstr\u0101dnieks, kravas un vilc\u0113jautomobi\u013ca vad\u012bt\u0101ji, b\u016bvstr\u0101dnieks, ceha str\u0101dnieks un k\u016bdras ieguves pal\u012bgstr\u0101dnieks. NVA p\u0101rst\u0101ves ar\u012b inform\u0113ja par atbalstu darba dev\u0113jiem un procesiem \u0101rzemnieku piesaist\u0113 darbam Latvij\u0101.<\/p>\n<p>Pilson\u012bbas un migr\u0101cijas lietu p\u0101rvaldes (PMLP) Valmieras noda\u013cas vad\u012bt\u0101jas vietniece Inga \u0160teinberga past\u0101st\u012bja par darba at\u013cauju izsnieg\u0161anas procesu un datiem. Piem\u0113ram, 2024. gad\u0101 ties\u012bbas uz nodarbin\u0101t\u012bbu pie\u0161\u0137irtas 19 285 person\u0101m, kuras liel\u0101koties p\u0101rst\u0101v t\u0101das valstis k\u0101 Uzbekist\u0101na, Indija, Baltkrievija, Ukraina un Tad\u017eikist\u0101na. Pas\u0101kuma dal\u012bbniekiem satrauco\u0161a \u0161\u0137ita atspogu\u013cot\u0101 statistika par pie\u0161\u0137irtaj\u0101m uztur\u0113\u0161an\u0101s at\u013cauj\u0101m, kas b\u016btiski p\u0101rsniedz \u0101rvalstnieku leg\u0101l\u0101s nodarbin\u0101t\u012bbas apjomu; valsts iest\u0101\u017eu p\u0101rst\u0101vji tika aicin\u0101ti piev\u0113rst situ\u0101cijas disbalansam \u012bpa\u0161u v\u0113r\u012bbu.<\/p>\n<p>Vidzemes Augstskolas (ViA) Starptautisk\u0101s sadarb\u012bbas grupas vad\u012bt\u0101ja M\u0101r\u012bte Bala\u0146uka un ViA\u00a0 Starptautisko studentu piesaistes speci\u0101liste Be\u0101te Velpe darba dev\u0113jiem atg\u0101din\u0101ja par \u0101rvalstu studentiem k\u0101 resursu uz\u0146\u0113mumu un re\u0123iona att\u012bst\u012bbai. ViA ekspertes inform\u0113ja, ka Latvij\u0101, t\u0101pat k\u0101 pasaul\u0113, starptautisko studentu skaits pieaug. Piem\u0113ram, 2024.\/2025. akad\u0113miskaj\u0101 gad\u0101 ViA bija 11 pilna laika \u0101rvalstu stud\u0113jo\u0161ie, k\u0101 ar\u012b 18 ilgtermi\u0146a un 42 \u012bstermi\u0146a apmai\u0146as studenti, kas p\u0101rst\u0101v\u0113ja t\u0101das valstis k\u0101 Ukraina, Bulg\u0101rija, Rum\u0101nija, V\u0101cija, Igaunija un citas. Latvij\u0101 veikt\u0101 p\u0113t\u012bjum\u0101 secin\u0101ts, ka tikai 10,6% aptauj\u0101to \u0101rvalstu studentu v\u0113las palikt Latvij\u0101, atalgojuma zem\u0101s konkur\u0113t sp\u0113jas, gr\u016bt\u012bbu atrast darbu un valodas barjeru d\u0113\u013c. ViA p\u0101rst\u0101ves aicin\u0101ja darba dev\u0113jus uz sadarb\u012bbu, piem\u0113ram, nodro\u0161inot prakses vietas, mentoringu un studiju proces\u0101 pied\u0101v\u0101jot izaicin\u0101jumus un uzdevumus no saviem uz\u0146\u0113mumiem.<\/p>\n<p>\u201cP\u0113cpusdienas ar m\u0113ru\u201d otraj\u0101 da\u013c\u0101 notika pane\u013cdiskusija, kur\u0101 ar savu pieredzi un viedokli dal\u012bj\u0101s AS VALMIERAS STIKLA \u0160\u0136IEDRA person\u0101la direktore Dace Purmale, SIA SOLIS A.U. p\u0101rst\u0101ve Marta Svensone un SIA SANART \u012bpa\u0161nieks Artis Knoks. Uz\u0146\u0113mumu p\u0101rst\u0101vji atzina, ka \u0101rvalstu speci\u0101listu piesaiste ir noz\u012bm\u012bgs risin\u0101jums uz\u0146\u0113mumu darb\u012bbas nep\u0101rtraukt\u012bbai. Vienlaikus diskusijas dal\u012bbnieki uzsv\u0113ra, ka \u0101rvalstnieku nodarbin\u0101\u0161anas procesam j\u0101k\u013c\u016bst saprotam\u0101kam, administrat\u012bvi un birokr\u0101tiski vienk\u0101r\u0161\u0101kam, vienlaikus, protams, piekr\u012btot, ka tam j\u0101b\u016bt ar\u012b pietieko\u0161i uzraudz\u012btam. K\u0101 noz\u012bm\u012bgs solis \u0101rvalstu darbasp\u0113ka integr\u0113\u0161an\u0101 tika min\u0113ta latvie\u0161u valodas m\u0101c\u012bbu nodro\u0161in\u0101\u0161ana, kas \u013cautu \u0161iem speci\u0101listiem pilnveidot prasmes un kompetences gan\u00a0 konkr\u0113t\u0101 uz\u0146\u0113mum\u0101, gan darba tirg\u016b. Diskusijas dal\u012bbnieki ar\u012b rosin\u0101ja valsts iest\u0101des p\u0101rskat\u012bt izvirz\u012bt\u0101s priorit\u0101tes, atk\u0101rtoti nor\u0101dot uz uz\u0146\u0113mumu prevel\u0113jo\u0161aj\u0101m vajadz\u012bb\u0101m tie\u0161i p\u0113c vienk\u0101r\u0161\u0101 darba veic\u0113jiem. Pozit\u012bvi tika nov\u0113rt\u0113ta Valmieras novada pa\u0161vald\u012bbas \u012bres m\u0101jok\u013cu programma, papildus aktualiz\u0113jot vajadz\u012bbu p\u0113c kopm\u012bt\u0146u tipa dz\u012bvojam\u0101 fonda.<\/p>\n<p>Pas\u0101kumu \u201cP\u0113cpusdiena ar m\u0113ru\u201d m\u0113r\u0137is ir veicin\u0101t uz\u0146\u0113m\u0113ju iesaisti un inform\u0113t\u012bbu par aktivit\u0101t\u0113m Valmieras novad\u0101, k\u0101 ar\u012b aicin\u0101t uz\u0146\u0113m\u0113jus akt\u012bvi iesaist\u012bties un diskut\u0113t par aktu\u0101liem jaut\u0101jumiem. \u201cP\u0113cpusdiena ar m\u0113ru\u201d ir vieta, kur satikt pa\u0161vald\u012bbas vad\u012bbu un nozaru ekspertus, kl\u0101tien\u0113 uzdot sev interes\u0113jo\u0161us jaut\u0101jumus un sa\u0146emt uz tiem atbildes. Pas\u0101kumu organiz\u0113 Valmieras Att\u012bst\u012bbas a\u0123ent\u016bra sadarb\u012bb\u0101 ar Valmieras novada pa\u0161vald\u012bbu.<\/p>\n<p>Inform\u0101ciju sagatavoja:<br \/>Ilze Egl\u0101ja<br \/>Valmieras Att\u012bst\u012bbas a\u0123ent\u016bra<\/p>\n","protected":false},"excerpt":{"rendered":"05.12.2025 Uz\u0146\u0113m\u0113jdarb\u012bba 28. novembr\u012b Valmier\u0101 norisin\u0101j\u0101s uz\u0146\u0113m\u0113ju, publisk\u0101 sektora un izgl\u012bt\u012bbas sektora ekspertu diskusija par \u0101rvalstu darbasp\u0113ka piesaisti&hellip;\n","protected":false},"author":2,"featured_media":66495,"comment_status":"","ping_status":"","sticky":false,"template":"","format":"standard","meta":{"footnotes":""},"categories":[14],"tags":[23,57,28,29,32,33,22,30,31,35,39,38,36,37,34,40,20,26,27,24,25,54,55,56,21,58],"class_list":{"0":"post-66494","1":"post","2":"type-post","3":"status-publish","4":"format-standard","5":"has-post-thumbnail","7":"category-zinas-no-arvalstim","8":"tag-aktualitates","9":"tag-arvalstim","10":"tag-breaking-news","11":"tag-breakingnews","12":"tag-featured-news","13":"tag-featurednews","14":"tag-headlines","15":"tag-latest-news","16":"tag-latestnews","17":"tag-latvia","18":"tag-latvian","19":"tag-latviesu","20":"tag-latviesu-valoda","21":"tag-latviesuvaloda","22":"tag-latvija","23":"tag-lv","24":"tag-news","25":"tag-popularakas-zinas","26":"tag-popularakaszinas","27":"tag-top-stories","28":"tag-topstories","29":"tag-world","30":"tag-world-news","31":"tag-worldnews","32":"tag-zinas","33":"tag-zinas-no-arvalstim"},"share_on_mastodon":{"url":"https:\/\/pubeurope.com\/@lv\/115667451476086254","error":""},"_links":{"self":[{"href":"https:\/\/www.europesays.com\/lv\/wp-json\/wp\/v2\/posts\/66494","targetHints":{"allow":["GET"]}}],"collection":[{"href":"https:\/\/www.europesays.com\/lv\/wp-json\/wp\/v2\/posts"}],"about":[{"href":"https:\/\/www.europesays.com\/lv\/wp-json\/wp\/v2\/types\/post"}],"author":[{"embeddable":true,"href":"https:\/\/www.europesays.com\/lv\/wp-json\/wp\/v2\/users\/2"}],"replies":[{"embeddable":true,"href":"https:\/\/www.europesays.com\/lv\/wp-json\/wp\/v2\/comments?post=66494"}],"version-history":[{"count":0,"href":"https:\/\/www.europesays.com\/lv\/wp-json\/wp\/v2\/posts\/66494\/revisions"}],"wp:featuredmedia":[{"embeddable":true,"href":"https:\/\/www.europesays.com\/lv\/wp-json\/wp\/v2\/media\/66495"}],"wp:attachment":[{"href":"https:\/\/www.europesays.com\/lv\/wp-json\/wp\/v2\/media?parent=66494"}],"wp:term":[{"taxonomy":"category","embeddable":true,"href":"https:\/\/www.europesays.com\/lv\/wp-json\/wp\/v2\/categories?post=66494"},{"taxonomy":"post_tag","embeddable":true,"href":"https:\/\/www.europesays.com\/lv\/wp-json\/wp\/v2\/tags?post=66494"}],"curies":[{"name":"wp","href":"https:\/\/api.w.org\/{rel}","templated":true}]}}