{"id":66518,"date":"2025-12-05T14:52:07","date_gmt":"2025-12-05T14:52:07","guid":{"rendered":"https:\/\/www.europesays.com\/lv\/66518\/"},"modified":"2025-12-05T14:52:07","modified_gmt":"2025-12-05T14:52:07","slug":"aizdomas-par-atsauksanos-palidzet-finanset-krievijas-karu-ukraina-vdd-aizturejis-lks-biedri","status":"publish","type":"post","link":"https:\/\/www.europesays.com\/lv\/66518\/","title":{"rendered":"Aizdom\u0101s par atsauk\u0161anos pal\u012bdz\u0113t finans\u0113t Krievijas karu Ukrain\u0101 VDD aiztur\u0113jis LKS biedri"},"content":{"rendered":"<p>Latvijas Krievu savien\u012bbas (LKS) l\u012bderis, Jelgavas domes deput\u0101ts Andrejs Pagors (iev\u0113l\u0113ts no partijas &#8220;Suver\u0113n\u0101 vara, Apvien\u012bba jaunlatvie\u0161i&#8221;) soci\u0101lajos t\u012bklos v\u0113sta, ka aiztur\u0113ta akt\u012bviste no R\u0113zeknes Polina Kam\u013ceva.<\/p>\n<p>Pagors v\u0113sta, ka Kam\u013ceva ir LKS biedre un vi\u0146a domubiedre. Vi\u0146\u0161 ar\u012b pau\u017e, ka Latvij\u0101 notieko\u0161o uztver ar ba\u017e\u0101m. Tas, vi\u0146apr\u0101t, p\u0101r\u0101k l\u012bdzinoties &#8220;raganu med\u012bb\u0101m&#8221;.<\/p>\n<p><a href=\"https:\/\/www.apollo.lv\/term\/615224\/vdd\" class=\"topicLink\" target=\"_blank\" rel=\"nofollow noopener\">VDD<\/a> a\u0123ent\u016brai LETA apstiprin\u0101ja, ka 25. novembr\u012b dienests pret \u0161o personu s\u0101cis krimin\u0101lprocesu aizdom\u0101s par \u0101rpus Latvijas teritorijas notieko\u0161a bru\u0146ota konflikta finans\u0113\u0161anu.<\/p>\n<p>VDD r\u012bc\u012bb\u0101 eso\u0161\u0101 inform\u0101cija liecina, ka sieviete atsauc\u0101s kontaktpersonas Krievij\u0101 aicin\u0101jumam nodro\u0161in\u0101t finansi\u0101lus l\u012bdzek\u013cus agresorvalsts Krievijas armijai kar\u0101 pret Ukrainu, lai ieg\u0101d\u0101tos radio elektronisko apr\u012bkojumu. Papildus tika noskaidrots, ka naudas l\u012bdzek\u013ci tika p\u0101rskait\u012bti person\u0101m Krievij\u0101.<\/p>\n<p>Persona tika aiztur\u0113ta 2. decembr\u012b un patlaban tai k\u0101 dro\u0161\u012bbas l\u012bdzeklis ir piem\u0113rots apcietin\u0101jums.<\/p>\n<p>Dienests divos ar personu saist\u012btos objektos R\u0113zekn\u0113 un Prei\u013cu novad\u0101 2. decembr\u012b veica krimin\u0101lprocesu\u0101las darb\u012bbas. Patlaban tiek veikta krat\u012b\u0161anas laik\u0101 iz\u0146emto datu nes\u0113ju satura padzi\u013cin\u0101ta izp\u0113te.<\/p>\n<p>Izmekl\u0113\u0161anas interes\u0113s dienests pla\u0161\u0101kus koment\u0101rus nesniedza.<\/p>\n","protected":false},"excerpt":{"rendered":"Latvijas Krievu savien\u012bbas (LKS) l\u012bderis, Jelgavas domes deput\u0101ts Andrejs Pagors (iev\u0113l\u0113ts no partijas &#8220;Suver\u0113n\u0101 vara, Apvien\u012bba jaunlatvie\u0161i&#8221;) soci\u0101lajos&hellip;\n","protected":false},"author":2,"featured_media":66519,"comment_status":"","ping_status":"","sticky":false,"template":"","format":"standard","meta":{"footnotes":""},"categories":[5],"tags":[23,28,29,32,33,22,234,74,30,31,35,39,38,36,37,34,40,20,26,27,24,25,4217,21],"class_list":{"0":"post-66518","1":"post","2":"type-post","3":"status-publish","4":"format-standard","5":"has-post-thumbnail","7":"category-aktualitates","8":"tag-aktualitates","9":"tag-breaking-news","10":"tag-breakingnews","11":"tag-featured-news","12":"tag-featurednews","13":"tag-headlines","14":"tag-krievija","15":"tag-krievijas-iebrukums-ukraina","16":"tag-latest-news","17":"tag-latestnews","18":"tag-latvia","19":"tag-latvian","20":"tag-latviesu","21":"tag-latviesu-valoda","22":"tag-latviesuvaloda","23":"tag-latvija","24":"tag-lv","25":"tag-news","26":"tag-popularakas-zinas","27":"tag-popularakaszinas","28":"tag-top-stories","29":"tag-topstories","30":"tag-vdd","31":"tag-zinas"},"share_on_mastodon":{"url":"https:\/\/pubeurope.com\/@lv\/115667530102984300","error":""},"_links":{"self":[{"href":"https:\/\/www.europesays.com\/lv\/wp-json\/wp\/v2\/posts\/66518","targetHints":{"allow":["GET"]}}],"collection":[{"href":"https:\/\/www.europesays.com\/lv\/wp-json\/wp\/v2\/posts"}],"about":[{"href":"https:\/\/www.europesays.com\/lv\/wp-json\/wp\/v2\/types\/post"}],"author":[{"embeddable":true,"href":"https:\/\/www.europesays.com\/lv\/wp-json\/wp\/v2\/users\/2"}],"replies":[{"embeddable":true,"href":"https:\/\/www.europesays.com\/lv\/wp-json\/wp\/v2\/comments?post=66518"}],"version-history":[{"count":0,"href":"https:\/\/www.europesays.com\/lv\/wp-json\/wp\/v2\/posts\/66518\/revisions"}],"wp:featuredmedia":[{"embeddable":true,"href":"https:\/\/www.europesays.com\/lv\/wp-json\/wp\/v2\/media\/66519"}],"wp:attachment":[{"href":"https:\/\/www.europesays.com\/lv\/wp-json\/wp\/v2\/media?parent=66518"}],"wp:term":[{"taxonomy":"category","embeddable":true,"href":"https:\/\/www.europesays.com\/lv\/wp-json\/wp\/v2\/categories?post=66518"},{"taxonomy":"post_tag","embeddable":true,"href":"https:\/\/www.europesays.com\/lv\/wp-json\/wp\/v2\/tags?post=66518"}],"curies":[{"name":"wp","href":"https:\/\/api.w.org\/{rel}","templated":true}]}}