{"id":66542,"date":"2025-12-05T15:28:08","date_gmt":"2025-12-05T15:28:08","guid":{"rendered":"https:\/\/www.europesays.com\/lv\/66542\/"},"modified":"2025-12-05T15:28:08","modified_gmt":"2025-12-05T15:28:08","slug":"sis-ir-labakais-iespejamais-budzets-esosajos-apstaklos-uzskata-mierina","status":"publish","type":"post","link":"https:\/\/www.europesays.com\/lv\/66542\/","title":{"rendered":"\u0160is ir lab\u0101kais iesp\u0113jamais bud\u017eets eso\u0161ajos apst\u0101k\u013cos, uzskata Mieri\u0146a"},"content":{"rendered":"<p>K\u0101 a\u0123ent\u016brai LETA pav\u0113st\u012bja Mieri\u0146as padomniece sabiedrisko attiec\u012bbu jaut\u0101jumos Paula Salmi\u0146a, Saeimas priek\u0161s\u0113d\u0113t\u0101ja atzin\u012bgi v\u0113rt\u0113 bud\u017eeta izskat\u012b\u0161anas gaitu, nor\u0101dot, ka, lai gan debates par atsevi\u0161\u0137iem priek\u0161likumiem biju\u0161as asas, \u012bpa\u0161i no opoz\u012bcijas puses, tom\u0113r t\u0101s biju\u0161as konstrukt\u012bvas, bez \u017eestikul\u0101cijas, un taj\u0101s liel\u0101koties vald\u012bja cie\u0146a un konstruktivit\u0101te. Tom\u0113r Mieri\u0146a atz\u012bst, ka tendence deput\u0101tiem nev\u0113l\u0113ties vienam otr\u0101 patiesi ieklaus\u012bties aizvien ir kl\u0101teso\u0161a.<\/p>\n<p>Mieri\u0146a nor\u0101da, ka n\u0101kam\u0101 gada bud\u017eets ir nep\u0101rprotama valsts ap\u0146em\u0161an\u0101s pilnveidot valsts aizsardz\u012bbas sp\u0113jas. Latvija un Baltijas valstis kopum\u0101 b\u016bs vienas no pirmaj\u0101m, kur\u0101m b\u016bs izdevies sasniegt NATO samit\u0101 H\u0101g\u0101 nosprausto m\u0113r\u0137i &#8211; atv\u0113l\u0113t 5% no IKP aizsardz\u012bbai. Tas ir \u013coti b\u016btisks solis, kas par\u0101da gan Latvijas, gan starptautiskajai sabiedr\u012bbai, ka Latvija ir sp\u0113j\u012bga uz\u0146emties atbild\u012bgus l\u0113mumus sare\u017e\u0123\u012btos apst\u0101k\u013cos.<\/p>\n<p>Saeimas priek\u0161s\u0113d\u0113t\u0101ja akcent\u0113, ka svar\u012bgi, ka n\u0101kam\u0101 gada bud\u017eet\u0101 izdevies rast l\u012bdzek\u013cus Latvijas Onkolo\u0123ijas centra 2. k\u0101rtas b\u016bvniec\u012bbas turpin\u0101\u0161anai, veicot Eiropas Savien\u012bbas strukt\u016brfondu programmu finans\u0113juma p\u0101rdali. Izdevies rast ar\u012b papildu finans\u0113jumu pieejam\u0101kai vesel\u012bbas apr\u016bpei, \u012bpa\u0161i re\u0123ionos. Mieri\u0146a skaidro, ka pie\u0161\u0137irts papildu finans\u0113jums lauku \u0123imenes \u0101rstiem, k\u0101 ar\u012b tiks izveidots Neatliekam\u0101s medic\u012bnisk\u0101s pal\u012bdz\u012bbas dienesta punkts Kr\u0101slavas novada Indr\u0101.<\/p>\n<p>Mieri\u0146a uzsver, ka, neraugoties uz sare\u017e\u0123\u012bto situ\u0101ciju, Za\u013co un Zemnieku savien\u012bba nelok\u0101mi iest\u0101jas par re\u0123ionu iedz\u012bvot\u0101ju interes\u0113m. T\u0101, piem\u0113ram, 2026. gad\u0101 netiks samazin\u0101ti pa\u0161vald\u012bbu bud\u017eeti, bet programm\u0101 &#8220;Programma skol\u0101&#8221; paredz\u0113tas pieejam\u012bbas skolas, kas veicin\u0101s re\u0123ionu saglab\u0101\u0161anu un att\u012bst\u012bbu, uzsver Mieri\u0146a.<\/p>\n<p>Jau zi\u0146ots, ka ceturtdienas vakar\u0101 Saeima p\u0113c divu dienu intens\u012bva darba gal\u012bgaj\u0101 las\u012bjum\u0101 pie\u0146\u0113ma n\u0101kam\u0101 gada valsts bud\u017eetu, kur\u0101 ie\u0146\u0113mumi pl\u0101noti 16,1 miljarda eiro, bet izdevumi &#8211; 17,9 miljardu eiro apm\u0113r\u0101, savuk\u0101rt bud\u017eeta defic\u012bts n\u0101kamgad pl\u0101nots 3,3% apm\u0113r\u0101 no iek\u0161zemes kopprodukta.<\/p>\n<p>Par bud\u017eetu nobalsoja 52 deput\u0101ti, bet pret bija 42 parlament\u0101rie\u0161i.<\/p>\n","protected":false},"excerpt":{"rendered":"K\u0101 a\u0123ent\u016brai LETA pav\u0113st\u012bja Mieri\u0146as padomniece sabiedrisko attiec\u012bbu jaut\u0101jumos Paula Salmi\u0146a, Saeimas priek\u0161s\u0113d\u0113t\u0101ja atzin\u012bgi v\u0113rt\u0113 bud\u017eeta izskat\u012b\u0161anas gaitu,&hellip;\n","protected":false},"author":2,"featured_media":54039,"comment_status":"","ping_status":"","sticky":false,"template":"","format":"standard","meta":{"footnotes":""},"categories":[5],"tags":[23,28,29,3524,32,33,22,30,31,35,39,38,36,37,34,40,20,26,27,24,25,331,21],"class_list":{"0":"post-66542","1":"post","2":"type-post","3":"status-publish","4":"format-standard","5":"has-post-thumbnail","7":"category-aktualitates","8":"tag-aktualitates","9":"tag-breaking-news","10":"tag-breakingnews","11":"tag-daiga-mierina","12":"tag-featured-news","13":"tag-featurednews","14":"tag-headlines","15":"tag-latest-news","16":"tag-latestnews","17":"tag-latvia","18":"tag-latvian","19":"tag-latviesu","20":"tag-latviesu-valoda","21":"tag-latviesuvaloda","22":"tag-latvija","23":"tag-lv","24":"tag-news","25":"tag-popularakas-zinas","26":"tag-popularakaszinas","27":"tag-top-stories","28":"tag-topstories","29":"tag-valsts-budzets","30":"tag-zinas"},"share_on_mastodon":{"url":"https:\/\/pubeurope.com\/@lv\/115667671899812379","error":""},"_links":{"self":[{"href":"https:\/\/www.europesays.com\/lv\/wp-json\/wp\/v2\/posts\/66542","targetHints":{"allow":["GET"]}}],"collection":[{"href":"https:\/\/www.europesays.com\/lv\/wp-json\/wp\/v2\/posts"}],"about":[{"href":"https:\/\/www.europesays.com\/lv\/wp-json\/wp\/v2\/types\/post"}],"author":[{"embeddable":true,"href":"https:\/\/www.europesays.com\/lv\/wp-json\/wp\/v2\/users\/2"}],"replies":[{"embeddable":true,"href":"https:\/\/www.europesays.com\/lv\/wp-json\/wp\/v2\/comments?post=66542"}],"version-history":[{"count":0,"href":"https:\/\/www.europesays.com\/lv\/wp-json\/wp\/v2\/posts\/66542\/revisions"}],"wp:featuredmedia":[{"embeddable":true,"href":"https:\/\/www.europesays.com\/lv\/wp-json\/wp\/v2\/media\/54039"}],"wp:attachment":[{"href":"https:\/\/www.europesays.com\/lv\/wp-json\/wp\/v2\/media?parent=66542"}],"wp:term":[{"taxonomy":"category","embeddable":true,"href":"https:\/\/www.europesays.com\/lv\/wp-json\/wp\/v2\/categories?post=66542"},{"taxonomy":"post_tag","embeddable":true,"href":"https:\/\/www.europesays.com\/lv\/wp-json\/wp\/v2\/tags?post=66542"}],"curies":[{"name":"wp","href":"https:\/\/api.w.org\/{rel}","templated":true}]}}