{"id":66550,"date":"2025-12-05T15:34:10","date_gmt":"2025-12-05T15:34:10","guid":{"rendered":"https:\/\/www.europesays.com\/lv\/66550\/"},"modified":"2025-12-05T15:34:10","modified_gmt":"2025-12-05T15:34:10","slug":"latvijas-biatlonisti-tostarp-rastorgujevs-stasies-uz-starta-pasaules-kausa-posma-zviedrija-lente-lv","status":"publish","type":"post","link":"https:\/\/www.europesays.com\/lv\/66550\/","title":{"rendered":"Latvijas biatlonisti, tostarp Rastorgujevs, st\u0101sies uz starta Pasaules kausa posm\u0101 Zviedrij\u0101\u00a0\u2014\u00a0Lente.lv"},"content":{"rendered":"<p>Rastorgujevs atgrie\u017eas uz starptautisk\u0101s skatuves Zviedrij\u0101<\/p>\n<p>Pasaules kausa sezonas pirmaj\u0101s v\u012bru individu\u0101laj\u0101s sacens\u012bb\u0101s, kas \u0161odien norisin\u0101sies Zviedrijas tras\u0113 Este\u0161und\u0101, uz starta 20 kilometru klasiskaj\u0101 distanc\u0113 dosies ar\u012b tr\u012bs Latvijas biatlonisti. \u0160is notikums ir \u012bpa\u0161i noz\u012bm\u012bgs Andrejam Rastorgujevam, kur\u0161 pirmo reizi kop\u0161 incidenta ar biju\u0161o izlases treneri Ilm\u0101ru Brici atgriez\u012bsies starptautisk\u0101s sacens\u012bbas. \u0160is ir emocion\u0101ls br\u012bdis sportistam un, bez \u0161aub\u0101m, ar\u012b visai vi\u0146a atbalst\u012bt\u0101ju grupai Latvij\u0101.<\/p>\n<p>Latvijas biatlonistu sast\u0101vs un cer\u012bbas<\/p>\n<p>Bez Andreja Rastorgujeva, kur\u0161 ir Latvijas biatlona flagmanis un daudzu uzvaru autors, \u0161aj\u0101 20 kilometru distanc\u0113 start\u0113s v\u0113l divi Latvijas sportisti. Lai gan vi\u0146u v\u0101rdi pagaid\u0101m nav izskan\u0113ju\u0161i tik pla\u0161i k\u0101 Rastorgujevam, katra dal\u012bba Pasaules kausa posm\u0101 ir v\u0113rt\u012bga pieredze jaunajiem talantiem. Vi\u0146iem \u0161\u012b ir lieliska iesp\u0113ja sevi apliecin\u0101t un ieg\u016bt neatsveramu pieredzi c\u012b\u0146\u0101 ar pasaules elites sportistiem. M\u016bsu sportistu pan\u0101kumi \u0161aj\u0101 distanc\u0113 ir r\u016bp\u012bgi gaid\u012bti, un cer\u012bbas tiek liktas gan uz Rastorgujeva pieredzi un meistar\u012bbu, gan uz p\u0101r\u0113jo dal\u012bbnieku sp\u0113ju par\u0101d\u012bt savu lab\u0101ko sniegumu.<\/p>\n<p>Kas ir 20 kilometru distance biatlon\u0101?<\/p>\n<p>20 kilometru distance biatlon\u0101 ir viena no klasiskaj\u0101m un ar\u012b vien\u0101m no presti\u017e\u0101kaj\u0101m v\u012bru individu\u0101laj\u0101m sacens\u012bb\u0101m. T\u0101 sast\u0101v no pieciem ap\u013ciem, katr\u0101 no kuriem sportistam j\u0101no\u0161auj pa vienam m\u0113r\u0137im, p\u0101rmai\u0146us gu\u013cus un st\u0101vus poz\u012bcij\u0101s. Par katru nesa\u0161autu m\u0113r\u0137i sportistam tiek pieskait\u012bta viena min\u016bte soda laik\u0101. Tas noz\u012bm\u0113, ka \u0161\u012b distance prasa ne tikai fizisko iztur\u012bbu un \u0101trumu sl\u0113pojum\u0101, bet ar\u012b milz\u012bgu koncentr\u0113\u0161anos un precizit\u0101ti \u0161au\u0161an\u0101. \u0160\u012b discipline ir k\u0101 sp\u0113le ar sevi, kur\u0101 katrs k\u013c\u016bd\u012b\u0161an\u0101s br\u012bdis var maks\u0101t d\u0101rgi. K\u0101 saka biatlona eksperti, \u0161\u012b distance ir k\u0101 maratons ar \u0161autenes pal\u012bdz\u012bbu \u2013 nepiecie\u0161ams gan sp\u0113ks, gan pr\u0101ts.<\/p>\n<p>Andreja Rastorgujeva izaicin\u0101jumi<\/p>\n<p>Andreja Rastorgujeva atgrie\u0161an\u0101s starptautiskaj\u0101 aprit\u0113 p\u0113c ilg\u0101ka p\u0101rtraukuma un sare\u017e\u0123\u012bt\u0101s situat\u012bcijas ar biju\u0161o treneri ir apliecin\u0101jums vi\u0146a sp\u0113c\u012bgajam raksturam un nelok\u0101majai v\u0113lmei sportot. \u0160is starts Zviedrij\u0101 ir ne tikai p\u0101rbaud\u012bjums vi\u0146a sportiskaj\u0101m sp\u0113j\u0101m, bet ar\u012b emocion\u0101ls un psiholo\u0123isks izaicin\u0101jums. M\u0113s visi ceram, ka vi\u0146\u0161 sp\u0113s atbr\u012bvoties no pag\u0101tnes \u0113nas un piln\u012bb\u0101 koncentr\u0113ties uz sniegumu tras\u0113. Vi\u0146a talants ir neapstr\u012bdams, un ir cer\u012bba, ka vi\u0146\u0161 atrad\u012bs savu lab\u0101ko formu un sp\u0113s priec\u0113t l\u012bdzjut\u0113jus ar spo\u017eiem rezult\u0101tiem. \u0160\u012b atgrie\u0161an\u0101s ir k\u0101 jauna lappuse vi\u0146a karjer\u0101, un m\u0113s visi ar nepaciet\u012bbu gaid\u0101m, ko t\u0101 atnes\u012bs.<\/p>\n<p>Tie\u0161raide un l\u012bdzjut\u0113ju atbalsts<\/p>\n<p>Sacens\u012bbu tie\u0161raide no pulksten 16:30 b\u016bs v\u0113rojama LTV7 kan\u0101l\u0101, dodot iesp\u0113ju visiem Latvijas iedz\u012bvot\u0101jiem kl\u0101tien\u0113 sekot l\u012bdzi savu sportistu sniegumam. \u0160\u0101dos br\u012b\u017eos l\u012bdzjut\u0113ju atbalsts ir \u012bpa\u0161i svar\u012bgs, un m\u0113s aicin\u0101m visus, kas var, noska\u0146oties uz LTV7 un kop\u0101 just l\u012bdzi m\u016bsu biatlonistiem. J\u016bsu atbalsts tras\u0113 ir k\u0101 papildus ener\u0123ijas devu, kas pal\u012bdz p\u0101rvar\u0113t gr\u016bt\u012bbas un sasniegt virsotnes. Katrs j\u016bsu uzmundrin\u0101jums var b\u016bt tas mazais dzin\u0113jsp\u0113ks, kas pal\u012bdz sportistam sasniegt savu lab\u0101ko sniegumu.<\/p>\n","protected":false},"excerpt":{"rendered":"Rastorgujevs atgrie\u017eas uz starptautisk\u0101s skatuves Zviedrij\u0101 Pasaules kausa sezonas pirmaj\u0101s v\u012bru individu\u0101laj\u0101s sacens\u012bb\u0101s, kas \u0161odien norisin\u0101sies Zviedrijas tras\u0113&hellip;\n","protected":false},"author":2,"featured_media":66551,"comment_status":"","ping_status":"","sticky":false,"template":"","format":"standard","meta":{"footnotes":""},"categories":[5],"tags":[23,1498,1499,28,29,16582,32,33,22,30,31,35,39,38,36,37,34,40,20,2560,26,27,2318,24,25,21],"class_list":{"0":"post-66550","1":"post","2":"type-post","3":"status-publish","4":"format-standard","5":"has-post-thumbnail","7":"category-aktualitates","8":"tag-aktualitates","9":"tag-andrejs-rastorgujevs","10":"tag-biatlons","11":"tag-breaking-news","12":"tag-breakingnews","13":"tag-estesunda","14":"tag-featured-news","15":"tag-featurednews","16":"tag-headlines","17":"tag-latest-news","18":"tag-latestnews","19":"tag-latvia","20":"tag-latvian","21":"tag-latviesu","22":"tag-latviesu-valoda","23":"tag-latviesuvaloda","24":"tag-latvija","25":"tag-lv","26":"tag-news","27":"tag-pasaules-kauss","28":"tag-popularakas-zinas","29":"tag-popularakaszinas","30":"tag-sporta-zinas","31":"tag-top-stories","32":"tag-topstories","33":"tag-zinas"},"share_on_mastodon":{"url":"https:\/\/pubeurope.com\/@lv\/115667695249211773","error":""},"_links":{"self":[{"href":"https:\/\/www.europesays.com\/lv\/wp-json\/wp\/v2\/posts\/66550","targetHints":{"allow":["GET"]}}],"collection":[{"href":"https:\/\/www.europesays.com\/lv\/wp-json\/wp\/v2\/posts"}],"about":[{"href":"https:\/\/www.europesays.com\/lv\/wp-json\/wp\/v2\/types\/post"}],"author":[{"embeddable":true,"href":"https:\/\/www.europesays.com\/lv\/wp-json\/wp\/v2\/users\/2"}],"replies":[{"embeddable":true,"href":"https:\/\/www.europesays.com\/lv\/wp-json\/wp\/v2\/comments?post=66550"}],"version-history":[{"count":0,"href":"https:\/\/www.europesays.com\/lv\/wp-json\/wp\/v2\/posts\/66550\/revisions"}],"wp:featuredmedia":[{"embeddable":true,"href":"https:\/\/www.europesays.com\/lv\/wp-json\/wp\/v2\/media\/66551"}],"wp:attachment":[{"href":"https:\/\/www.europesays.com\/lv\/wp-json\/wp\/v2\/media?parent=66550"}],"wp:term":[{"taxonomy":"category","embeddable":true,"href":"https:\/\/www.europesays.com\/lv\/wp-json\/wp\/v2\/categories?post=66550"},{"taxonomy":"post_tag","embeddable":true,"href":"https:\/\/www.europesays.com\/lv\/wp-json\/wp\/v2\/tags?post=66550"}],"curies":[{"name":"wp","href":"https:\/\/api.w.org\/{rel}","templated":true}]}}