{"id":66570,"date":"2025-12-05T16:18:07","date_gmt":"2025-12-05T16:18:07","guid":{"rendered":"https:\/\/www.europesays.com\/lv\/66570\/"},"modified":"2025-12-05T16:18:07","modified_gmt":"2025-12-05T16:18:07","slug":"no-kalnu-sniega-putekliem-lidz-paraolimpiskajam-spelem-lente-lv","status":"publish","type":"post","link":"https:\/\/www.europesays.com\/lv\/66570\/","title":{"rendered":"No kalnu sniega putek\u013ciem l\u012bdz Paraolimpiskaj\u0101m sp\u0113l\u0113m\u00a0\u2014\u00a0Lente.lv"},"content":{"rendered":"<p>M\u0101rti\u0146a Oli\u0146a ce\u013c\u0161 uz sapni: No sniega putek\u013ciem l\u012bdz paraolimpiskaj\u0101m virsotn\u0113m<\/p>\n<p>Latvijas v\u0101rds skan\u0113s 2026. gada Mil\u0101nas\u2013Kort\u012bnas ziemas paraolimpiskaj\u0101s sp\u0113l\u0113s, pateicoties M\u0101rti\u0146a Oli\u0146a neatsveramajai drosmei un neatlaid\u012bbai. \u0160is kalnu parasl\u0113pot\u0101js nav tikai sportists; vi\u0146\u0161 ir iedvesmas avots, cilv\u0113ks, kur\u0161, st\u0101joties pret\u012b milzu slalomam, ce\u013c ne tikai savu karjeru, bet ar\u012b Latvijas godu pasaules m\u0113rog\u0101.<\/p>\n<p>P\u0113rn\u0101 sezona Oli\u0146am bija pagrieziena punkts. Sasniedzot v\u0113sturisku pan\u0101kumu un kvalific\u0113joties presti\u017eaj\u0101m sp\u0113l\u0113m, vi\u0146\u0161 pier\u0101d\u012bja, ka sap\u0146i, pat tie, kas \u0161\u0137ietami augst\u0101ki par pa\u0161\u0101m virsotn\u0113m, ir sasniedzami ar sp\u0113c\u012bgu gribu un bezkompromisu darbu. \u0160is sasniegums ir ne tikai person\u012bgs triumfs, bet ar\u012b apliecin\u0101jums tam, ka Latvij\u0101 ir talant\u012bgi un m\u0113r\u0137tiec\u012bgi sportisti, kuri sp\u0113j konkur\u0113t pasaules elites l\u012bmen\u012b.<\/p>\n<p>Stresa un lepnuma sinhronit\u0101te<\/p>\n<p>Atz\u012bstot, ka gaid\u0101m\u0101s augst\u0101k\u0101 l\u012bme\u0146a sacens\u012bbas It\u0101lij\u0101 rada zin\u0101mu stresu, Oli\u0146\u0161 pau\u017e ar\u012b dzi\u013cu lepnumu. Tas ir dabisks st\u0101voklis, kur\u0101 savijas atbild\u012bbas smagums ar gandar\u012bjumu par paveikto. Ta\u010du sird\u012b valda nelok\u0101ma v\u0113lme un ap\u0146\u0113m\u012bba pacelt Latvijas v\u0101rdu augst\u0101k\u0101 l\u012bmen\u012b. \u0160\u012b v\u0113lme ir vi\u0146a degviela, kas motiv\u0113 p\u0101rvar\u0113t \u0161aubas un koncentr\u0113ties uz uzdevumu \u2013 sniegt visu savu sniegumu tras\u0113.<\/p>\n<p>Oli\u0146a ce\u013c\u0161 nav bijis viegls. Kalnu sl\u0113po\u0161ana, \u012bpa\u0161i parasport\u0101, prasa ne tikai fizisku iztur\u012bbu, bet ar\u012b milz\u012bgu ment\u0101lo sp\u0113ku. Katrs nobrauciens ir c\u012b\u0146a ar sevi, ar laika apst\u0101k\u013ciem, ar trases sare\u017e\u0123\u012bt\u012bbu un, protams, ar pretiniekiem. Sniega putek\u013ci, kas da\u017ek\u0101rt aizsedz redzam\u012bbu, ir k\u0101 metafora izaicin\u0101jumiem, kas j\u0101p\u0101rvar ik uz so\u013ca.<\/p>\n<p>Drosmes un m\u0113r\u0137tiec\u012bbas st\u0101sts<\/p>\n<p>M\u0101rti\u0146\u0161 Oli\u0146\u0161 ir apliecin\u0101jums tam, ka fiziski ierobe\u017eojumi nav \u0161\u0137\u0113rslis ambicioziem m\u0113r\u0137iem. Vi\u0146a st\u0101sts ir par drosmi, kas nebaid\u0101s no sare\u017e\u0123\u012bt\u012bbas, un par m\u0113r\u0137tiec\u012bbu, kas nepiek\u0101pjas gr\u016bt\u012bb\u0101m. Kvalifik\u0101cija uz Paraolimpiskaj\u0101m sp\u0113l\u0113m ir nevis punkts, bet gan jauns s\u0101kums, solis pret\u012b v\u0113l liel\u0101kiem sasniegumiem.<\/p>\n<p>\u0160is pan\u0101kums ir svar\u012bgs ne tikai pa\u0161am sportistam, bet ar\u012b visai Latvijai. Tas ir apliecin\u0101jums tam, ka ar neatlaid\u012bbu un tic\u012bbu saviem sp\u0113kiem var sasniegt virsotnes. Oli\u0146a piem\u0113rs iedro\u0161ina citus, \u012bpa\u0161i jaunos sportistus, sekot saviem sap\u0146iem, neatkar\u012bgi no apst\u0101k\u013ciem. Vi\u0146\u0161 r\u0101da, ka sp\u0113ks nav tikai musku\u013cos, bet gan sird\u012b un pr\u0101t\u0101.<\/p>\n<p>N\u0101kotnes perspekt\u012bvas un cer\u012bbas<\/p>\n<p>Mil\u0101na un Kort\u012bna 2026. gad\u0101 k\u013c\u016bs par M\u0101rti\u0146a Oli\u0146a sap\u0146a spoguli. Tur vi\u0146\u0161 ne tikai sacent\u012bsies, bet ar\u012b c\u012bn\u012bsies par savas valsts godu. Katrs nobrauciens b\u016bs k\u0101 v\u0113st\u012bjums pasaulei par Latvijas sp\u0113ku un neatlaid\u012bbu. Lai gan ce\u013c\u0161 l\u012bdz sp\u0113l\u0113m ir bijis gar\u0161 un pilns p\u0101rbaud\u012bjumu, Oli\u0146a skats ir v\u0113rsts uz priek\u0161u, uz jauniem izaicin\u0101jumiem un pan\u0101kumiem.<\/p>\n<p>Latvijas l\u012bdzjut\u0113ji ar nepaciet\u012bbu gaid\u012bs \u0161o notikumu, lai kl\u0101tien\u0113 un att\u0101lin\u0101ti atbalst\u012btu savu varoni. M\u0101rti\u0146a Oli\u0146a drosm\u012bg\u0101 c\u012b\u0146a par savu paraolimpisko sapni ir st\u0101sts, kas iedvesmo un vieno, atg\u0101dinot mums visiem, ka liel\u0101kie sasniegumi bie\u017ei vien s\u0101kas ar vienu drosm\u012bgu soli pret\u012b nezin\u0101majam.<\/p>\n","protected":false},"excerpt":{"rendered":"M\u0101rti\u0146a Oli\u0146a ce\u013c\u0161 uz sapni: No sniega putek\u013ciem l\u012bdz paraolimpiskaj\u0101m virsotn\u0113m Latvijas v\u0101rds skan\u0113s 2026. gada Mil\u0101nas\u2013Kort\u012bnas ziemas&hellip;\n","protected":false},"author":2,"featured_media":66571,"comment_status":"","ping_status":"","sticky":false,"template":"","format":"standard","meta":{"footnotes":""},"categories":[17],"tags":[7613,35,39,38,36,37,34,1716,40,17174,10695,17175,67],"class_list":{"0":"post-66570","1":"post","2":"type-post","3":"status-publish","4":"format-standard","5":"has-post-thumbnail","7":"category-sports","8":"tag-kalnu-sleposana","9":"tag-latvia","10":"tag-latvian","11":"tag-latviesu","12":"tag-latviesu-valoda","13":"tag-latviesuvaloda","14":"tag-latvija","15":"tag-latvijas-sportisti","16":"tag-lv","17":"tag-martins-olins","18":"tag-milana-kortina-2026","19":"tag-paraolimpiskas-speles","20":"tag-sports"},"share_on_mastodon":{"url":"https:\/\/pubeurope.com\/@lv\/115667868287487642","error":""},"_links":{"self":[{"href":"https:\/\/www.europesays.com\/lv\/wp-json\/wp\/v2\/posts\/66570","targetHints":{"allow":["GET"]}}],"collection":[{"href":"https:\/\/www.europesays.com\/lv\/wp-json\/wp\/v2\/posts"}],"about":[{"href":"https:\/\/www.europesays.com\/lv\/wp-json\/wp\/v2\/types\/post"}],"author":[{"embeddable":true,"href":"https:\/\/www.europesays.com\/lv\/wp-json\/wp\/v2\/users\/2"}],"replies":[{"embeddable":true,"href":"https:\/\/www.europesays.com\/lv\/wp-json\/wp\/v2\/comments?post=66570"}],"version-history":[{"count":0,"href":"https:\/\/www.europesays.com\/lv\/wp-json\/wp\/v2\/posts\/66570\/revisions"}],"wp:featuredmedia":[{"embeddable":true,"href":"https:\/\/www.europesays.com\/lv\/wp-json\/wp\/v2\/media\/66571"}],"wp:attachment":[{"href":"https:\/\/www.europesays.com\/lv\/wp-json\/wp\/v2\/media?parent=66570"}],"wp:term":[{"taxonomy":"category","embeddable":true,"href":"https:\/\/www.europesays.com\/lv\/wp-json\/wp\/v2\/categories?post=66570"},{"taxonomy":"post_tag","embeddable":true,"href":"https:\/\/www.europesays.com\/lv\/wp-json\/wp\/v2\/tags?post=66570"}],"curies":[{"name":"wp","href":"https:\/\/api.w.org\/{rel}","templated":true}]}}