{"id":66578,"date":"2025-12-05T16:34:08","date_gmt":"2025-12-05T16:34:08","guid":{"rendered":"https:\/\/www.europesays.com\/lv\/66578\/"},"modified":"2025-12-05T16:34:08","modified_gmt":"2025-12-05T16:34:08","slug":"bendika-nodrosina-olimpiadi-volfai-vieta-iedzisana-ziemas-sports-sportacentrs-com","status":"publish","type":"post","link":"https:\/\/www.europesays.com\/lv\/66578\/","title":{"rendered":"Bendika nodro\u0161ina olimpi\u0101di, Volfai vieta iedz\u012b\u0161an\u0101 \u2013 Ziemas sports \u2013 Sportacentrs.com"},"content":{"rendered":"<p>Sezonas pirmaj\u0101s individu\u0101laj\u0101s sacens\u012bb\u0101s ar pirm\u0101 tr\u012bsdesmitnieka vietu iepriecin\u0101jus\u012b Estere Volfa ar\u012b sprinta sacens\u012bb\u0101s ar \u0161au\u0161anu nefors\u0113ja, cen\u0161oties pr\u0101t\u012bg\u0101 temp\u0101 aiztais\u012bt visus m\u0113r\u0137us. Gu\u013cus \u0161au\u0161an\u0101 viss padev\u0101s lieliski, bet st\u0101vus poz\u012bcij\u0101 pirmais \u0161\u0101viens piev\u012bla. C\u0113sniece sa\u0146\u0113m\u0101s un atliku\u0161os \u010detrus m\u0113r\u0137us aizv\u0113ra. At\u0161\u0137ir\u012bb\u0101 no otrdienas, \u0161oreiz virkne ar sportist\u0113m \u0161\u0101va bez k\u013c\u016bd\u0101m, t\u0101d\u0113\u013c viens liekais 150 metru aplis Volfai izmaks\u0101ja gana d\u0101rgi. Estere ar 44. vietu palika \u0101rpus punktiem, bet vismaz ieguva ties\u012bbas start\u0113t idz\u012b\u0161an\u0101.<\/p>\n<p>Klasik\u0101 neveiksm\u012bgi start\u0113jus\u012b Baiba Bendika savu pirmo ugunsl\u012bnijas apmekl\u0113jumu s\u0101ka ar \u010detriem prec\u012bziem \u0161\u0101vieniem un neveiksmi p\u0113d\u0113j\u0101 raid\u012bjum\u0101. St\u0101vus \u0161au\u0161an\u0101 Bendika aiztais\u012bja pirmos \u010detrus m\u0113r\u0137us un pirms nosl\u0113dzo\u0161\u0101 \u0161\u0101viena ietur\u0113ja lielmeistara pauzi un p\u0113d\u0113jo \u0161\u0101vienu raid\u012bja m\u0113r\u0137\u012b. Sacens\u012bbu beigu klasifik\u0101cij\u0101 Bendika ierindoj\u0101s 20. viet\u0101.<\/p>\n<p>Latvijas biatlona feder\u0101cijas <a href=\"https:\/\/sportacentrs.com\/ziemas_sports\/biatlons\/20112025-pk_kvotas_tris_os_kvotas_cetras_ka_sosezo\" target=\"_blank\" rel=\"nofollow noopener\">nospraustie normat\u012bvi<\/a> nosaka, ka ar vienu pasaules kausa vietu lab\u0101ko 20 pietiek, lai nodro\u0161in\u0101tu dal\u012bbu \u0161\u012bs sezonas olimpiskaj\u0101s sp\u0113l\u0113s It\u0101lij\u0101. Volfai tikm\u0113r vajadz\u012bga v\u0113l viena Top 30 vieta, lai no\u0146emtu jaut\u0101jumus sav\u0101 kontekst\u0101.<\/p>\n<p>P\u0113d\u0113jais starta numurs pieder\u0113ja Latvijas tre\u0161ajai p\u0101rst\u0101vei Elzai Bleidelei. Jaun\u0101 c\u0113sniece divas k\u013c\u016bdas pie\u013c\u0101va gu\u013cus \u0161au\u0161an\u0101, bet st\u0101vus poz\u012bcij\u0101 tika gal\u0101 ar visiem pieciem m\u0113r\u0137iem. Izn\u0101kum\u0101 79. vieta, paliekot visai t\u0101lu no iedz\u012b\u0161anas. Sv\u0113tdien sacens\u012bb\u0101s var\u0113s start\u0113t Bendika un Volfa.<\/p>\n<p>Pasaules kausa sezonas ievads individu\u0101li izcils padevies Somijas d\u0101m\u0101m. Klasik\u0101 otro vietu izc\u012bn\u012bjus\u012b Sonja Leinamo \u0161odien uz starta neizg\u0101ja, bet savas valsts karogu lepni var\u0113ja v\u0113z\u0113t Suvi Minkinena. 30 gadus vec\u0101 sportiste, kura pag\u0101ju\u0161aj\u0101 sezon\u0101 pirmo reizi k\u0101pa uz goda pjedest\u0101la, izc\u012bnot vair\u0101kas bronzas, \u0161oreiz Este\u0161und\u0101 bija nep\u0101rsp\u0113jama. Somiete aiztais\u012bja visus desmit m\u0113r\u0137us un ar gana v\u0113r\u0101 \u0146emamu p\u0101rsvaru apsp\u0113l\u0113ja tuv\u0101k\u0101s konkurentes, izc\u012bnot karjeras pirmo individu\u0101lo triumfu. Minkinena k\u013cuvusi par otro somieti biatlona v\u0113stur\u0113, kura ieguvusi pasaules kausa kopv\u0113r\u0113juma l\u012bderes dzelteno krekli\u0146u. Iepriek\u0161 \u0161\u0101ds status bijis tikai Kaisai Mekereinenai.<\/p>\n<p>Otro vietu ieguva m\u0101jiniece Anna Magnusone, piek\u0101pjoties kaimi\u0146ienei nepilnas 17 sekundes. Savuk\u0101rt bronzas godalga dev\u0101s pie franc\u016bzietes Oseanas Mi\u0161elonas. Visaugst\u0101k\u0101 vieta ar vienu pie\u013cautu k\u013c\u016bdu bija Elv\u012brai \u0112berjai, kura ie\u0146\u0113ma piekto vietu. Savuk\u0101rt ar div\u0101m k\u013c\u016bd\u0101m nebija iesp\u0113jams tikt augst\u0101k par 15. vietu, ko sasniedza L\u012bsa Vitoci.<\/p>\n<blockquote class=\"twitter-tweet\">\n<p lang=\"en\" dir=\"ltr\">Suvi Minkkinen is on fire! \ud83d\udd25 The Finn heads into her final lap with a solid 14-second lead over Anna Magnusson. Could this be her first career World Cup win?<\/p>\n<p>Tune in for the final minutes of the race on <a href=\"https:\/\/t.co\/p8ATzITmbR\" rel=\"nofollow\">https:\/\/t.co\/p8ATzITmbR<\/a> and <a href=\"https:\/\/t.co\/8WieDPZaQf\" rel=\"nofollow\">https:\/\/t.co\/8WieDPZaQf<\/a> <a href=\"https:\/\/t.co\/yrvFBQ1Doi\" rel=\"nofollow\">pic.twitter.com\/yrvFBQ1Doi<\/a><\/p>\n<p>\u2014 International Biathlon Union (@biathlonworld) <a href=\"https:\/\/twitter.com\/biathlonworld\/status\/1996970756391985376?ref_src=twsrc%5Etfw\" rel=\"nofollow noopener\" target=\"_blank\">December 5, 2025<\/a><\/p><\/blockquote>\n<p> PK pirmais posms, 7,5 kilometru sprints sieviet\u0113m, Este\u0161unda<\/p>\n<tr>VSportisteValstsK\u013c\u016bdasLaiks<\/tr>\n<tr class=\"even\">\n<td>1.<\/td>\n<td>Suvi Minkinena<\/td>\n<td>Somija<\/td>\n<td>0+0 [0]<\/td>\n<td class=\"ralign\">20:11.9<\/td>\n<\/tr>\n<tr class=\"odd\">\n<td>2.<\/td>\n<td>Anna Magnusone<\/td>\n<td>Zviedrija<\/td>\n<td>0+0 [0]<\/td>\n<td class=\"ralign\">+16.6<\/td>\n<\/tr>\n<tr class=\"even\">\n<td>3.<\/td>\n<td>Oseana Mi\u0161elona<\/td>\n<td>Francija<\/td>\n<td>0+0 [0]<\/td>\n<td class=\"ralign\">+20.8<\/td>\n<\/tr>\n<tr class=\"odd\">\n<td>4.<\/td>\n<td>L\u012bza Hauzere<\/td>\n<td>Austrija<\/td>\n<td>0+0 [0]<\/td>\n<td class=\"ralign\">+29.5<\/td>\n<\/tr>\n<tr class=\"even\">\n<td>5.<\/td>\n<td>Elv\u012bra \u0112berja<\/td>\n<td>Zviedrija<\/td>\n<td>1+0 [1]<\/td>\n<td class=\"ralign\">+44.5<\/td>\n<\/tr>\n<tr class=\"odd\">\n<td>6.<\/td>\n<td>Joanna Jakiela<\/td>\n<td>Polija<\/td>\n<td>0+0 [0]<\/td>\n<td class=\"ralign\">+47.1<\/td>\n<\/tr>\n<tr class=\"even\">\n<td>7.<\/td>\n<td>M\u0101rena Kirkeide<\/td>\n<td>Norv\u0113\u0123ija<\/td>\n<td>1+0 [1]<\/td>\n<td class=\"ralign\">+49.5<\/td>\n<\/tr>\n<tr class=\"odd\">\n<td>8.<\/td>\n<td>Julija Tanheimere<\/td>\n<td>V\u0101cija<\/td>\n<td>1+0 [0]<\/td>\n<td class=\"ralign\">+50.8<\/td>\n<\/tr>\n<tr class=\"even\">\n<td>9.<\/td>\n<td>Ella Halvarsone<\/td>\n<td>Zviedrija<\/td>\n<td>0+0 [0]<\/td>\n<td class=\"ralign\">+53.2<\/td>\n<\/tr>\n<tr class=\"odd\">\n<td>10.<\/td>\n<td>Lota L\u012b<\/td>\n<td>Be\u013c\u0123ija<\/td>\n<td>0+0 [0]<\/td>\n<td class=\"ralign\">+53.4<\/td>\n<\/tr>\n<tr class=\"even\">\n<td\/>\n<td\/>\n<td\/>\n<td\/>\n<td class=\"ralign\"\/><\/tr>\n<tr class=\"odd\">\n<td\/>\n<td\/>\n<td\/>\n<td\/>\n<td class=\"ralign\"\/><\/tr>\n<tr class=\"even\">\n<td>20.<\/td>\n<td>Baiba Bendika<\/td>\n<td>Latvija<\/td>\n<td>1+0 [1]<\/td>\n<td class=\"ralign\">+1:13.1<\/td>\n<\/tr>\n<tr class=\"odd\">\n<td>44.<\/td>\n<td>Estere Volfa<\/td>\n<td>Latvija<\/td>\n<td>0+1 [1]<\/td>\n<td class=\"ralign\">+1:49.2<\/td>\n<\/tr>\n<tr class=\"even\">\n<td>79.<\/td>\n<td>Elza Bleidele<\/td>\n<td>Latvija<\/td>\n<td>2+0 [2]<\/td>\n<td class=\"ralign\">+2:49.1<\/td>\n<\/tr>\n<p>Pasaules kausa pirmais posms biatlon\u0101 Este\u0161und\u0101<\/p>\n<tr>DatumsLaiksDiscipl\u012bna<\/tr>\n<tr class=\"even\">\n<td>29.11.<\/td>\n<td class=\"ralign\">14.15<\/td>\n<td>4&#215;6 km stafete sieviet\u0113m<\/td>\n<\/tr>\n<tr class=\"odd\">\n<td\/>\n<td class=\"ralign\">17.55<\/td>\n<td>4&#215;7.5 km stafete v\u012brie\u0161iem<\/td>\n<\/tr>\n<tr class=\"even\">\n<td>30.11.<\/td>\n<td class=\"ralign\">15.00<\/td>\n<td>Jaukt\u0101 p\u0101ru stafete<\/td>\n<\/tr>\n<tr class=\"odd\">\n<td\/>\n<td class=\"ralign\">17.40<\/td>\n<td>Jaukt\u0101 stafete<\/td>\n<\/tr>\n<tr class=\"even\">\n<td>02.12.<\/td>\n<td class=\"ralign\">16.30<\/td>\n<td>15 km klasika sieviet\u0113m<\/td>\n<\/tr>\n<tr class=\"odd\">\n<td>03.12.<\/td>\n<td class=\"ralign\">16.30<\/td>\n<td>20 km klasika v\u012brie\u0161iem<\/td>\n<\/tr>\n<tr class=\"even\">\n<td>05.12.<\/td>\n<td class=\"ralign\">17.00<\/td>\n<td>7.5 km sprints sieviet\u0113m<\/td>\n<\/tr>\n<tr class=\"odd\">\n<td>06.12.<\/td>\n<td class=\"ralign\">17.30<\/td>\n<td>10 km sprints v\u012brie\u0161iem<\/td>\n<\/tr>\n<tr class=\"even\">\n<td>07.12.<\/td>\n<td class=\"ralign\">14.15<\/td>\n<td>10 km iedz\u012b\u0161ana sieviet\u0113m<\/td>\n<\/tr>\n<tr class=\"odd\">\n<td\/>\n<td class=\"ralign\">16.20<\/td>\n<td>12.5 km iedz\u012b\u0161ana v\u012brie\u0161iem<\/td>\n<\/tr>\n<p>                    <script async src=\"https:\/\/platform.twitter.com\/widgets.js\" charset=\"utf-8\"><\/script><\/p>\n","protected":false},"excerpt":{"rendered":"Sezonas pirmaj\u0101s individu\u0101laj\u0101s sacens\u012bb\u0101s ar pirm\u0101 tr\u012bsdesmitnieka vietu iepriecin\u0101jus\u012b Estere Volfa ar\u012b sprinta sacens\u012bb\u0101s ar \u0161au\u0161anu nefors\u0113ja, cen\u0161oties&hellip;\n","protected":false},"author":2,"featured_media":66579,"comment_status":"","ping_status":"","sticky":false,"template":"","format":"standard","meta":{"footnotes":""},"categories":[5],"tags":[23,28,29,32,33,22,30,31,35,39,38,36,37,34,40,20,26,27,24,25,620,21],"class_list":{"0":"post-66578","1":"post","2":"type-post","3":"status-publish","4":"format-standard","5":"has-post-thumbnail","7":"category-aktualitates","8":"tag-aktualitates","9":"tag-breaking-news","10":"tag-breakingnews","11":"tag-featured-news","12":"tag-featurednews","13":"tag-headlines","14":"tag-latest-news","15":"tag-latestnews","16":"tag-latvia","17":"tag-latvian","18":"tag-latviesu","19":"tag-latviesu-valoda","20":"tag-latviesuvaloda","21":"tag-latvija","22":"tag-lv","23":"tag-news","24":"tag-popularakas-zinas","25":"tag-popularakaszinas","26":"tag-top-stories","27":"tag-topstories","28":"tag-ziemas-sports","29":"tag-zinas"},"share_on_mastodon":{"url":"https:\/\/pubeurope.com\/@lv\/115667931193918048","error":""},"_links":{"self":[{"href":"https:\/\/www.europesays.com\/lv\/wp-json\/wp\/v2\/posts\/66578","targetHints":{"allow":["GET"]}}],"collection":[{"href":"https:\/\/www.europesays.com\/lv\/wp-json\/wp\/v2\/posts"}],"about":[{"href":"https:\/\/www.europesays.com\/lv\/wp-json\/wp\/v2\/types\/post"}],"author":[{"embeddable":true,"href":"https:\/\/www.europesays.com\/lv\/wp-json\/wp\/v2\/users\/2"}],"replies":[{"embeddable":true,"href":"https:\/\/www.europesays.com\/lv\/wp-json\/wp\/v2\/comments?post=66578"}],"version-history":[{"count":0,"href":"https:\/\/www.europesays.com\/lv\/wp-json\/wp\/v2\/posts\/66578\/revisions"}],"wp:featuredmedia":[{"embeddable":true,"href":"https:\/\/www.europesays.com\/lv\/wp-json\/wp\/v2\/media\/66579"}],"wp:attachment":[{"href":"https:\/\/www.europesays.com\/lv\/wp-json\/wp\/v2\/media?parent=66578"}],"wp:term":[{"taxonomy":"category","embeddable":true,"href":"https:\/\/www.europesays.com\/lv\/wp-json\/wp\/v2\/categories?post=66578"},{"taxonomy":"post_tag","embeddable":true,"href":"https:\/\/www.europesays.com\/lv\/wp-json\/wp\/v2\/tags?post=66578"}],"curies":[{"name":"wp","href":"https:\/\/api.w.org\/{rel}","templated":true}]}}