{"id":66587,"date":"2025-12-05T16:42:08","date_gmt":"2025-12-05T16:42:08","guid":{"rendered":"https:\/\/www.europesays.com\/lv\/66587\/"},"modified":"2025-12-05T16:42:08","modified_gmt":"2025-12-05T16:42:08","slug":"latvijas-komanda-iegust-treso-vietu-pasaules-kausa-kamaninu-sporta-posma","status":"publish","type":"post","link":"https:\/\/www.europesays.com\/lv\/66587\/","title":{"rendered":"Latvijas komanda ieg\u016bst tre\u0161o vietu Pasaules kausa kamani\u0146u sport\u0101 posm\u0101"},"content":{"rendered":"<p>Par uzvar\u0113t\u0101jiem k\u013cuva v\u0101cie\u0161i Tobiass Wendls\/Tobiass Arlts un Jesika D\u0113genhardta\/\u0160aijena Rozent\u0101la, kuri tras\u0113 pavad\u012bja mmin\u016bti un 34,470 sekundes.<\/p>\n<p>Vi\u0146i par 0,071 sekundi apsteidza Austrijas otro komandu ar ekip\u0101\u017e\u0101m Tomass \u0160teijs\/Volfgangs Kindls un Sel\u012bna Egle\/Lara Kipa sast\u0101v\u0101, bet tre\u0161o vietu ie\u0146\u0113ma M\u0101rti\u0146\u0161 Bots\/Roberts Pl\u016bme un Anda Up\u012bte\/Madara Pavlova, kuri trasi veica vien\u0101 min\u016bt\u0113 un 35,078 sekund\u0113s.<\/p>\n<p>Eduards \u0160evics-Mikel\u0161evics\/L\u016bkass Krasts un Marta Robe\u017eniece\/Kitija Bogdanova trasi veica 36,071 sekund\u0113, uzvar\u0113t\u0101jiem zaud\u0113jot 1,601 sekundi un ie\u0146emot sept\u012bto vietu 11 komandu vid\u016b. Robe\u017eniece\/Bogdanova k\u013c\u016bd\u012bj\u0101s trases lejasda\u013c\u0101 sasl\u012bdot, ta\u010du iztiekot bez kritiena.<\/p>\n<p>Trases lejasda\u013c\u0101 kritienu piedz\u012bvoja un nefini\u0161\u0113ja k\u0101 p\u0113d\u0113jie brauco\u0161ie galvenie favor\u012bti v\u0101cie\u0161i Toni Egerts un Flori\u0101ns Millers.<\/p>\n<p>Plkst.18.30 notiks jaukto p\u0101ru sacens\u012bbas vieniniekiem. Pasaules kausa sacens\u012bbas kamani\u0146u sport\u0101 tie\u0161raid\u0113 transl\u0113 telev\u012bzijas kan\u0101ls TV6.<\/p>\n","protected":false},"excerpt":{"rendered":"Par uzvar\u0113t\u0101jiem k\u013cuva v\u0101cie\u0161i Tobiass Wendls\/Tobiass Arlts un Jesika D\u0113genhardta\/\u0160aijena Rozent\u0101la, kuri tras\u0113 pavad\u012bja mmin\u016bti un 34,470 sekundes.&hellip;\n","protected":false},"author":2,"featured_media":66588,"comment_status":"","ping_status":"","sticky":false,"template":"","format":"standard","meta":{"footnotes":""},"categories":[17],"tags":[9921,35,39,38,36,37,34,40,2560,67],"class_list":{"0":"post-66587","1":"post","2":"type-post","3":"status-publish","4":"format-standard","5":"has-post-thumbnail","7":"category-sports","8":"tag-kamaninas","9":"tag-latvia","10":"tag-latvian","11":"tag-latviesu","12":"tag-latviesu-valoda","13":"tag-latviesuvaloda","14":"tag-latvija","15":"tag-lv","16":"tag-pasaules-kauss","17":"tag-sports"},"share_on_mastodon":{"url":"https:\/\/pubeurope.com\/@lv\/115667962597537340","error":""},"_links":{"self":[{"href":"https:\/\/www.europesays.com\/lv\/wp-json\/wp\/v2\/posts\/66587","targetHints":{"allow":["GET"]}}],"collection":[{"href":"https:\/\/www.europesays.com\/lv\/wp-json\/wp\/v2\/posts"}],"about":[{"href":"https:\/\/www.europesays.com\/lv\/wp-json\/wp\/v2\/types\/post"}],"author":[{"embeddable":true,"href":"https:\/\/www.europesays.com\/lv\/wp-json\/wp\/v2\/users\/2"}],"replies":[{"embeddable":true,"href":"https:\/\/www.europesays.com\/lv\/wp-json\/wp\/v2\/comments?post=66587"}],"version-history":[{"count":0,"href":"https:\/\/www.europesays.com\/lv\/wp-json\/wp\/v2\/posts\/66587\/revisions"}],"wp:featuredmedia":[{"embeddable":true,"href":"https:\/\/www.europesays.com\/lv\/wp-json\/wp\/v2\/media\/66588"}],"wp:attachment":[{"href":"https:\/\/www.europesays.com\/lv\/wp-json\/wp\/v2\/media?parent=66587"}],"wp:term":[{"taxonomy":"category","embeddable":true,"href":"https:\/\/www.europesays.com\/lv\/wp-json\/wp\/v2\/categories?post=66587"},{"taxonomy":"post_tag","embeddable":true,"href":"https:\/\/www.europesays.com\/lv\/wp-json\/wp\/v2\/tags?post=66587"}],"curies":[{"name":"wp","href":"https:\/\/api.w.org\/{rel}","templated":true}]}}