{"id":66593,"date":"2025-12-05T16:50:08","date_gmt":"2025-12-05T16:50:08","guid":{"rendered":"https:\/\/www.europesays.com\/lv\/66593\/"},"modified":"2025-12-05T16:50:08","modified_gmt":"2025-12-05T16:50:08","slug":"vacija-ieviesis-brivpratigo-militaro-dienestu-raksts","status":"publish","type":"post","link":"https:\/\/www.europesays.com\/lv\/66593\/","title":{"rendered":"V\u0101cij\u0101 ievies\u012bs br\u012bvpr\u0101t\u012bgo milit\u0101ro dienestu \/ Raksts"},"content":{"rendered":"<p>V\u0101cijas parlaments Bundest\u0101gs nol\u0113mis atjaunot br\u012bvpr\u0101t\u012bgo milit\u0101ro dienestu, jo, pieaugot draudiem no Krievijas, ir j\u0101stiprina valsts dro\u0161\u012bba.<\/p>\n<p>Dienesta atjauno\u0161ana vie\u0161 b\u016btiskas izmai\u0146as V\u0101cijas l\u012bdz\u0161in\u0113j\u0101 milit\u0101raj\u0101 strat\u0113\u0123ij\u0101 un ir solis pret\u012b tam, lai V\u0101cij\u0101 b\u016btu sp\u0113c\u012bg\u0101kais sauszemes karasp\u0113ks Eirop\u0101.<\/p>\n<blockquote>\n<p>Pie\u0146emtais likums paredz, ka visi 18 gadu vecie jaunie\u0161i sa\u0146ems anketu ar jaut\u0101jumiem par vi\u0146u v\u0113lmi iesaist\u012bties milit\u0101raj\u0101 dienest\u0101. V\u012brie\u0161iem t\u0101 b\u016bs j\u0101aizpilda oblig\u0101ti, sieviet\u0113m &#8211; br\u012bvpr\u0101t\u012bgi.<\/p>\n<\/blockquote>\n<p>&#8220;Milit\u0101rais dienests ir br\u012bvpr\u0101t\u012bgs, un t\u0101ds tas ar\u012b paliks, ja viss norit\u0113s tik labi k\u0101 ceram. Ta\u010du ja dro\u0161\u012bbas situ\u0101cija pasliktin\u0101sies un draudu l\u012bmenis palielin\u0101sies, mums neb\u016bs citas izv\u0113les k\u0101 ieviest da\u013c\u0113ju oblig\u0101to milit\u0101ro dienestu, lai aizsarg\u0101tu \u0161o valsti. Un tas attiecas ar\u012b\u00a0uz jums, d\u0101mas un kungi,&#8221; teica\u00a0V\u0101cijas aizsardz\u012bbas ministrs Boriss Pistoriuss.<\/p>\n<p>Bundest\u0101ga l\u0113mums rais\u012bjis sa\u0161utumu daudzos jaunie\u0161os, kuri to sauc par jaunas kara paaudzes audzin\u0101\u0161anu. Aptaujas liecina, ka liel\u0101k\u0101 da\u013ca iebilst vai ir skeptiski noska\u0146oti pret br\u012bvpr\u0101t\u012bgu milit\u0101ro dienestu. Jau piektdien ir pl\u0101noti protesti vair\u0101k nek\u0101 90 V\u0101cijas pils\u0113t\u0101s.<\/p>\n<p>                    Valodas k\u013c\u016bda rakst\u0101?<\/p>\n<p class=\"d-none d-md-block\">Iez\u012bm\u0113jiet tekstu un spiediet Ctrl+Enter, lai nos\u016bt\u012btu labojamo teksta fragmentu redaktoram! Par faktu k\u013c\u016bd\u0101m l\u016bdzam zi\u0146ot e-past\u0101 <a href=\"https:\/\/www.lsm.lv\/cdn-cgi\/l\/email-protection\" class=\"__cf_email__\" data-cfemail=\"5a283f3e3b313933303b1a36293774362c\" rel=\"nofollow noopener\" target=\"_blank\">[email\u00a0protected]<\/a>.<\/p>\n<p class=\"d-md-none\">Iez\u012bm\u0113jiet tekstu un spiediet uz Zi\u0146ot par k\u013c\u016bdu pogas, lai nos\u016bt\u012btu labojamo teksta fragmentu redaktoram!<\/p>\n<p>\n                    Zi\u0146ot par k\u013c\u016bdu\n                <\/p>\n","protected":false},"excerpt":{"rendered":"V\u0101cijas parlaments Bundest\u0101gs nol\u0113mis atjaunot br\u012bvpr\u0101t\u012bgo milit\u0101ro dienestu, jo, pieaugot draudiem no Krievijas, ir j\u0101stiprina valsts dro\u0161\u012bba. Dienesta&hellip;\n","protected":false},"author":2,"featured_media":66594,"comment_status":"","ping_status":"","sticky":false,"template":"","format":"standard","meta":{"footnotes":""},"categories":[14],"tags":[23,57,28,29,32,33,22,30,31,35,39,38,36,37,34,40,20,26,27,24,25,54,55,56,21,58],"class_list":{"0":"post-66593","1":"post","2":"type-post","3":"status-publish","4":"format-standard","5":"has-post-thumbnail","7":"category-zinas-no-arvalstim","8":"tag-aktualitates","9":"tag-arvalstim","10":"tag-breaking-news","11":"tag-breakingnews","12":"tag-featured-news","13":"tag-featurednews","14":"tag-headlines","15":"tag-latest-news","16":"tag-latestnews","17":"tag-latvia","18":"tag-latvian","19":"tag-latviesu","20":"tag-latviesu-valoda","21":"tag-latviesuvaloda","22":"tag-latvija","23":"tag-lv","24":"tag-news","25":"tag-popularakas-zinas","26":"tag-popularakaszinas","27":"tag-top-stories","28":"tag-topstories","29":"tag-world","30":"tag-world-news","31":"tag-worldnews","32":"tag-zinas","33":"tag-zinas-no-arvalstim"},"share_on_mastodon":{"url":"https:\/\/pubeurope.com\/@lv\/115667994190730241","error":""},"_links":{"self":[{"href":"https:\/\/www.europesays.com\/lv\/wp-json\/wp\/v2\/posts\/66593","targetHints":{"allow":["GET"]}}],"collection":[{"href":"https:\/\/www.europesays.com\/lv\/wp-json\/wp\/v2\/posts"}],"about":[{"href":"https:\/\/www.europesays.com\/lv\/wp-json\/wp\/v2\/types\/post"}],"author":[{"embeddable":true,"href":"https:\/\/www.europesays.com\/lv\/wp-json\/wp\/v2\/users\/2"}],"replies":[{"embeddable":true,"href":"https:\/\/www.europesays.com\/lv\/wp-json\/wp\/v2\/comments?post=66593"}],"version-history":[{"count":0,"href":"https:\/\/www.europesays.com\/lv\/wp-json\/wp\/v2\/posts\/66593\/revisions"}],"wp:featuredmedia":[{"embeddable":true,"href":"https:\/\/www.europesays.com\/lv\/wp-json\/wp\/v2\/media\/66594"}],"wp:attachment":[{"href":"https:\/\/www.europesays.com\/lv\/wp-json\/wp\/v2\/media?parent=66593"}],"wp:term":[{"taxonomy":"category","embeddable":true,"href":"https:\/\/www.europesays.com\/lv\/wp-json\/wp\/v2\/categories?post=66593"},{"taxonomy":"post_tag","embeddable":true,"href":"https:\/\/www.europesays.com\/lv\/wp-json\/wp\/v2\/tags?post=66593"}],"curies":[{"name":"wp","href":"https:\/\/api.w.org\/{rel}","templated":true}]}}