{"id":66601,"date":"2025-12-05T17:02:10","date_gmt":"2025-12-05T17:02:10","guid":{"rendered":"https:\/\/www.europesays.com\/lv\/66601\/"},"modified":"2025-12-05T17:02:10","modified_gmt":"2025-12-05T17:02:10","slug":"krievi-ir-mainijusi-taktiku-atklajas-jaunas-detalas-par-kritiski-svarigam-cinam-pokrovskas-apgabala","status":"publish","type":"post","link":"https:\/\/www.europesays.com\/lv\/66601\/","title":{"rendered":"\u201cKrievi ir main\u012bju\u0161i taktiku\u2026\u201d Atkl\u0101jas jaunas deta\u013cas par kritiski svar\u012bg\u0101m c\u012b\u0146\u0101m Pokrovskas apgabal\u0101"},"content":{"rendered":"<p>    <img decoding=\"async\" src=\"https:\/\/www.europesays.com\/lv\/wp-content\/uploads\/2025\/12\/12564072-1024x627.jpg\" alt=\"&#10;Pokrovska, Ukraina&#10;\"\/><\/p>\n<p>Pokrovska, Ukraina<\/p>\n<p>Foto. Scanpix\/LETA\n<\/p>\n<p>Net\u0101lu no Pokrovskas Do\u0146eckas apgabal\u0101 Krievijas okup\u0101cijas armijas vad\u012bba ir koncentr\u0113jusi aptuveni 150 000 karav\u012bru lielu grup\u0113jumu, inform\u0113 <a href=\"https:\/\/www.dialog.ua\/war\/324992_1764938019\" rel=\"noopener nofollow\" target=\"_blank\">\u0101rzemju medijs<\/a>.<\/p>\n<p>        Las\u012bt\u0101kie<br \/>\n        <a data-imagesrc=\"{&quot;300&quot;:&quot;https:\\\/\\\/lastatic.ams3.cdn.digitaloceanspaces.com\\\/2025\\\/12\\\/Untitled-1500-x-1000-px-2025-12-05T094825.508-300x200.jpg&quot;,&quot;1024&quot;:&quot;https:\\\/\\\/lastatic.ams3.cdn.digitaloceanspaces.com\\\/2025\\\/12\\\/Untitled-1500-x-1000-px-2025-12-05T094825.508-1024x683.jpg&quot;,&quot;500&quot;:&quot;https:\\\/\\\/lastatic.ams3.cdn.digitaloceanspaces.com\\\/2025\\\/12\\\/Untitled-1500-x-1000-px-2025-12-05T094825.508-500x333.jpg&quot;,&quot;800&quot;:&quot;https:\\\/\\\/lastatic.ams3.cdn.digitaloceanspaces.com\\\/2025\\\/12\\\/Untitled-1500-x-1000-px-2025-12-05T094825.508-800x533.jpg&quot;,&quot;1500&quot;:&quot;https:\\\/\\\/lastatic.ams3.cdn.digitaloceanspaces.com\\\/2025\\\/12\\\/Untitled-1500-x-1000-px-2025-12-05T094825.508.jpg&quot;}\" data-focuspoint=\"&quot;&quot;\" data-p=\"2476181\" href=\"https:\/\/www.la.lv\/dzilis-atkal-brivs-7-vina-dramas-un-damas-par-kuram-biji-aizmirsis\" class=\"content-item lazy-load\" wp_automatic_readability=\"26.5\" rel=\"nofollow noopener\" target=\"_blank\"><\/p>\n<p>                                <img decoding=\"async\" src=\"\" alt=\"\" style=\"\" data-imageid=\"\"\/><\/p>\n<p>                                Kokteilis<\/p>\n<p>\n                                                D\u017eilis atkal br\u012bvs: 7 vi\u0146a dr\u0101mas un d\u0101mas, par kur\u0101m biji aizmirsis<\/p>\n<p><\/a><a data-imagesrc=\"{&quot;300&quot;:&quot;https:\\\/\\\/lastatic.ams3.cdn.digitaloceanspaces.com\\\/2025\\\/11\\\/png-2-2-300x200.png&quot;,&quot;1024&quot;:&quot;https:\\\/\\\/lastatic.ams3.cdn.digitaloceanspaces.com\\\/2025\\\/11\\\/png-2-2-1024x683.png&quot;,&quot;1536&quot;:&quot;https:\\\/\\\/lastatic.ams3.cdn.digitaloceanspaces.com\\\/2025\\\/11\\\/png-2-2-1536x1024.png&quot;,&quot;500&quot;:&quot;https:\\\/\\\/lastatic.ams3.cdn.digitaloceanspaces.com\\\/2025\\\/11\\\/png-2-2-500x333.png&quot;,&quot;800&quot;:&quot;https:\\\/\\\/lastatic.ams3.cdn.digitaloceanspaces.com\\\/2025\\\/11\\\/png-2-2-800x533.png&quot;,&quot;1800&quot;:&quot;https:\\\/\\\/lastatic.ams3.cdn.digitaloceanspaces.com\\\/2025\\\/11\\\/png-2-2.png&quot;}\" data-focuspoint=\"&quot;&quot;\" data-p=\"2468974\" href=\"https:\/\/www.la.lv\/saikne-ir-magiska-neviens-majdzivnieks-nespej-milet-jus-ta-ka-sis-10-sunu-skirnes\" class=\"content-item lazy-load\" wp_automatic_readability=\"26.5\" rel=\"nofollow noopener\" target=\"_blank\"><\/p>\n<p>                                <img decoding=\"async\" src=\"\" alt=\"\" style=\"\" data-imageid=\"\"\/><\/p>\n<p>\n                                                Saikne ir ma\u0123iska! Neviens m\u0101jdz\u012bvnieks nesp\u0113j m\u012bl\u0113t j\u016bs t\u0101, k\u0101 \u0161\u012bs 10 su\u0146u \u0161\u0137irnes\n                            <\/p>\n<p><\/a><a data-imagesrc=\"{&quot;300&quot;:&quot;https:\\\/\\\/lastatic.ams3.cdn.digitaloceanspaces.com\\\/2025\\\/12\\\/Untitled-1500-x-1000-px-2025-12-05T141512.846-300x200.jpg&quot;,&quot;1024&quot;:&quot;https:\\\/\\\/lastatic.ams3.cdn.digitaloceanspaces.com\\\/2025\\\/12\\\/Untitled-1500-x-1000-px-2025-12-05T141512.846-1024x683.jpg&quot;,&quot;500&quot;:&quot;https:\\\/\\\/lastatic.ams3.cdn.digitaloceanspaces.com\\\/2025\\\/12\\\/Untitled-1500-x-1000-px-2025-12-05T141512.846-500x333.jpg&quot;,&quot;800&quot;:&quot;https:\\\/\\\/lastatic.ams3.cdn.digitaloceanspaces.com\\\/2025\\\/12\\\/Untitled-1500-x-1000-px-2025-12-05T141512.846-800x533.jpg&quot;,&quot;1500&quot;:&quot;https:\\\/\\\/lastatic.ams3.cdn.digitaloceanspaces.com\\\/2025\\\/12\\\/Untitled-1500-x-1000-px-2025-12-05T141512.846.jpg&quot;}\" data-focuspoint=\"&quot;&quot;\" data-p=\"2476678\" href=\"https:\/\/www.la.lv\/aculiecinieka-foto-satiksme-pilniba-bloketa-smaga-avarija-uz-autocela-liepaja-rucava\" class=\"content-item lazy-load\" wp_automatic_readability=\"26.5\" rel=\"nofollow noopener\" target=\"_blank\"><\/p>\n<p>                                <img decoding=\"async\" src=\"\" alt=\"\" style=\"\" data-imageid=\"\"\/><\/p>\n<p>\n                                                Aculiecinieka FOTO. \u201cSatiksme piln\u012bb\u0101 blo\u0137\u0113ta\u2026\u201d Smaga av\u0101rija uz autoce\u013ca Liep\u0101ja-Rucava<\/p>\n<p><\/a><br \/>\n        <a class=\"read-more\" href=\"https:\/\/www.la.lv\/top\" rel=\"nofollow noopener\" target=\"_blank\">Las\u012bt citas zi\u0146as<\/a><\/p>\n<p>Ukrainas Aizsardz\u012bbas sp\u0113ku vien\u012bbas ne tikai piln\u012bb\u0101 kontrol\u0113 Pokrovskas zieme\u013cu da\u013cu Do\u0146eckas apgabal\u0101, bet atrodas ar\u012b pils\u0113tas centr\u0101lajos rajonos. To intervij\u0101 \u0101rzemju medijiem pazi\u0146oja 7. gaisa triecienkorpusa komandieris, brig\u0101des \u0123ener\u0101lis Jevhens Lasi\u010duks.<\/p>\n<p>P\u0113c vi\u0146a teikt\u0101, tradicion\u0101l\u0101 robe\u017el\u012bnija starp Ukrainas bru\u0146otajiem sp\u0113kiem un Krievijas okupantiem Pokrovsk\u0101 pa\u0161laik iet pa dzelzce\u013cu. Ukrainas sp\u0113ki piln\u012bb\u0101 kontrol\u0113 pils\u0113tas zieme\u013cu da\u013cu un saglab\u0101 savas poz\u012bcijas centr\u0101. \u0122ener\u0101lis pa\u0161reiz\u0113jo situ\u0101ciju raksturo k\u0101 nopietnu \u2013 Krievijas okupanti past\u0101v\u012bgi uzbr\u016bk, cen\u0161oties ie\u0146emt pils\u0113tu un uzlabot savu taktisko poz\u012bciju.<\/p>\n<p>    CITI \u0160OBR\u012aD LASA<\/p>\n<p>Situ\u0101cija Pokrovskas dienvidu da\u013c\u0101 ir v\u0113l sare\u017e\u0123\u012bt\u0101ka. Krievijas vien\u012bbas cen\u0161as tur koncentr\u0113t sp\u0113kus turpm\u0101kiem uzbrukumiem. <\/p>\n<blockquote><p>\u201cKrievi jau tre\u0161o reizi zi\u0146o, ka ir ielenku\u0161i Pokrovsku un p\u0101r\u0146\u0113mu\u0161i t\u0101s kontroli\u2026 Tie ir meli. \u0160obr\u012bd nav nek\u0101das ielenk\u0161anas vai blok\u0101des, t\u0101pat ar\u012b vi\u0146iem nav izdevies ielenkt Mirnohradu,\u201d sac\u012bja Lasi\u010duks.<\/p><\/blockquote>\n<p>\u0122ener\u0101lis nor\u0101d\u012bja, ka Krievijas armija nesen main\u012bjusi taktiku Pokrovskas sektor\u0101. Ienaidnieks tagad izvair\u0101s no iesaist\u012b\u0161an\u0101s pils\u0113tas kauj\u0101s un cen\u0161as apiet Pokrovsku. <\/p>\n<p>Ar\u012b tur Ukrainas sp\u0113ki saglab\u0101 savas poz\u012bcijas. Jaunu vien\u012bbu izvieto\u0161ana pal\u012bdz mazin\u0101t intens\u012bvo spiedienu no Krievijas okup\u0101cijas armijas puses. Lasi\u010duks uzsv\u0113ra, ka Pokrovsk\u0101 un Mirnohrad\u0101 darbojas vispieredz\u0113ju\u0161\u0101k\u0101s Ukrainas vien\u012bbas un brig\u0101des.<\/p>\n<p>Lai palielin\u0101tu Krievijas okupantu izn\u012bcin\u0101\u0161anas efektivit\u0101ti Pokrovskas sektor\u0101, ir izveidoti papildu bezpilota lidapar\u0101tu sist\u0113mu un elektronisk\u0101s karadarb\u012bbas centri, k\u0101 ar\u012b pretgaisa aizsardz\u012bbas centrs. <\/p>\n<p>Turkl\u0101t Ukrainas bru\u0146otie sp\u0113ki Pokrovsk\u0101 sadarbojas tie\u0161i ar bezpilota lidapar\u0101tu un iero\u010du ra\u017eot\u0101jiem, stiprinot sp\u0113ju attur\u0113t ienaidnieku.<\/p>\n<p>Saska\u0146\u0101 ar Ukrainas Bru\u0146oto sp\u0113ku \u0122ener\u0101l\u0161t\u0101ba sniegto inform\u0101ciju vakar, 4. decembr\u012b, Krievijas karasp\u0113ks vair\u0101k nek\u0101 50 reizes uzbruka Ukrainas poz\u012bcij\u0101m Pokrovskas sektor\u0101. Kaujas notika net\u0101lu no Krasnij Limanas, \u0160ahovas, Mirnohradas, Rodinskes, Pokrovskas un citiem ciemiem.<\/p>\n<p>T\u0113mas<\/p>\n<p>    SAIST\u012aTIE RAKSTI<\/p>\n","protected":false},"excerpt":{"rendered":"Pokrovska, Ukraina Foto. Scanpix\/LETA Net\u0101lu no Pokrovskas Do\u0146eckas apgabal\u0101 Krievijas okup\u0101cijas armijas vad\u012bba ir koncentr\u0113jusi aptuveni 150 000&hellip;\n","protected":false},"author":2,"featured_media":66602,"comment_status":"","ping_status":"","sticky":false,"template":"","format":"standard","meta":{"footnotes":""},"categories":[14],"tags":[23,57,28,29,32,33,22,30,31,35,39,38,36,37,34,40,20,26,27,24,25,54,55,56,21,58],"class_list":{"0":"post-66601","1":"post","2":"type-post","3":"status-publish","4":"format-standard","5":"has-post-thumbnail","7":"category-zinas-no-arvalstim","8":"tag-aktualitates","9":"tag-arvalstim","10":"tag-breaking-news","11":"tag-breakingnews","12":"tag-featured-news","13":"tag-featurednews","14":"tag-headlines","15":"tag-latest-news","16":"tag-latestnews","17":"tag-latvia","18":"tag-latvian","19":"tag-latviesu","20":"tag-latviesu-valoda","21":"tag-latviesuvaloda","22":"tag-latvija","23":"tag-lv","24":"tag-news","25":"tag-popularakas-zinas","26":"tag-popularakaszinas","27":"tag-top-stories","28":"tag-topstories","29":"tag-world","30":"tag-world-news","31":"tag-worldnews","32":"tag-zinas","33":"tag-zinas-no-arvalstim"},"share_on_mastodon":{"url":"https:\/\/pubeurope.com\/@lv\/115668041653633040","error":""},"_links":{"self":[{"href":"https:\/\/www.europesays.com\/lv\/wp-json\/wp\/v2\/posts\/66601","targetHints":{"allow":["GET"]}}],"collection":[{"href":"https:\/\/www.europesays.com\/lv\/wp-json\/wp\/v2\/posts"}],"about":[{"href":"https:\/\/www.europesays.com\/lv\/wp-json\/wp\/v2\/types\/post"}],"author":[{"embeddable":true,"href":"https:\/\/www.europesays.com\/lv\/wp-json\/wp\/v2\/users\/2"}],"replies":[{"embeddable":true,"href":"https:\/\/www.europesays.com\/lv\/wp-json\/wp\/v2\/comments?post=66601"}],"version-history":[{"count":0,"href":"https:\/\/www.europesays.com\/lv\/wp-json\/wp\/v2\/posts\/66601\/revisions"}],"wp:featuredmedia":[{"embeddable":true,"href":"https:\/\/www.europesays.com\/lv\/wp-json\/wp\/v2\/media\/66602"}],"wp:attachment":[{"href":"https:\/\/www.europesays.com\/lv\/wp-json\/wp\/v2\/media?parent=66601"}],"wp:term":[{"taxonomy":"category","embeddable":true,"href":"https:\/\/www.europesays.com\/lv\/wp-json\/wp\/v2\/categories?post=66601"},{"taxonomy":"post_tag","embeddable":true,"href":"https:\/\/www.europesays.com\/lv\/wp-json\/wp\/v2\/tags?post=66601"}],"curies":[{"name":"wp","href":"https:\/\/api.w.org\/{rel}","templated":true}]}}