{"id":66609,"date":"2025-12-05T17:12:09","date_gmt":"2025-12-05T17:12:09","guid":{"rendered":"https:\/\/www.europesays.com\/lv\/66609\/"},"modified":"2025-12-05T17:12:09","modified_gmt":"2025-12-05T17:12:09","slug":"noriss-piektdienas-abos-treninos-apsteidz-verstapenu-motoru-sports-sportacentrs-com","status":"publish","type":"post","link":"https:\/\/www.europesays.com\/lv\/66609\/","title":{"rendered":"Noriss piektdienas abos treni\u0146os apsteidz Verstapenu \u2013 Motoru sports \u2013 Sportacentrs.com"},"content":{"rendered":"<p>Pirmaj\u0101 treni\u0146u sesij\u0101 &#8220;McLaren&#8221; pilots Noriss veica apli min\u016bt\u0113 un 24,485 sekund\u0113s, apsteidzot Maksu Verstapenu (&#8220;Red Bull&#8221;) par 0,008 sekund\u0113m, bet \u0160arls Lekl\u0113rs (&#8220;Ferrari&#8221;) bija par 0,016 sekund\u0113m l\u0113n\u0101ks un bija tre\u0161ais.<\/p>\n<p>Savuk\u0101rt otraj\u0101 treni\u0146u sesij\u0101 Noriss uzlaboja savu rezult\u0101tu par vair\u0101k nek\u0101 sekundi un savu \u0101tr\u0101ko apli veica min\u016bt\u0113 un 23,083 sekund\u0113s. Ar\u012b \u0161aj\u0101 sesij\u0101 otro lab\u0101ko rezult\u0101tu sasniedza Verstapens, atpaliekot no &#8220;McLaren&#8221; p\u0101rst\u0101vja 0,363 sekundes, bet tre\u0161ais, piek\u0101pjoties 0,379 sekundes, bija D\u017eord\u017es Rasels (&#8220;Mercedes&#8221;).<\/p>\n<p>Sestdien tiks aizvad\u012bta nosl\u0113dzo\u0161\u0101 treni\u0146u sesija un kvalifik\u0101cija, bet sv\u0113tdien tiks aizvad\u012bta sezonas nosl\u0113dzo\u0161\u0101 sac\u012bkste, kur\u0101 tiks noskaidrots pasaules \u010dempions.<\/p>\n<p>Kopv\u0113rt\u0113jum\u0101 l\u012bderpoz\u012bciju ar 408 punktiem saglab\u0101 Noriss, bet p\u0113c uzvaras Kataras &#8220;Grand Prix&#8221; pag\u0101ju\u0161aj\u0101 ned\u0113\u013c\u0101 uz otro vietu pak\u0101pies Verstapens, kur\u0161 zaud\u0113 l\u012bderim tikai par 12 punktiem, bet Piastri atpaliek no komandas biedra par 16 punktiem un ir tre\u0161ais.<\/p>\n<p>Uzvaru Konstruktoru kaus\u0101 jau ir nodro\u0161in\u0101jusi &#8220;McLaren&#8221; vien\u012bba.<\/p>\n<blockquote class=\"twitter-tweet\">\n<p lang=\"en\" dir=\"ltr\">FP2 CLASSIFICATION <\/p>\n<p>Lando Norris tops the final Friday practice session of the season <a href=\"https:\/\/twitter.com\/hashtag\/F1?src=hash&amp;ref_src=twsrc%5Etfw\" rel=\"nofollow noopener\" target=\"_blank\">#F1<\/a> <a href=\"https:\/\/twitter.com\/hashtag\/AbuDhabiGP?src=hash&amp;ref_src=twsrc%5Etfw\" rel=\"nofollow noopener\" target=\"_blank\">#AbuDhabiGP<\/a> <a href=\"https:\/\/t.co\/UvtJDjR645\" rel=\"nofollow\">pic.twitter.com\/UvtJDjR645<\/a><\/p>\n<p>\u2014 Formula 1 (@F1) <a href=\"https:\/\/twitter.com\/F1\/status\/1996944416775286807?ref_src=twsrc%5Etfw\" rel=\"nofollow noopener\" target=\"_blank\">December 5, 2025<\/a><\/p><\/blockquote>\n<blockquote class=\"twitter-tweet\">\n<p lang=\"en\" dir=\"ltr\">FP1 CLASSIFICATION <\/p>\n<p>The full rundown from first practice \ud83d\udc47<a href=\"https:\/\/twitter.com\/hashtag\/F1?src=hash&amp;ref_src=twsrc%5Etfw\" rel=\"nofollow noopener\" target=\"_blank\">#F1<\/a> <a href=\"https:\/\/twitter.com\/hashtag\/AbuDhabiGP?src=hash&amp;ref_src=twsrc%5Etfw\" rel=\"nofollow noopener\" target=\"_blank\">#AbuDhabiGP<\/a> <a href=\"https:\/\/t.co\/eNyAtJm1AE\" rel=\"nofollow\">pic.twitter.com\/eNyAtJm1AE<\/a><\/p>\n<p>\u2014 Formula 1 (@F1) <a href=\"https:\/\/twitter.com\/F1\/status\/1996898072669081740?ref_src=twsrc%5Etfw\" rel=\"nofollow noopener\" target=\"_blank\">December 5, 2025<\/a><\/p><\/blockquote>\n<p>                    <script async src=\"https:\/\/platform.twitter.com\/widgets.js\" charset=\"utf-8\"><\/script><\/p>\n","protected":false},"excerpt":{"rendered":"Pirmaj\u0101 treni\u0146u sesij\u0101 &#8220;McLaren&#8221; pilots Noriss veica apli min\u016bt\u0113 un 24,485 sekund\u0113s, apsteidzot Maksu Verstapenu (&#8220;Red Bull&#8221;) par&hellip;\n","protected":false},"author":2,"featured_media":66610,"comment_status":"","ping_status":"","sticky":false,"template":"","format":"standard","meta":{"footnotes":""},"categories":[17],"tags":[35,39,38,36,37,34,40,165,67],"class_list":{"0":"post-66609","1":"post","2":"type-post","3":"status-publish","4":"format-standard","5":"has-post-thumbnail","7":"category-sports","8":"tag-latvia","9":"tag-latvian","10":"tag-latviesu","11":"tag-latviesu-valoda","12":"tag-latviesuvaloda","13":"tag-latvija","14":"tag-lv","15":"tag-motoru-sports","16":"tag-sports"},"share_on_mastodon":{"url":"https:\/\/pubeurope.com\/@lv\/115668080583225440","error":""},"_links":{"self":[{"href":"https:\/\/www.europesays.com\/lv\/wp-json\/wp\/v2\/posts\/66609","targetHints":{"allow":["GET"]}}],"collection":[{"href":"https:\/\/www.europesays.com\/lv\/wp-json\/wp\/v2\/posts"}],"about":[{"href":"https:\/\/www.europesays.com\/lv\/wp-json\/wp\/v2\/types\/post"}],"author":[{"embeddable":true,"href":"https:\/\/www.europesays.com\/lv\/wp-json\/wp\/v2\/users\/2"}],"replies":[{"embeddable":true,"href":"https:\/\/www.europesays.com\/lv\/wp-json\/wp\/v2\/comments?post=66609"}],"version-history":[{"count":0,"href":"https:\/\/www.europesays.com\/lv\/wp-json\/wp\/v2\/posts\/66609\/revisions"}],"wp:featuredmedia":[{"embeddable":true,"href":"https:\/\/www.europesays.com\/lv\/wp-json\/wp\/v2\/media\/66610"}],"wp:attachment":[{"href":"https:\/\/www.europesays.com\/lv\/wp-json\/wp\/v2\/media?parent=66609"}],"wp:term":[{"taxonomy":"category","embeddable":true,"href":"https:\/\/www.europesays.com\/lv\/wp-json\/wp\/v2\/categories?post=66609"},{"taxonomy":"post_tag","embeddable":true,"href":"https:\/\/www.europesays.com\/lv\/wp-json\/wp\/v2\/tags?post=66609"}],"curies":[{"name":"wp","href":"https:\/\/api.w.org\/{rel}","templated":true}]}}