{"id":66619,"date":"2025-12-05T17:32:08","date_gmt":"2025-12-05T17:32:08","guid":{"rendered":"https:\/\/www.europesays.com\/lv\/66619\/"},"modified":"2025-12-05T17:32:08","modified_gmt":"2025-12-05T17:32:08","slug":"francijas-speki-atklajusi-uguni-uz-droniem-kas-lidinajusies-virs-kodolrakesu-zemudenu-bazes","status":"publish","type":"post","link":"https:\/\/www.europesays.com\/lv\/66619\/","title":{"rendered":"Francijas sp\u0113ki atkl\u0101ju\u0161i uguni uz droniem, kas lidin\u0101ju\u0161ies virs kodolra\u0137e\u0161u zem\u016bde\u0146u b\u0101zes"},"content":{"rendered":"<p>Dronu par\u0101d\u012b\u0161an\u0101s ap \u0161o milit\u0101ro objektu nav jauna \u2013 \u0161\u0101da aktivit\u0101te fiks\u0113ta v\u0113l pirms Krievijas iebrukuma Ukrain\u0101.<\/p>\n<p>Incidents noticis laik\u0101, kad vair\u0101k\u0101s NATO valst\u012bs konstat\u0113ti arvien bie\u017e\u0101ki dronu p\u0101rlidojumi virs sensit\u012bviem objektiem. P\u0113d\u0113jo m\u0113ne\u0161u laik\u0101 l\u012bdz\u012bgi gad\u012bjumi pieredz\u0113ti Be\u013c\u0123ij\u0101, V\u0101cij\u0101, D\u0101nij\u0101 un Norv\u0113\u0123ij\u0101. Savuk\u0101rt Polij\u0101 septembr\u012b tika pacelti izn\u012bcin\u0101t\u0101ji, lai notriektu Krievijas izcelsmes bezpilota lidapar\u0101tus, ko uzskat\u012bja par hibr\u012bdkara saasin\u0101jumu.<\/p>\n<p>Francijas varas iest\u0101des pagaid\u0101m nav sniegu\u0161as skaidrojumu par iesp\u0113jamo dronu izcelsmi \u012ale Longas b\u0101zes tuvum\u0101.<\/p>\n<p class=\"tv3-fw-500\">Zi\u0146o par k\u013c\u016bdu rakst\u0101<\/p>\n<p class=\"d-md-block d-none\">Iez\u012bm\u0113 k\u013c\u016bdaino tekstu un spied Ctrl+Enter.<\/p>\n<p class=\"d-md-none d-block\">Iez\u012bm\u0113 k\u013c\u016bdaino tekstu un zi\u0146o par to!<\/p>\n","protected":false},"excerpt":{"rendered":"Dronu par\u0101d\u012b\u0161an\u0101s ap \u0161o milit\u0101ro objektu nav jauna \u2013 \u0161\u0101da aktivit\u0101te fiks\u0113ta v\u0113l pirms Krievijas iebrukuma Ukrain\u0101. Incidents&hellip;\n","protected":false},"author":2,"featured_media":66620,"comment_status":"","ping_status":"","sticky":false,"template":"","format":"standard","meta":{"footnotes":""},"categories":[14],"tags":[23,57,28,29,17178,32,33,22,30,31,35,39,38,36,37,34,40,20,26,27,24,25,54,55,56,21,58],"class_list":{"0":"post-66619","1":"post","2":"type-post","3":"status-publish","4":"format-standard","5":"has-post-thumbnail","7":"category-zinas-no-arvalstim","8":"tag-aktualitates","9":"tag-arvalstim","10":"tag-breaking-news","11":"tag-breakingnews","12":"tag-dronifrancijanato","13":"tag-featured-news","14":"tag-featurednews","15":"tag-headlines","16":"tag-latest-news","17":"tag-latestnews","18":"tag-latvia","19":"tag-latvian","20":"tag-latviesu","21":"tag-latviesu-valoda","22":"tag-latviesuvaloda","23":"tag-latvija","24":"tag-lv","25":"tag-news","26":"tag-popularakas-zinas","27":"tag-popularakaszinas","28":"tag-top-stories","29":"tag-topstories","30":"tag-world","31":"tag-world-news","32":"tag-worldnews","33":"tag-zinas","34":"tag-zinas-no-arvalstim"},"share_on_mastodon":{"url":"https:\/\/pubeurope.com\/@lv\/115668159335113196","error":""},"_links":{"self":[{"href":"https:\/\/www.europesays.com\/lv\/wp-json\/wp\/v2\/posts\/66619","targetHints":{"allow":["GET"]}}],"collection":[{"href":"https:\/\/www.europesays.com\/lv\/wp-json\/wp\/v2\/posts"}],"about":[{"href":"https:\/\/www.europesays.com\/lv\/wp-json\/wp\/v2\/types\/post"}],"author":[{"embeddable":true,"href":"https:\/\/www.europesays.com\/lv\/wp-json\/wp\/v2\/users\/2"}],"replies":[{"embeddable":true,"href":"https:\/\/www.europesays.com\/lv\/wp-json\/wp\/v2\/comments?post=66619"}],"version-history":[{"count":0,"href":"https:\/\/www.europesays.com\/lv\/wp-json\/wp\/v2\/posts\/66619\/revisions"}],"wp:featuredmedia":[{"embeddable":true,"href":"https:\/\/www.europesays.com\/lv\/wp-json\/wp\/v2\/media\/66620"}],"wp:attachment":[{"href":"https:\/\/www.europesays.com\/lv\/wp-json\/wp\/v2\/media?parent=66619"}],"wp:term":[{"taxonomy":"category","embeddable":true,"href":"https:\/\/www.europesays.com\/lv\/wp-json\/wp\/v2\/categories?post=66619"},{"taxonomy":"post_tag","embeddable":true,"href":"https:\/\/www.europesays.com\/lv\/wp-json\/wp\/v2\/tags?post=66619"}],"curies":[{"name":"wp","href":"https:\/\/api.w.org\/{rel}","templated":true}]}}