{"id":6662,"date":"2025-09-28T02:51:11","date_gmt":"2025-09-28T02:51:11","guid":{"rendered":"https:\/\/www.europesays.com\/lv\/6662\/"},"modified":"2025-09-28T02:51:11","modified_gmt":"2025-09-28T02:51:11","slug":"andris-kalinins-ieguvis-seb-stipendiju-gleznieciba-un-skatitaju-simpatiju-lente-lv","status":"publish","type":"post","link":"https:\/\/www.europesays.com\/lv\/6662\/","title":{"rendered":"Andris Ka\u013ci\u0146ins ieguvis SEB stipendiju glezniec\u012bb\u0101 un skat\u012bt\u0101ju simp\u0101tiju\u00a0\u2014\u00a0Lente.lv"},"content":{"rendered":"<p>Andris Ka\u013ci\u0146ins izpeln\u0101s SEB stipendiju glezniec\u012bb\u0101 un skat\u012bt\u0101ju atzin\u012bbu<\/p>\n<p>Tiekoties jau septi\u0146padsmito reizi, presti\u017e\u0101 SEB stipendija glezniec\u012bb\u0101 2025. gad\u0101 pie\u0161\u0137irta m\u0101ksliniekam Andrim Ka\u013ci\u0146inam. Svin\u012bg\u0101 ceremonija norisin\u0101j\u0101s Latvijas M\u0101kslas akad\u0113mij\u0101, kur tika godin\u0101ts ne tikai Ka\u013ci\u0146ina izcilais sniegums, bet ar\u012b vi\u0146a sp\u0113ja iekarot publikas sirdis, ieg\u016bstot ar\u012b skat\u012bt\u0101ju simp\u0101tiju balvu. \u0160is ir retums konkursa v\u0113stur\u0113, kas apliecina m\u0101kslinieka daudzpus\u012bgo talantu un sp\u0113ju dzi\u013ci rezon\u0113t ar skat\u012bt\u0101ju.<\/p>\n<p>Par balvu un m\u0101kslinieka pan\u0101kumiem<\/p>\n<p>Andris Ka\u013ci\u0146ins, kur\u0161 \u0161obr\u012bd stud\u0113 Latvijas M\u0101kslas akad\u0113mijas ma\u0123istra programm\u0101 glezniec\u012bbas specialit\u0101t\u0113, sa\u0146\u0113ma 2000 eiro naudas balvu un ekskluz\u012bvu iesp\u0113ju doties apmaks\u0101t\u0101 rado\u0161aj\u0101 braucien\u0101 uz k\u0101du no vado\u0161aj\u0101m laikmet\u012bg\u0101s m\u0101kslas izst\u0101d\u0113m Eirop\u0101. \u0160\u012b balva ir noz\u012bm\u012bgs atbalsts jauno m\u0101kslinieku profesion\u0101lajai att\u012bst\u012bbai, veicinot rado\u0161u ideju \u012bsteno\u0161anu un individu\u0101l\u0101 m\u0101ksliniecisk\u0101 rokraksta pilnveido\u0161anu. Ka\u013ci\u0146ina dai\u013crade izce\u013cas ar dzi\u013cu izp\u0113ti, konceptu\u0101lu tv\u0113rumu un ori\u0123in\u0101lu skat\u012bjumu, kas atspogu\u013cojas gan vi\u0146a glezniec\u012bb\u0101, gan scenogr\u0101fijas darbos.<\/p>\n<p>Andra Ka\u013ci\u0146ina m\u0101ksliniecisk\u0101 identit\u0101te<\/p>\n<p>M\u0101kslinieka darbi ir k\u0101 filozofisku p\u0101rdomu atspulgs, kur\u0101 kr\u0101sa tiek p\u0113t\u012bta ne tikai k\u0101 vizu\u0101ls elements, bet ar\u012b k\u0101 dom\u0101\u0161anas process. Ka\u013ci\u0146ina glezniec\u012bba balst\u0101s uz kr\u0101sas fizik\u0101lo \u012bpa\u0161\u012bbu izp\u0113ti, radot vizu\u0101li pies\u0101tin\u0101tus un emocion\u0101li sp\u0113c\u012bgus darbus. Vi\u0146a pieeja ir ne tikai tehniski izkopta, bet ar\u012b dzi\u013ci konceptu\u0101la, aicinot skat\u012bt\u0101ju ieraudz\u012bt kr\u0101sas dzi\u013c\u0101ko b\u016bt\u012bbu, nevis vienk\u0101r\u0161i t\u0101s virspus\u0113jo il\u016bziju. \u0160\u012b filozofisk\u0101 pieeja atkl\u0101jas ar\u012b vi\u0146a darb\u0101 k\u0101 scenogr\u0101fam, kur\u0101 vi\u0146\u0161 rada ne tikai vizu\u0101li baud\u0101mas, bet ar\u012b domas rosino\u0161as telpas.<\/p>\n<p>Konkursa noz\u012bme un fin\u0101listi<\/p>\n<p>SEB stipendija glezniec\u012bb\u0101, kas tiek pasniegta jau 17. gadu, ir noz\u012bm\u012bga platforma, kas atbalsta jauno m\u0101kslinieku izaugsmi un veicina Latvijas m\u0101kslas vides att\u012bst\u012bbu. \u0160ogad konkursa fin\u0101lam tika izvirz\u012bti asto\u0146i talant\u012bgi LMA studenti, kuru darbi atspogu\u013coja m\u016bsdienu glezniec\u012bbas daudzveid\u012bbu un jaun\u0101s paaudzes rado\u0161o potenci\u0101lu. Fin\u0101listu vid\u016b bija t\u0101di jaunie m\u0101kslinieki k\u0101 D\u0101rta Madara Cielava, El\u012bna Sanda Za\u0137e, Em\u012bls Kocers, Katr\u012bna Lev\u0101ne, Kristi\u0101na Poce, Sofija Bumbule un Velta Esmeralda Kalnozola-Kalsere. Vi\u0146u darbi izc\u0113l\u0101s ar tehnisko kvalit\u0101ti, individualit\u0101ti un drosmi, apliecinot sp\u0113ju veidot dialogu ar skat\u012bt\u0101ju. \u017d\u016brijas sast\u0101v\u0101 darboj\u0101s t\u0101di atz\u012bti profesion\u0101\u013ci k\u0101 Andris V\u012btoli\u0146\u0161, Antra Priede, Di\u0101na Blumate un Kristians Brekte, apliecinot konkursa augsto v\u0113rt\u0113jumu.<\/p>\n<p>SEB bankas atbalsts un n\u0101kotnes v\u012bzija<\/p>\n<p>Ieva Tetere, SEB bankas vad\u012bt\u0101ja, uzsv\u0113ra bankas gandar\u012bjumu par iesp\u0113ju atbalst\u012bt jaunus talantus, kuri apliecina savu rado\u0161umu un m\u0113r\u0137tiec\u012bbu. Vi\u0146a atz\u012bm\u0113ja Andra Ka\u013ci\u0146ina izkopto stilu un unik\u0101lo glezniec\u012bbas rokrakstu, k\u0101 ar\u012b vi\u0146a sp\u0113ju sevi realiz\u0113t gan glezniec\u012bb\u0101, gan scenogr\u0101fij\u0101. SEB banka turpina ies\u0101kto trad\u012bciju atbalst\u012bt m\u0101kslu, sniedzot iesp\u0113ju jaunajiem m\u0101ksliniekiem att\u012bst\u012bt savu potenci\u0101lu un veicin\u0101t Latvijas kult\u016bras daudzveid\u012bbu. \u0160\u012b iniciat\u012bva ir svar\u012bga, lai nodro\u0161in\u0101tu Latvijas m\u0101kslas n\u0101kotni un stiprin\u0101tu t\u0101s poz\u012bcijas gan viet\u0113j\u0101, gan starptautisk\u0101 m\u0113rog\u0101.<\/p>\n","protected":false},"excerpt":{"rendered":"Andris Ka\u013ci\u0146ins izpeln\u0101s SEB stipendiju glezniec\u012bb\u0101 un skat\u012bt\u0101ju atzin\u012bbu Tiekoties jau septi\u0146padsmito reizi, presti\u017e\u0101 SEB stipendija glezniec\u012bb\u0101 2025.&hellip;\n","protected":false},"author":2,"featured_media":6663,"comment_status":"","ping_status":"","sticky":false,"template":"","format":"standard","meta":{"footnotes":""},"categories":[19],"tags":[2893,89,90,2895,35,39,38,36,37,34,505,40,754,2894],"class_list":{"0":"post-6662","1":"post","2":"type-post","3":"status-publish","4":"format-standard","5":"has-post-thumbnail","7":"category-izklaide","8":"tag-andris-kalinins","9":"tag-entertainment","10":"tag-izklaide","11":"tag-jaunie-makslinieki","12":"tag-latvia","13":"tag-latvian","14":"tag-latviesu","15":"tag-latviesu-valoda","16":"tag-latviesuvaloda","17":"tag-latvija","18":"tag-latvijas-makslas-akademija","19":"tag-lv","20":"tag-musdienu-maksla","21":"tag-seb-stipendija-gleznieciba"},"share_on_mastodon":{"url":"","error":""},"_links":{"self":[{"href":"https:\/\/www.europesays.com\/lv\/wp-json\/wp\/v2\/posts\/6662","targetHints":{"allow":["GET"]}}],"collection":[{"href":"https:\/\/www.europesays.com\/lv\/wp-json\/wp\/v2\/posts"}],"about":[{"href":"https:\/\/www.europesays.com\/lv\/wp-json\/wp\/v2\/types\/post"}],"author":[{"embeddable":true,"href":"https:\/\/www.europesays.com\/lv\/wp-json\/wp\/v2\/users\/2"}],"replies":[{"embeddable":true,"href":"https:\/\/www.europesays.com\/lv\/wp-json\/wp\/v2\/comments?post=6662"}],"version-history":[{"count":0,"href":"https:\/\/www.europesays.com\/lv\/wp-json\/wp\/v2\/posts\/6662\/revisions"}],"wp:featuredmedia":[{"embeddable":true,"href":"https:\/\/www.europesays.com\/lv\/wp-json\/wp\/v2\/media\/6663"}],"wp:attachment":[{"href":"https:\/\/www.europesays.com\/lv\/wp-json\/wp\/v2\/media?parent=6662"}],"wp:term":[{"taxonomy":"category","embeddable":true,"href":"https:\/\/www.europesays.com\/lv\/wp-json\/wp\/v2\/categories?post=6662"},{"taxonomy":"post_tag","embeddable":true,"href":"https:\/\/www.europesays.com\/lv\/wp-json\/wp\/v2\/tags?post=6662"}],"curies":[{"name":"wp","href":"https:\/\/api.w.org\/{rel}","templated":true}]}}