{"id":66667,"date":"2025-12-05T18:55:07","date_gmt":"2025-12-05T18:55:07","guid":{"rendered":"https:\/\/www.europesays.com\/lv\/66667\/"},"modified":"2025-12-05T18:55:07","modified_gmt":"2025-12-05T18:55:07","slug":"latvijas-kamaninu-brauceji-tiek-pie-medalas-pirmaja-diena-vinterberga","status":"publish","type":"post","link":"https:\/\/www.europesays.com\/lv\/66667\/","title":{"rendered":"Latvijas kamani\u0146u brauc\u0113ji tiek pie meda\u013cas pirmaj\u0101 dien\u0101 Vinterberg\u0101"},"content":{"rendered":"<p>Latvijas ekip\u0101\u017eas M\u0101rti\u0146\u0161 Bots\/Roberts Pl\u016bme un Anda Up\u012bte\/Madara Pavlova piektdien Vinterbergas tras\u0113 Pasaules kausa kamani\u0146u sport\u0101 posm\u0101 izc\u012bn\u012bja tre\u0161o vietu jaukto p\u0101ru sacens\u012bb\u0101s ekip\u0101\u017e\u0101m.<\/p>\n<p>Par uzvar\u0113t\u0101jiem k\u013cuva v\u0101cie\u0161i Tobiass Wendls\/Tobiass Arlts un Jesika D\u0113genhardta\/\u0160aijena Rozent\u0101la, kuri tras\u0113 pavad\u012bja mmin\u016bti un 34,470 sekundes.<\/p>\n<p>Vi\u0146i par 0,071 sekundi apsteidza Austrijas otro komandu ar ekip\u0101\u017e\u0101m Tomass \u0160teijs\/Volfgangs Kindls un Sel\u012bna Egle\/Lara Kipa sast\u0101v\u0101, bet tre\u0161o vietu ie\u0146\u0113ma M\u0101rti\u0146\u0161 Bots\/Roberts Pl\u016bme un Anda Up\u012bte\/Madara Pavlova, kuri trasi veica vien\u0101 min\u016bt\u0113 un 35,078 sekund\u0113s.<\/p>\n<p>Eduards \u0160evics-Mikel\u0161evics\/L\u016bkass Krasts un Marta Robe\u017eniece\/Kitija Bogdanova trasi veica 36,071 sekund\u0113, uzvar\u0113t\u0101jiem zaud\u0113jot 1,601 sekundi un ie\u0146emot sept\u012bto vietu 11 komandu vid\u016b. Robe\u017eniece\/Bogdanova k\u013c\u016bd\u012bj\u0101s trases lejasda\u013c\u0101 sasl\u012bdot, ta\u010du iztiekot bez kritiena.<\/p>\n<p>Trases lejasda\u013c\u0101 kritienu piedz\u012bvoja un nefini\u0161\u0113ja k\u0101 p\u0113d\u0113jie brauco\u0161ie galvenie favor\u012bti v\u0101cie\u0161i Toni Egerts un Flori\u0101ns Millers.<\/p>\n<p>Savuk\u0101rt jaukto p\u0101ru sacens\u012bb\u0101s vieniniekiem Latvijas sportisti izc\u012bn\u012bja piekto un sesto vietu.<\/p>\n<p>Par uzvar\u0113t\u0101jiem k\u013cuva austrie\u0161i Jonass Millers un Liza \u0160ulte, kuri trasi veica min\u016bt\u0113 un 41,510 sekund\u0113s, par 0,123 sekund\u0113m apsteidzot V\u0101cijas duetu F\u0113likss Lohs un J\u016blija Taubica un par 0,528 sekund\u0113m &#8211; tautie\u0161us Volfgangu Kindlu un Hannu Proku.<\/p>\n<p>V\u0101cijas otr\u0101 komanda ie\u0146\u0113ma ceturto vietu (+0,619), bet piekto un sesto vietu ie\u0146\u0113ma latvie\u0161i. Kristers Aparjods un El\u012bna Ieva Bota uzvar\u0113t\u0101jiem piek\u0101p\u0101s 0,682 sekundes, ie\u0146emot piekto vietu, bet Gints B\u0113rzi\u0146\u0161 un Kendija Aparjode ie\u0146\u0113ma sesto vietu 17 duetu konkurenc\u0113, uzvar\u0113t\u0101jiem piek\u0101pjoties 1,127 sekundes.<\/p>\n<p>Sestdien sacent\u012bsies v\u012brie\u0161i vieniniekos, k\u0101 ar\u012b v\u012brie\u0161i un sievietes divniekos, bet sv\u0113tdien tras\u0113 dosies sievietes vieninieku sacens\u012bb\u0101s un tiks aizvad\u012bta komandu stafete.<\/p>\n<p>Sportistiem pirmo posmu vajadz\u0113ja aizvad\u012bt Austrijas tras\u0113 \u012agls\u0101, bet renov\u0113t\u0101 trase nebija tik laba, lai taj\u0101 var\u0113tu aizvad\u012bt sacens\u012bbas, un posms tika p\u0101rcelts uz Vinterbergu.<\/p>\n<p>Pasaules kausa (PK) sacens\u012bb\u0101s \u0161osezon ir devi\u0146i posmi. PK n\u0101kamie divi posmi notiks ASV tras\u0113s P\u0101rksitij\u0101 un Leikplesid\u0101, bet gadu mij\u0101 ir pl\u0101nots posms Siguld\u0101. P\u0113c piekt\u0101 posma janv\u0101ra s\u0101kum\u0101 Vinterberg\u0101 beigsies olimpisk\u0101 kvalifik\u0101cija, bet pirmaj\u0101 no diviem posmiem v\u0113l vien\u0101 V\u0101cijas tras\u0113 Oberhof\u0101 tiks dal\u012btas ar\u012b Eiropas \u010dempion\u0101ta meda\u013cas, febru\u0101ra s\u0101kum\u0101 sportistiem sacen\u0161oties Mil\u0101nas-Kort\u012bnas d\u2019Ampeco olimpiskaj\u0101s sp\u0113l\u0113s.<\/p>\n<p class=\"m-0\">Seko &#8220;Delfi&#8221; ar\u012b  <a target=\"_blank\" href=\"https:\/\/www.instagram.com\/delfi.lv\/\" rel=\"nofollow noopener\">Instagram<\/a>  un <a target=\"_blank\" href=\"https:\/\/www.youtube.com\/channel\/UCw5foWtcJvAbUm64rv7jwUQ\" rel=\"nofollow noopener\">YouTube<\/a>  profil\u0101 \u2013 pievienojies, lai uzzin\u0101tu svar\u012bg\u0101ko un interesant\u0101ko pirmais!<\/p>\n<p>Publik\u0101cijas saturs vai t\u0101s jebk\u0101da apjoma da\u013ca ir aizsarg\u0101ts autorties\u012bbu objekts Autorties\u012bbu likuma izpratn\u0113, un t\u0101 izmanto\u0161ana bez izdev\u0113ja at\u013caujas ir aizliegta. Vair\u0101k lasi  <a target=\"_blank\" href=\"https:\/\/www.delfi.lv\/noteikumi#autortiesibas\" rel=\"nofollow noopener\">\u0161eit<\/a><script async src=\"\/\/www.instagram.com\/embed.js\"><\/script><\/p>\n","protected":false},"excerpt":{"rendered":"Latvijas ekip\u0101\u017eas M\u0101rti\u0146\u0161 Bots\/Roberts Pl\u016bme un Anda Up\u012bte\/Madara Pavlova piektdien Vinterbergas tras\u0113 Pasaules kausa kamani\u0146u sport\u0101 posm\u0101 izc\u012bn\u012bja&hellip;\n","protected":false},"author":2,"featured_media":66668,"comment_status":"","ping_status":"","sticky":false,"template":"","format":"standard","meta":{"footnotes":""},"categories":[17],"tags":[12707,10482,12706,12705,35,39,38,36,37,34,40,13605,13606,67],"class_list":{"0":"post-66667","1":"post","2":"type-post","3":"status-publish","4":"format-standard","5":"has-post-thumbnail","7":"category-sports","8":"tag-gints-berzins","9":"tag-kamaninu-sports","10":"tag-kendija-aparjode","11":"tag-kristers-aparjods","12":"tag-latvia","13":"tag-latvian","14":"tag-latviesu","15":"tag-latviesu-valoda","16":"tag-latviesuvaloda","17":"tag-latvija","18":"tag-lv","19":"tag-martins-bots","20":"tag-roberts-plume","21":"tag-sports"},"share_on_mastodon":{"url":"https:\/\/pubeurope.com\/@lv\/115668485618417971","error":""},"_links":{"self":[{"href":"https:\/\/www.europesays.com\/lv\/wp-json\/wp\/v2\/posts\/66667","targetHints":{"allow":["GET"]}}],"collection":[{"href":"https:\/\/www.europesays.com\/lv\/wp-json\/wp\/v2\/posts"}],"about":[{"href":"https:\/\/www.europesays.com\/lv\/wp-json\/wp\/v2\/types\/post"}],"author":[{"embeddable":true,"href":"https:\/\/www.europesays.com\/lv\/wp-json\/wp\/v2\/users\/2"}],"replies":[{"embeddable":true,"href":"https:\/\/www.europesays.com\/lv\/wp-json\/wp\/v2\/comments?post=66667"}],"version-history":[{"count":0,"href":"https:\/\/www.europesays.com\/lv\/wp-json\/wp\/v2\/posts\/66667\/revisions"}],"wp:featuredmedia":[{"embeddable":true,"href":"https:\/\/www.europesays.com\/lv\/wp-json\/wp\/v2\/media\/66668"}],"wp:attachment":[{"href":"https:\/\/www.europesays.com\/lv\/wp-json\/wp\/v2\/media?parent=66667"}],"wp:term":[{"taxonomy":"category","embeddable":true,"href":"https:\/\/www.europesays.com\/lv\/wp-json\/wp\/v2\/categories?post=66667"},{"taxonomy":"post_tag","embeddable":true,"href":"https:\/\/www.europesays.com\/lv\/wp-json\/wp\/v2\/tags?post=66667"}],"curies":[{"name":"wp","href":"https:\/\/api.w.org\/{rel}","templated":true}]}}