{"id":66669,"date":"2025-12-05T18:57:11","date_gmt":"2025-12-05T18:57:11","guid":{"rendered":"https:\/\/www.europesays.com\/lv\/66669\/"},"modified":"2025-12-05T18:57:11","modified_gmt":"2025-12-05T18:57:11","slug":"krievija-blokets-simtiem-porsche-automasinu","status":"publish","type":"post","link":"https:\/\/www.europesays.com\/lv\/66669\/","title":{"rendered":"Krievij\u0101 blo\u0137\u0113ts simtiem &#8220;Porsche&#8221; automa\u0161\u012bnu"},"content":{"rendered":"<p class=\"descr\">&#8220;Porsche&#8221; \u012bpa\u0161nieki Krievij\u0101 ir sask\u0101ru\u0161ies ar masveida automa\u0161\u012bnu blo\u0137\u0113\u0161anu satel\u012bta signaliz\u0101cijas probl\u0113mu d\u0113\u013c, raksta &#8220;The Moscow Times&#8221;.<\/p>\n<p>Saska\u0146\u0101 ar d\u012blera teikto, simtiem &#8220;Porsche&#8221; automa\u0161\u012bnu ir &#8220;boj\u0101tas&#8221; un nevar iedarbin\u0101t, jo ir zaud\u0113ts savienojums ar satel\u012bta sist\u0113mu. S\u016bdz\u012bbas ir sa\u0146emtas no Maskavas, Krasnodaras un vair\u0101k\u0101m cit\u0101m pils\u0113t\u0101m. Da\u017ei \u012bpa\u0161nieki var\u0113ja iedarbin\u0101t savas automa\u0161\u012bnas p\u0113c tam, kad akumulators bija atvienots apm\u0113ram desmit stundas, ta\u010du daudziem n\u0101c\u0101s izsaukt evakuatoru.<\/p>\n<p>D\u012bleris apstiprin\u0101ja, ka probl\u0113ma past\u0101v: kop\u0161 28. novembra zvanu skaits par blo\u0137\u0113t\u0101m &#8220;Porsche&#8221; automa\u0161\u012bn\u0101m ir strauji pieaudzis. P\u0113c &#8220;Rolf&#8221; servisa direktores J\u016blijas Tru\u0161kovas teikt\u0101, sist\u0113ma ir p\u0101rst\u0101jusi darboties &#8220;visiem mode\u013ciem un visiem dzin\u0113ju tipiem&#8221;. Vi\u0146a paskaidroja, ka potenci\u0101li var\u0113tu tikt blo\u0137\u0113ta jebkura &#8220;<a href=\"https:\/\/nra.lv\/latvija\/riga\/498917-piekerts-porsche-vaditajs-kurs-traucies-uz-212-km-stunda.htm\" data-item-link=\"true\" data-item-id=\"498917\" rel=\"nofollow noopener\" target=\"_blank\">Porsche&#8221; <\/a>automa\u0161\u012bna. Pa\u0161laik vien\u012bgais veids, k\u0101 atg\u016bt kontroli, ir izjaukt un atiestat\u012bt signaliz\u0101cijas bloku, ta\u010du k\u013c\u016bmes c\u0113lonis joproj\u0101m nav zin\u0101ms.<\/p>\n<p>Uz\u0146\u0113mums neizsl\u0113dz iesp\u0113ju, ka darb\u012bbas trauc\u0113jumi bija &#8220;t\u012b\u0161i&#8221;. Da\u017ei &#8220;Mercedes&#8221; \u012bpa\u0161nieki ir zi\u0146oju\u0161i par l\u012bdz\u012bg\u0101m probl\u0113m\u0101m, ta\u010du tie ir atsevi\u0161\u0137i gad\u012bjumi un neizraisa piln\u012bgu transportl\u012bdzek\u013ca darb\u012bbas trauc\u0113jumus, at\u0161\u0137ir\u012bb\u0101 no &#8220;Porsche&#8221;, kur automa\u0161\u012bna b\u016bt\u012bb\u0101 k\u013c\u016bst par &#8220;\u0137ie\u0123eli&#8221;: dzin\u0113js neiedarbojas, starteris nerea\u0123\u0113, degvielas padeve ir blo\u0137\u0113ta, un signaliz\u0101cija bie\u017ei p\u0101riet uz av\u0101rijas re\u017e\u012bmu.<\/p>\n<p>&#8220;Porsche&#8221; p\u0101rtrauca automa\u0161\u012bnu p\u0101rdo\u0161anu Krievij\u0101 2022. gad\u0101, atsaucoties uz &#8220;nenoteikt\u012bbu un satricin\u0101jumiem&#8221;. Tom\u0113r z\u012bmols ofici\u0101li nav pametis tirgu. Valst\u012b joproj\u0101m ir re\u0123istr\u0113tas tr\u012bs juridiskas personas: &#8220;Porsche Russia&#8221;, &#8220;Porsche Center Moscow&#8221; un &#8220;PFS Russia&#8221;. Uz\u0146\u0113muma p\u0101rst\u0101vji nor\u0101d\u012bja, ka m\u0113\u0123in\u0101jumi p\u0101rdot uz\u0146\u0113mumu ir biju\u0161i neveiksm\u012bgi.<\/p>\n<p>\t\t\t\t\t\tinfo<\/p>\n<p>Uzzini pirmais<br \/>kas interesants noticis Latvij\u0101 un pasaul\u0113,<br \/>pievienojoties mums <a href=\"https:\/\/t.me\/neatkariga\" rel=\"nofollow\">Telegram<\/a> vai <a href=\"https:\/\/whatsapp.com\/channel\/0029VaMLFUH5K3zLU5s4wm3y\" rel=\"nofollow noopener\" target=\"_blank\">Whatsapp<\/a> kan\u0101l\u0101<\/p>\n","protected":false},"excerpt":{"rendered":"&#8220;Porsche&#8221; \u012bpa\u0161nieki Krievij\u0101 ir sask\u0101ru\u0161ies ar masveida automa\u0161\u012bnu blo\u0137\u0113\u0161anu satel\u012bta signaliz\u0101cijas probl\u0113mu d\u0113\u013c, raksta &#8220;The Moscow Times&#8221;. Saska\u0146\u0101&hellip;\n","protected":false},"author":2,"featured_media":66670,"comment_status":"","ping_status":"","sticky":false,"template":"","format":"standard","meta":{"footnotes":""},"categories":[14],"tags":[23,57,28,29,32,33,22,30,31,35,39,38,36,37,34,40,20,26,27,24,25,54,55,56,21,58],"class_list":{"0":"post-66669","1":"post","2":"type-post","3":"status-publish","4":"format-standard","5":"has-post-thumbnail","7":"category-zinas-no-arvalstim","8":"tag-aktualitates","9":"tag-arvalstim","10":"tag-breaking-news","11":"tag-breakingnews","12":"tag-featured-news","13":"tag-featurednews","14":"tag-headlines","15":"tag-latest-news","16":"tag-latestnews","17":"tag-latvia","18":"tag-latvian","19":"tag-latviesu","20":"tag-latviesu-valoda","21":"tag-latviesuvaloda","22":"tag-latvija","23":"tag-lv","24":"tag-news","25":"tag-popularakas-zinas","26":"tag-popularakaszinas","27":"tag-top-stories","28":"tag-topstories","29":"tag-world","30":"tag-world-news","31":"tag-worldnews","32":"tag-zinas","33":"tag-zinas-no-arvalstim"},"share_on_mastodon":{"url":"https:\/\/pubeurope.com\/@lv\/115668493462328213","error":""},"_links":{"self":[{"href":"https:\/\/www.europesays.com\/lv\/wp-json\/wp\/v2\/posts\/66669","targetHints":{"allow":["GET"]}}],"collection":[{"href":"https:\/\/www.europesays.com\/lv\/wp-json\/wp\/v2\/posts"}],"about":[{"href":"https:\/\/www.europesays.com\/lv\/wp-json\/wp\/v2\/types\/post"}],"author":[{"embeddable":true,"href":"https:\/\/www.europesays.com\/lv\/wp-json\/wp\/v2\/users\/2"}],"replies":[{"embeddable":true,"href":"https:\/\/www.europesays.com\/lv\/wp-json\/wp\/v2\/comments?post=66669"}],"version-history":[{"count":0,"href":"https:\/\/www.europesays.com\/lv\/wp-json\/wp\/v2\/posts\/66669\/revisions"}],"wp:featuredmedia":[{"embeddable":true,"href":"https:\/\/www.europesays.com\/lv\/wp-json\/wp\/v2\/media\/66670"}],"wp:attachment":[{"href":"https:\/\/www.europesays.com\/lv\/wp-json\/wp\/v2\/media?parent=66669"}],"wp:term":[{"taxonomy":"category","embeddable":true,"href":"https:\/\/www.europesays.com\/lv\/wp-json\/wp\/v2\/categories?post=66669"},{"taxonomy":"post_tag","embeddable":true,"href":"https:\/\/www.europesays.com\/lv\/wp-json\/wp\/v2\/tags?post=66669"}],"curies":[{"name":"wp","href":"https:\/\/api.w.org\/{rel}","templated":true}]}}