{"id":66681,"date":"2025-12-05T19:19:07","date_gmt":"2025-12-05T19:19:07","guid":{"rendered":"https:\/\/www.europesays.com\/lv\/66681\/"},"modified":"2025-12-05T19:19:07","modified_gmt":"2025-12-05T19:19:07","slug":"hyundai-parsteidz-ar-wrc-sastavu-tenaku-aizvietos-tris-pieredzejusi-brauceji-tvnet-sports","status":"publish","type":"post","link":"https:\/\/www.europesays.com\/lv\/66681\/","title":{"rendered":"&quot;Hyundai&quot; p\u0101rsteidz ar WRC sast\u0101vu. Tenaku aizvietos tr\u012bs pieredz\u0113ju\u0161i brauc\u0113ji &#8211; TVNET Sports"},"content":{"rendered":"<ol>\n<li><a href=\"https:\/\/news.google.com\/rss\/articles\/CBMirAFBVV95cUxPVWIxcXlLTU4yU0hTaUU0ZkVMTHdQWW9Kd29vaHp1Wkd2VTNMSTU3bjVtQ3piNmFhNk94TmdON1hOVk9pR1FlaWNKb0g2UEd5Z25JeUxEaXlvcU9zNlE1UFpZS3Y5S2dObXM5Wjg4a1dpU0xBcUJsb0h0MmN2ZUNHWkVDNV9ieW1uNHYwaV9SMEMxWUdILXVJM2haZUxVMDMzcGdtbFZCTF9jb2la?oc=5\" target=\"_blank\" rel=\"nofollow noopener\">&#8220;Hyundai&#8221; p\u0101rsteidz ar WRC sast\u0101vu. Tenaku aizvietos tr\u012bs pieredz\u0113ju\u0161i brauc\u0113ji<\/a>&nbsp;&nbsp;TVNET Sports<\/li>\n<li><a href=\"https:\/\/news.google.com\/rss\/articles\/CBMingFBVV95cUxOMU9pZjRYZGk2bU05U3ZxeUVuaWp2ZlRWZG94b0xCcU5pVlFfNVZKWG56LWhsUmMyV2JPTUdQblM1MmxjOGpqQ19YaDZwSk5pcmc3RFVENlVJODlHRzM5WEJPel9BdkhPMTViSlo3eVhjalhzaHduenZOYkhscnR1aVNtZWJVYk1jUF8ySGFtTWkxQi14S1N0U295ZEdmUQ?oc=5\" target=\"_blank\" rel=\"nofollow noopener\">Bez Seska. &#8221;Hyundai Motorsport&#8221; pazi\u0146o sast\u0101vu jaunajai WRC sezonai \u2013 Motoru sports<\/a>&nbsp;&nbsp;Sportacentrs.com<\/li>\n<li><a href=\"https:\/\/news.google.com\/rss\/articles\/CBMixwFBVV95cUxQZzdfUzhwUTN2TkhObFNCVGt1ekVnY1ZqbTdMNWNIM2NMWlBvNHhfVEhiTkVqR0oxeHZqNk50bktfVkU0QzlvN2lvNmZobXhPRUpUcU9qdkpCQjFNU09HbDAxYXZUTHU2c3d6UUpfQ1pmVmN1QWlVQU1jVUlETUh5SjZYbWFyWXBDMktVaEpBZnRva1FkeWNKYU1LY011MDFDQVFsR2NtNFhrdndVY2JjdjVGRHVoUzhaMWR6bHhRc0VFSEQ1Ulo0?oc=5\" target=\"_blank\" rel=\"nofollow noopener\">Sordo uz laiku atvad\u0101s no Portug\u0101les rallija \u010dempion\u0101ta \u2013 vai vi\u0146\u0161 atgriez\u012bsies Hyundai?<\/a>&nbsp;&nbsp;Go4speed<\/li>\n<li><a href=\"https:\/\/news.google.com\/rss\/articles\/CBMi3AFBVV95cUxQWGxhMDRjZG5YRWh4TnlZN0JqX053QWpPSDdkTEFvaS1GVEh0UXpSRG9xUDNFNmhaTm9WSkwyY1hlajZfRFJxelpYY2hvQUZKQk5KUHNmd1FDUUIwZEZUYTFDVzNMcGN0djlGTC12dWFlVGpCWWEyYXlBWDlGQ25SUXduTFk4bnJWNHZ1SzhvN3c1UkRYdmZIZ3pGR0x4QXcxVDRYTW1JWThjaUV6bTVEMVRJWUFtcTBKS0RvTkZlSG4tRU1wMHZJZ2o0cmlFSVBPaldyMDh3YmRtSXA5?oc=5\" target=\"_blank\" rel=\"nofollow noopener\">Hyundai p\u0101rsteidz ar pilotu sast\u0101vu: Sesks netiek pie vietas, bet pieredz\u0113ju\u0161i brauc\u0113ji aizpilda tuk\u0161umu<\/a>&nbsp;&nbsp;Lente.lv<\/li>\n<li><a href=\"https:\/\/news.google.com\/rss\/articles\/CBMingFBVV95cUxQZVNST0ktWkRGV2RpSHdxam1sSWdTdjdha0IxOG9nQTNNblo5NlBwN01saU1kejNvVmg0VzhPRVE2aGtlSmRVaEktZzJoR3VsZU5DU0FTcXg2ajBwY0VIWFk4YWpiS3BUVFF0d1FnWUZfZ0lMekdieHVJVEUzSmU2NXF4YmpNcmNwZXJoRHQ1RXV1dkhXejQwUXluaUk3QQ?oc=5\" target=\"_blank\" rel=\"nofollow noopener\">&#8221;Hyundai&#8221;: &#8221;Katru dienu str\u0101d\u0101jam pie iesp\u0113jamiem brauc\u0113ju variantiem&#8221; \u2013 Motoru sports<\/a>&nbsp;&nbsp;Sportacentrs.com<\/li>\n<\/ol>\n","protected":false},"excerpt":{"rendered":"&#8220;Hyundai&#8221; p\u0101rsteidz ar WRC sast\u0101vu. Tenaku aizvietos tr\u012bs pieredz\u0113ju\u0161i brauc\u0113ji&nbsp;&nbsp;TVNET Sports Bez Seska. &#8221;Hyundai Motorsport&#8221; pazi\u0146o sast\u0101vu jaunajai&hellip;\n","protected":false},"author":2,"featured_media":66682,"comment_status":"","ping_status":"","sticky":false,"template":"","format":"standard","meta":{"footnotes":""},"categories":[17],"tags":[35,39,38,36,37,34,40,282,281,67,5675],"class_list":{"0":"post-66681","1":"post","2":"type-post","3":"status-publish","4":"format-standard","5":"has-post-thumbnail","7":"category-sports","8":"tag-latvia","9":"tag-latvian","10":"tag-latviesu","11":"tag-latviesu-valoda","12":"tag-latviesuvaloda","13":"tag-latvija","14":"tag-lv","15":"tag-martins-sesks","16":"tag-rallijs","17":"tag-sports","18":"tag-wrc"},"share_on_mastodon":{"url":"https:\/\/pubeurope.com\/@lv\/115668579996231106","error":""},"_links":{"self":[{"href":"https:\/\/www.europesays.com\/lv\/wp-json\/wp\/v2\/posts\/66681","targetHints":{"allow":["GET"]}}],"collection":[{"href":"https:\/\/www.europesays.com\/lv\/wp-json\/wp\/v2\/posts"}],"about":[{"href":"https:\/\/www.europesays.com\/lv\/wp-json\/wp\/v2\/types\/post"}],"author":[{"embeddable":true,"href":"https:\/\/www.europesays.com\/lv\/wp-json\/wp\/v2\/users\/2"}],"replies":[{"embeddable":true,"href":"https:\/\/www.europesays.com\/lv\/wp-json\/wp\/v2\/comments?post=66681"}],"version-history":[{"count":0,"href":"https:\/\/www.europesays.com\/lv\/wp-json\/wp\/v2\/posts\/66681\/revisions"}],"wp:featuredmedia":[{"embeddable":true,"href":"https:\/\/www.europesays.com\/lv\/wp-json\/wp\/v2\/media\/66682"}],"wp:attachment":[{"href":"https:\/\/www.europesays.com\/lv\/wp-json\/wp\/v2\/media?parent=66681"}],"wp:term":[{"taxonomy":"category","embeddable":true,"href":"https:\/\/www.europesays.com\/lv\/wp-json\/wp\/v2\/categories?post=66681"},{"taxonomy":"post_tag","embeddable":true,"href":"https:\/\/www.europesays.com\/lv\/wp-json\/wp\/v2\/tags?post=66681"}],"curies":[{"name":"wp","href":"https:\/\/api.w.org\/{rel}","templated":true}]}}