{"id":66695,"date":"2025-12-05T19:33:07","date_gmt":"2025-12-05T19:33:07","guid":{"rendered":"https:\/\/www.europesays.com\/lv\/66695\/"},"modified":"2025-12-05T19:33:07","modified_gmt":"2025-12-05T19:33:07","slug":"ultimats-eiropai-asv-pieprasa-lidz-2027-gadam-parnemt-lielako-dalu-nato-aizsardzibas-atbildibas","status":"publish","type":"post","link":"https:\/\/www.europesays.com\/lv\/66695\/","title":{"rendered":"Ultim\u0101ts Eiropai: ASV pieprasa l\u012bdz 2027. gadam p\u0101r\u0146emt liel\u0101ko da\u013cu NATO aizsardz\u012bbas atbild\u012bbas"},"content":{"rendered":"<p>    <img decoding=\"async\" src=\"https:\/\/lastatic.ams3.cdn.digitaloceanspaces.com\/2025\/07\/afp_683m47j-1024x683.jpg\" alt=\"&#10;Donalds Tramps&#10;\"\/><\/p>\n<p>Donalds Tramps<\/p>\n<p>Foto. Scanpix\/Christopher Furlong \/ POOL \/ AFP\n<\/p>\n<p>ASV v\u0113las, lai Eiropa l\u012bdz 2027. gadam p\u0101r\u0146emtu liel\u0101ko da\u013cu NATO aizsardz\u012bbas saist\u012bbu \u2013 no ra\u0137e\u0161u ra\u017eo\u0161anas l\u012bdz izl\u016bko\u0161anas datu v\u0101k\u0161anai, v\u0113sta a\u0123ent\u016bra \u201cReuters\u201d, atsaucoties uz labi inform\u0113tiem avotiem.<\/p>\n<p>        Las\u012bt\u0101kie<br \/>\n        <a data-imagesrc=\"{&quot;300&quot;:&quot;https:\\\/\\\/lastatic.ams3.cdn.digitaloceanspaces.com\\\/2025\\\/12\\\/Untitled-1500-x-1000-px-2025-12-05T094825.508-300x200.jpg&quot;,&quot;1024&quot;:&quot;https:\\\/\\\/lastatic.ams3.cdn.digitaloceanspaces.com\\\/2025\\\/12\\\/Untitled-1500-x-1000-px-2025-12-05T094825.508-1024x683.jpg&quot;,&quot;500&quot;:&quot;https:\\\/\\\/lastatic.ams3.cdn.digitaloceanspaces.com\\\/2025\\\/12\\\/Untitled-1500-x-1000-px-2025-12-05T094825.508-500x333.jpg&quot;,&quot;800&quot;:&quot;https:\\\/\\\/lastatic.ams3.cdn.digitaloceanspaces.com\\\/2025\\\/12\\\/Untitled-1500-x-1000-px-2025-12-05T094825.508-800x533.jpg&quot;,&quot;1500&quot;:&quot;https:\\\/\\\/lastatic.ams3.cdn.digitaloceanspaces.com\\\/2025\\\/12\\\/Untitled-1500-x-1000-px-2025-12-05T094825.508.jpg&quot;}\" data-focuspoint=\"&quot;&quot;\" data-p=\"2476181\" href=\"https:\/\/www.la.lv\/dzilis-atkal-brivs-7-vina-dramas-un-damas-par-kuram-biji-aizmirsis\" class=\"content-item lazy-load\" wp_automatic_readability=\"26.5\" rel=\"nofollow noopener\" target=\"_blank\"><\/p>\n<p>                                <img decoding=\"async\" src=\"\" alt=\"\" style=\"\" data-imageid=\"\"\/><\/p>\n<p>                                Kokteilis<\/p>\n<p>\n                                                D\u017eilis atkal br\u012bvs: 7 vi\u0146a dr\u0101mas un d\u0101mas, par kur\u0101m biji aizmirsis<\/p>\n<p><\/a><a data-imagesrc=\"{&quot;300&quot;:&quot;https:\\\/\\\/lastatic.ams3.cdn.digitaloceanspaces.com\\\/2025\\\/11\\\/png-2-2-300x200.png&quot;,&quot;1024&quot;:&quot;https:\\\/\\\/lastatic.ams3.cdn.digitaloceanspaces.com\\\/2025\\\/11\\\/png-2-2-1024x683.png&quot;,&quot;1536&quot;:&quot;https:\\\/\\\/lastatic.ams3.cdn.digitaloceanspaces.com\\\/2025\\\/11\\\/png-2-2-1536x1024.png&quot;,&quot;500&quot;:&quot;https:\\\/\\\/lastatic.ams3.cdn.digitaloceanspaces.com\\\/2025\\\/11\\\/png-2-2-500x333.png&quot;,&quot;800&quot;:&quot;https:\\\/\\\/lastatic.ams3.cdn.digitaloceanspaces.com\\\/2025\\\/11\\\/png-2-2-800x533.png&quot;,&quot;1800&quot;:&quot;https:\\\/\\\/lastatic.ams3.cdn.digitaloceanspaces.com\\\/2025\\\/11\\\/png-2-2.png&quot;}\" data-focuspoint=\"&quot;&quot;\" data-p=\"2468974\" href=\"https:\/\/www.la.lv\/saikne-ir-magiska-neviens-majdzivnieks-nespej-milet-jus-ta-ka-sis-10-sunu-skirnes\" class=\"content-item lazy-load\" wp_automatic_readability=\"26.5\" rel=\"nofollow noopener\" target=\"_blank\"><\/p>\n<p>                                <img decoding=\"async\" src=\"\" alt=\"\" style=\"\" data-imageid=\"\"\/><\/p>\n<p>\n                                                Saikne ir ma\u0123iska! Neviens m\u0101jdz\u012bvnieks nesp\u0113j m\u012bl\u0113t j\u016bs t\u0101, k\u0101 \u0161\u012bs 10 su\u0146u \u0161\u0137irnes\n                            <\/p>\n<p><\/a><a data-imagesrc=\"{&quot;300&quot;:&quot;https:\\\/\\\/lastatic.ams3.cdn.digitaloceanspaces.com\\\/2025\\\/12\\\/Untitled-1500-x-1000-px-2025-12-05T141512.846-300x200.jpg&quot;,&quot;1024&quot;:&quot;https:\\\/\\\/lastatic.ams3.cdn.digitaloceanspaces.com\\\/2025\\\/12\\\/Untitled-1500-x-1000-px-2025-12-05T141512.846-1024x683.jpg&quot;,&quot;500&quot;:&quot;https:\\\/\\\/lastatic.ams3.cdn.digitaloceanspaces.com\\\/2025\\\/12\\\/Untitled-1500-x-1000-px-2025-12-05T141512.846-500x333.jpg&quot;,&quot;800&quot;:&quot;https:\\\/\\\/lastatic.ams3.cdn.digitaloceanspaces.com\\\/2025\\\/12\\\/Untitled-1500-x-1000-px-2025-12-05T141512.846-800x533.jpg&quot;,&quot;1500&quot;:&quot;https:\\\/\\\/lastatic.ams3.cdn.digitaloceanspaces.com\\\/2025\\\/12\\\/Untitled-1500-x-1000-px-2025-12-05T141512.846.jpg&quot;}\" data-focuspoint=\"&quot;&quot;\" data-p=\"2476678\" href=\"https:\/\/www.la.lv\/aculiecinieka-foto-satiksme-pilniba-bloketa-smaga-avarija-uz-autocela-liepaja-rucava\" class=\"content-item lazy-load\" wp_automatic_readability=\"26.5\" rel=\"nofollow noopener\" target=\"_blank\"><\/p>\n<p>                                <img decoding=\"async\" src=\"\" alt=\"\" style=\"\" data-imageid=\"\"\/><\/p>\n<p>\n                                                Aculiecinieka FOTO. \u201cSatiksme piln\u012bb\u0101 blo\u0137\u0113ta\u2026\u201d Smaga av\u0101rija uz autoce\u013ca Liep\u0101ja-Rucava<\/p>\n<p><\/a><br \/>\n        <a class=\"read-more\" href=\"https:\/\/www.la.lv\/top\" rel=\"nofollow noopener\" target=\"_blank\">Las\u012bt citas zi\u0146as<\/a><\/p>\n<p>\u0160\u012b pras\u012bba izskan\u0113jusi Pentagona amatpersonu, kas atbild\u012bgas par NATO politiku, un vair\u0101ku Eiropas valstu deleg\u0101ciju san\u0101ksm\u0113, kas \u0161oned\u0113\u013c notika Va\u0161ington\u0101. San\u0101ksm\u0113 ASV aizsardz\u012bbas amatpersonas uzsv\u0113ra, ka Va\u0161ingtonu pagaid\u0101m neapmierina temps, k\u0101d\u0101 Eiropa veido savas aizsardz\u012bbas sp\u0113jas p\u0113c 2022. gad\u0101 notiku\u0161\u0101 Krievijas pilna m\u0113roga iebrukuma Ukrain\u0101.<\/p>\n<p>ASV amatpersonas br\u012bdin\u0101ja, ka, ja Eiropa neiev\u0113ros 2027. gada termi\u0146u, ASV var\u0113tu p\u0101rtraukt dal\u012bbu da\u017eos NATO aizsardz\u012bbas koordin\u0101cijas meh\u0101nismos. <\/p>\n<p>    CITI \u0160OBR\u012aD LASA<\/p>\n<p>Nav skaidrs, k\u0101 tie\u0161i ASV nov\u0113rt\u0113s Eiropas progresu \u0161aj\u0101 jaut\u0101jum\u0101, nor\u0101da \u201cReuters\u201d. Nav ar\u012b skaidrs, vai termi\u0146\u0161 atspogu\u013co ASV prezidenta Donalda Trampa administr\u0101cijas nost\u0101ju vai tikai da\u017eu Pentagona amatpersonu viedokli.<\/p>\n<p>Vair\u0101kas Eiropas amatpersonas sarun\u0101 ar a\u0123ent\u016bru nor\u0101d\u012bja, ka 2027. gada termi\u0146\u0161 ir nere\u0101ls. Amatpersonas nor\u0101d\u012bja, ka ar invest\u012bcij\u0101m un politisko gribu vien nepietiek, lai Eiropa \u012bstermi\u0146\u0101 aizst\u0101tu ASV sp\u0113jas.<\/p>\n<p>NATO ofici\u0101lais p\u0101rst\u0101vis \u201cReuters\u201d sac\u012bja, ka Eiropas sabiedrotie ir s\u0101ku\u0161i uz\u0146emties liel\u0101ku atbild\u012bbu par Eiropas dro\u0161\u012bbu. Vi\u0146\u0161 nekoment\u0113ja ASV noteikto termi\u0146u.<\/p>\n<p><a href=\"https:\/\/www.reuters.com\/business\/aerospace-defense\/us-sets-2027-deadline-europe-led-nato-defense-officials-say-2025-12-05\/?fbclid=IwdGRleAOf8y5leHRuA2FlbQIxMQBzcnRjBmFwcF9pZAo2NjI4NTY4Mzc5AAEe0UIrW6YJBPvZTIqUFVysS-WOXpG1HXjMtzX_eGDHuOYKf4GLAKWF7VmBs9s_aem_xxOMyOsB9MlXn4AcHnaeeg\" rel=\"noopener nofollow\" target=\"_blank\">NATO<\/a> sabiedrotie saskaras ar da\u017e\u0101diem sare\u017e\u0123\u012bjumiem, piem\u0113ram, ra\u017eo\u0161anas kav\u0113jumiem milit\u0101r\u0101 apr\u012bkojuma ieg\u0101dei. Lai gan ASV amatpersonas ir mudin\u0101ju\u0161as Eiropu ieg\u0101d\u0101ties vair\u0101k ASV ra\u017eota materi\u0101la, da\u017eu no v\u0113rt\u012bg\u0101kajiem ASV ra\u017eotajiem iero\u010diem un aizsardz\u012bbas sist\u0113m\u0101m pieg\u0101de, ja pat tiktu veikta \u0161odien, pras\u012btu vair\u0101kus gadus.<\/p>\n<p>ASV sniedz iesp\u0113jas, kuras nevar vienk\u0101r\u0161i ieg\u0101d\u0101ties, piem\u0113ram, unik\u0101lu izl\u016bko\u0161anas, nov\u0113ro\u0161anas un rekognosc\u0113\u0161anas sist\u0113mu, kas ir izr\u0101d\u012bjusies \u013coti noz\u012bm\u012bga karam Ukrain\u0101.<\/p>\n<p>Eiropas Savien\u012bba ir izvirz\u012bjusi m\u0113r\u0137i l\u012bdz 2030. gadam sagatavot kontinentu pa\u0161aizsardz\u012bbai un apgalvo, ka tai j\u0101nov\u0113r\u0161 nepiln\u012bbas pretgaisa aizsardz\u012bb\u0101, dronos, kiberkara sp\u0113j\u0101s, mun\u012bcij\u0101 un cit\u0101s jom\u0101s. Amatpersonas un anal\u012bti\u0137i nor\u0101da, ka pat \u0161is termi\u0146\u0161 ir \u013coti ambiciozs.<\/p>\n<p>T\u0113mas<\/p>\n<p>    SAIST\u012aTIE RAKSTI<\/p>\n","protected":false},"excerpt":{"rendered":"Donalds Tramps Foto. Scanpix\/Christopher Furlong \/ POOL \/ AFP ASV v\u0113las, lai Eiropa l\u012bdz 2027. gadam p\u0101r\u0146emtu liel\u0101ko&hellip;\n","protected":false},"author":2,"featured_media":8118,"comment_status":"","ping_status":"","sticky":false,"template":"","format":"standard","meta":{"footnotes":""},"categories":[14],"tags":[23,57,28,29,32,33,22,30,31,35,39,38,36,37,34,40,20,26,27,24,25,54,55,56,21,58],"class_list":{"0":"post-66695","1":"post","2":"type-post","3":"status-publish","4":"format-standard","5":"has-post-thumbnail","7":"category-zinas-no-arvalstim","8":"tag-aktualitates","9":"tag-arvalstim","10":"tag-breaking-news","11":"tag-breakingnews","12":"tag-featured-news","13":"tag-featurednews","14":"tag-headlines","15":"tag-latest-news","16":"tag-latestnews","17":"tag-latvia","18":"tag-latvian","19":"tag-latviesu","20":"tag-latviesu-valoda","21":"tag-latviesuvaloda","22":"tag-latvija","23":"tag-lv","24":"tag-news","25":"tag-popularakas-zinas","26":"tag-popularakaszinas","27":"tag-top-stories","28":"tag-topstories","29":"tag-world","30":"tag-world-news","31":"tag-worldnews","32":"tag-zinas","33":"tag-zinas-no-arvalstim"},"share_on_mastodon":{"url":"https:\/\/pubeurope.com\/@lv\/115668635110607049","error":""},"_links":{"self":[{"href":"https:\/\/www.europesays.com\/lv\/wp-json\/wp\/v2\/posts\/66695","targetHints":{"allow":["GET"]}}],"collection":[{"href":"https:\/\/www.europesays.com\/lv\/wp-json\/wp\/v2\/posts"}],"about":[{"href":"https:\/\/www.europesays.com\/lv\/wp-json\/wp\/v2\/types\/post"}],"author":[{"embeddable":true,"href":"https:\/\/www.europesays.com\/lv\/wp-json\/wp\/v2\/users\/2"}],"replies":[{"embeddable":true,"href":"https:\/\/www.europesays.com\/lv\/wp-json\/wp\/v2\/comments?post=66695"}],"version-history":[{"count":0,"href":"https:\/\/www.europesays.com\/lv\/wp-json\/wp\/v2\/posts\/66695\/revisions"}],"wp:featuredmedia":[{"embeddable":true,"href":"https:\/\/www.europesays.com\/lv\/wp-json\/wp\/v2\/media\/8118"}],"wp:attachment":[{"href":"https:\/\/www.europesays.com\/lv\/wp-json\/wp\/v2\/media?parent=66695"}],"wp:term":[{"taxonomy":"category","embeddable":true,"href":"https:\/\/www.europesays.com\/lv\/wp-json\/wp\/v2\/categories?post=66695"},{"taxonomy":"post_tag","embeddable":true,"href":"https:\/\/www.europesays.com\/lv\/wp-json\/wp\/v2\/tags?post=66695"}],"curies":[{"name":"wp","href":"https:\/\/api.w.org\/{rel}","templated":true}]}}