{"id":66699,"date":"2025-12-05T19:38:10","date_gmt":"2025-12-05T19:38:10","guid":{"rendered":"https:\/\/www.europesays.com\/lv\/66699\/"},"modified":"2025-12-05T19:38:10","modified_gmt":"2025-12-05T19:38:10","slug":"kuri-7-produkti-latvija-var-klut-dargaki-un-kur-ietaupit","status":"publish","type":"post","link":"https:\/\/www.europesays.com\/lv\/66699\/","title":{"rendered":"kuri 7 produkti Latvij\u0101 var \u0137\u013c\u016bt d\u0101rg\u0101ki (un kur ietaup\u012bt)"},"content":{"rendered":"<p><img loading=\"lazy\" decoding=\"async\" class=\"lazy lazy-hidden alignnone size-full wp-image-228017\" src=\"data:image\/gif;base64,R0lGODlhAQABAIAAAAAAAP\/\/\/yH5BAEAAAAALAAAAAABAAEAAAIBRAA7\" data-lazy-type=\"image\" data-lazy-src=\"https:\/\/www.europesays.com\/lv\/wp-content\/uploads\/2025\/12\/tunder.jpg\" alt=\"\" width=\"818\" height=\"517\" data-lazy- data-lazy-\/><\/p>\n<p>Latvijas statistikas dati liecina par cenu k\u0101puma tendenc\u0113m p\u0113d\u0113j\u0101 ceturk\u0161\u0146a s\u0101kum\u0101, tuvojoties lielajiem gada sv\u0113tkiem. \u0160is padzi\u013cin\u0101tais p\u0101rskats atspogu\u013co, kuros produktu segmentos tiek nov\u0113rota visaugst\u0101k\u0101 cenu pieauguma iesp\u0113jam\u012bba un kur\u0101s kategorij\u0101s cenas saglab\u0101jas stabilas.<\/p>\n<p>Iepaz\u012b\u0161an\u0101s ar \u0161o tirgus dinamiku \u013cauj pat\u0113r\u0113t\u0101jiem laikus sagatavoties un efekt\u012bvi pl\u0101not m\u0101jsaimniec\u012bbas izdevumus.<\/p>\n<p><img loading=\"lazy\" decoding=\"async\" class=\"lazy lazy-hidden alignnone size-full wp-image-228024\" src=\"data:image\/gif;base64,R0lGODlhAQABAIAAAAAAAP\/\/\/yH5BAEAAAAALAAAAAABAAEAAAIBRAA7\" data-lazy-type=\"image\" data-lazy-src=\"https:\/\/www.europesays.com\/lv\/wp-content\/uploads\/2025\/12\/galva4.jpg\" alt=\"\" width=\"818\" height=\"488\" data-lazy- data-lazy-\/><\/p>\n<p>D\u0101rdz\u012bbas riski p\u0101rtikas segment\u0101: 7 produktu grupas<\/p>\n<p>Tuvojoties Ziemassv\u0113tku un Jaun\u0101 gada svin\u012bbu periodam, piepras\u012bjums p\u0113c sv\u0113tku sast\u0101vda\u013c\u0101m tradicion\u0101li strauji palielin\u0101s. \u0160\u012b segmenta anal\u012bze liecina, ka tie\u0161i \u0161\u012bs 7 produktu grupas parasti uzr\u0101da visstrauj\u0101ko cenu k\u0101pumu:<\/p>\n<p>Vistu olas: V\u0113sturiski ir viens no pirmajiem produktiem, kuram pieaug cena, ko liel\u0101 m\u0113r\u0101 nosaka paaugstin\u0101tais piepras\u012bjums sv\u0113tku cep\u0161anas un kulin\u0101rijas m\u0113r\u0137iem.<\/p>\n<p>Ga\u013cas produkti: C\u016bkga\u013cas un vistas cenas parasti palielina kop\u0113jo sv\u0113tku galda izmaksu indeksu. Iecien\u012bt\u0101ko cep\u0161anai paredz\u0113to gabalu cenas bie\u017ei main\u0101s visstrauj\u0101k.<\/p>\n<p>Makaroni: Cenu pieaugums \u0161aj\u0101 pamatproduktu segment\u0101, lai gan tas nav tie\u0161i saist\u012bts ar sv\u0113tku galdu, nor\u0101da uz visp\u0101r\u0113ju ra\u017eo\u0161anas vai izmaksu sad\u0101rdzin\u0101jumu tirg\u016b.<\/p>\n<p>Kartupe\u013ci: Ziemas d\u0101rze\u0146i var k\u013c\u016bt d\u0101rg\u0101ki, ko tie\u0161i ietekm\u0113 gan ener\u0123ijas izmaksas noliktav\u0101m, gan lo\u0123istikas \u0137\u0113\u017eu sad\u0101rdzin\u0101jums.<\/p>\n<p>K\u0101posti un Bietes: \u0160ie d\u0101rze\u0146i, kas ir svar\u012bgi ziemas \u0113dienkart\u0113, parasti demonstr\u0113 cenu k\u0101pumu, tuvojoties ziemas vidum.<\/p>\n<p>Burk\u0101ni: D\u0101rzenis, kas ir b\u016btisks gan ikdienas, gan sv\u0113tku \u0113dienos, ar\u012b iek\u013caujas d\u0101rg\u0101ko kategorij\u0101.<\/p>\n<p>Saldumi un Cukurs: Augsts piepras\u012bjums p\u0113c izejviel\u0101m desertiem un pa\u0161u saldumu cen\u0101m ir sezon\u0101li tipisks.<\/p>\n<p><img loading=\"lazy\" decoding=\"async\" class=\"lazy lazy-hidden alignnone size-full wp-image-228023\" src=\"data:image\/gif;base64,R0lGODlhAQABAIAAAAAAAP\/\/\/yH5BAEAAAAALAAAAAABAAEAAAIBRAA7\" data-lazy-type=\"image\" data-lazy-src=\"https:\/\/www.europesays.com\/lv\/wp-content\/uploads\/2025\/12\/galva5.jpg\" alt=\"\" width=\"818\" height=\"523\" data-lazy- data-lazy-\/><\/p>\n<p>K\u0101p\u0113c Cenas Main\u0101s? Lo\u0123istikas un Sezonalit\u0101tes Ietekme<\/p>\n<p>Cenu dinamiku liel\u0101koties ietekm\u0113 divi galvenie faktori:<\/p>\n<p>Sezon\u0101lais piepras\u012bjums: Liels piepras\u012bjums p\u0113c konkr\u0113tiem produktiem (olas, ga\u013ca) rada tirgus spiedienu, kas veicina cenu cel\u0161anos.<\/p>\n<p>\n&#13;<br \/>\n&#13;<br \/>\n&#13;<br \/>\n&#13;<br \/>\nVIDEO: &#13;<br \/>\n &#13;<\/p>\n<p>Uzglab\u0101\u0161anas izmaksas: Ruden\u012b nov\u0101ktie d\u0101rze\u0146i (piem\u0113ram, bietes, kartupe\u013ci) ar katru m\u0113nesi palielina savu cenu, jo pieaug ener\u0123ijas izmaksas to uzglab\u0101\u0161anai.<\/p>\n<p><img loading=\"lazy\" decoding=\"async\" class=\"lazy lazy-hidden alignnone size-full wp-image-228026\" src=\"data:image\/gif;base64,R0lGODlhAQABAIAAAAAAAP\/\/\/yH5BAEAAAAALAAAAAABAAEAAAIBRAA7\" data-lazy-type=\"image\" data-lazy-src=\"https:\/\/www.europesays.com\/lv\/wp-content\/uploads\/2025\/12\/galva.jpg\" alt=\"\" width=\"818\" height=\"471\" data-lazy- data-lazy-\/><\/p>\n<p>Cenu Stabilit\u0101te un Samazin\u0101jums \u2014 Bud\u017eeta Atsl\u0101bums<\/p>\n<p>Statistikas p\u0101rskats liecina, ka ne visos segmentos ir v\u0113rojams cenu k\u0101pums. \u0160\u012bs kategorijas pal\u012bdz l\u012bdzsvarot m\u0101jsaimniec\u012bbas bud\u017eetu:<\/p>\n<p>Gur\u0137i un R\u012bsi: \u0160o produktu cenas bie\u017ei vien ir stabil\u0101kas vai pat samazin\u0101s sal\u012bdzin\u0101jum\u0101 ar iepriek\u0161\u0113jo periodu.<\/p>\n<p>Konserv\u0113ti produkti: Konserv\u0113tas d\u0101rze\u0146u un ogu rezerves parasti ir maz\u0101k pak\u013cautas sv\u0113tku sv\u0101rst\u012bb\u0101m.<\/p>\n<p>Pamata preces ar ilgu glab\u0101\u0161anas laiku: Cenas t\u0101d\u0101m pamatprec\u0113m k\u0101 maizei, s\u0101lim un atsevi\u0161\u0137iem desu veidiem saglab\u0101ju\u0161\u0101s iepriek\u0161\u0113j\u0101 l\u012bmen\u012b.<\/p>\n<p>B\u0113rnu p\u0101rtika: Nov\u0113rots neliels cenu samazin\u0101jums da\u017eu b\u0113rnu p\u0101rtikas veidiem.<\/p>\n<p><img loading=\"lazy\" decoding=\"async\" class=\"lazy lazy-hidden alignnone size-full wp-image-228025\" src=\"data:image\/gif;base64,R0lGODlhAQABAIAAAAAAAP\/\/\/yH5BAEAAAAALAAAAAABAAEAAAIBRAA7\" data-lazy-type=\"image\" data-lazy-src=\"https:\/\/www.europesays.com\/lv\/wp-content\/uploads\/2025\/12\/galva2.jpg\" alt=\"\" width=\"818\" height=\"496\" data-lazy- data-lazy-\/><\/p>\n<p>Pla\u0161\u0101ks Pat\u0113ri\u0146a Grozs: Sadz\u012bves un Tehnolo\u0123iju Segmenti<\/p>\n<p>Lai gan uzman\u012bbas centr\u0101 ir p\u0101rtika, svar\u012bgi ir apskat\u012bt ar\u012b citu pre\u010du kategoriju tendences:<\/p>\n<p>Sadz\u012bves \u0137\u012bmija: \u0160aj\u0101 segment\u0101 tiek nov\u0113rota augsta stabilit\u0101te. Pre\u010du, piem\u0113ram, ve\u013cas pulvera un saimniec\u012bbas ziepju, izmaksas ir vai nu stabilas, vai pat nedaudz samazin\u0101ju\u0161\u0101s.<\/p>\n<p>Tehnika: Elektronikas (viedt\u0101lru\u0146i, televizori) jom\u0101 v\u0113rojams l\u0113ns un m\u0113rens cenu pieaugums, kas nep\u0101rsniedz vienu procentu. \u0160is pak\u0101peniskais pieaugums atspogu\u013co glob\u0101lo tendenci, bet nav tik strauj\u0161 k\u0101 p\u0101rtikas segment\u0101. B\u016btisk\u0101kas cenu korekcijas parasti notiek tikai n\u0101kam\u0101 gada pirmaj\u0101 ceturksn\u012b.<\/p>\n<p><img loading=\"lazy\" decoding=\"async\" class=\"lazy lazy-hidden alignnone size-full wp-image-228021\" src=\"data:image\/gif;base64,R0lGODlhAQABAIAAAAAAAP\/\/\/yH5BAEAAAAALAAAAAABAAEAAAIBRAA7\" data-lazy-type=\"image\" data-lazy-src=\"https:\/\/www.europesays.com\/lv\/wp-content\/uploads\/2025\/12\/galvagalva.jpg\" alt=\"\" width=\"818\" height=\"449\" data-lazy- data-lazy-\/><\/p>\n<p>Nobeigums<\/p>\n<p>Iepaz\u012bstoties ar nov\u0113rotaj\u0101m cenu tendenc\u0113m, pat\u0113r\u0113t\u0101ji var izdar\u012bt secin\u0101jumus par to, k\u0101 r\u012bkoties ar iepirkumu sarakstu sv\u0113tku period\u0101. Statistika skaidri iez\u012bm\u0113 t\u0101s pre\u010du grupas, kur\u0101s past\u0101v augsts d\u0101rdz\u012bbas risks, un t\u0101s, kur\u0101s var saglab\u0101t stabilit\u0101ti.<\/p>\n<p>Galvenais ir atcer\u0113ties, ka cenas vienm\u0113r ir dinamiskas un t\u0101s main\u0101s atkar\u012bb\u0101 no piepras\u012bjuma, pied\u0101v\u0101juma un lo\u0123istikas izmaks\u0101m. \u0160\u0101ds p\u0101rskats pal\u012bdz veidot racion\u0101lu priek\u0161statu par gaid\u0101majiem izdevumiem.<\/p>\n","protected":false},"excerpt":{"rendered":"Latvijas statistikas dati liecina par cenu k\u0101puma tendenc\u0113m p\u0113d\u0113j\u0101 ceturk\u0161\u0146a s\u0101kum\u0101, tuvojoties lielajiem gada sv\u0113tkiem. \u0160is padzi\u013cin\u0101tais p\u0101rskats&hellip;\n","protected":false},"author":2,"featured_media":66700,"comment_status":"","ping_status":"","sticky":false,"template":"","format":"standard","meta":{"footnotes":""},"categories":[16],"tags":[77,76,35,39,38,36,37,34,40],"class_list":{"0":"post-66699","1":"post","2":"type-post","3":"status-publish","4":"format-standard","5":"has-post-thumbnail","7":"category-bizness","8":"tag-bizness","9":"tag-business","10":"tag-latvia","11":"tag-latvian","12":"tag-latviesu","13":"tag-latviesu-valoda","14":"tag-latviesuvaloda","15":"tag-latvija","16":"tag-lv"},"share_on_mastodon":{"url":"https:\/\/pubeurope.com\/@lv\/115668654656059323","error":""},"_links":{"self":[{"href":"https:\/\/www.europesays.com\/lv\/wp-json\/wp\/v2\/posts\/66699","targetHints":{"allow":["GET"]}}],"collection":[{"href":"https:\/\/www.europesays.com\/lv\/wp-json\/wp\/v2\/posts"}],"about":[{"href":"https:\/\/www.europesays.com\/lv\/wp-json\/wp\/v2\/types\/post"}],"author":[{"embeddable":true,"href":"https:\/\/www.europesays.com\/lv\/wp-json\/wp\/v2\/users\/2"}],"replies":[{"embeddable":true,"href":"https:\/\/www.europesays.com\/lv\/wp-json\/wp\/v2\/comments?post=66699"}],"version-history":[{"count":0,"href":"https:\/\/www.europesays.com\/lv\/wp-json\/wp\/v2\/posts\/66699\/revisions"}],"wp:featuredmedia":[{"embeddable":true,"href":"https:\/\/www.europesays.com\/lv\/wp-json\/wp\/v2\/media\/66700"}],"wp:attachment":[{"href":"https:\/\/www.europesays.com\/lv\/wp-json\/wp\/v2\/media?parent=66699"}],"wp:term":[{"taxonomy":"category","embeddable":true,"href":"https:\/\/www.europesays.com\/lv\/wp-json\/wp\/v2\/categories?post=66699"},{"taxonomy":"post_tag","embeddable":true,"href":"https:\/\/www.europesays.com\/lv\/wp-json\/wp\/v2\/tags?post=66699"}],"curies":[{"name":"wp","href":"https:\/\/api.w.org\/{rel}","templated":true}]}}