{"id":6670,"date":"2025-09-28T03:03:19","date_gmt":"2025-09-28T03:03:19","guid":{"rendered":"https:\/\/www.europesays.com\/lv\/6670\/"},"modified":"2025-09-28T03:03:19","modified_gmt":"2025-09-28T03:03:19","slug":"raina-un-jauniesu-balsis-teatra-rudens-sezona-pardomas-un-atklasmes-lente-lv","status":"publish","type":"post","link":"https:\/\/www.europesays.com\/lv\/6670\/","title":{"rendered":"Rai\u0146a Un Jaunie\u0161u Balsis Te\u0101tra Rudens Sezon\u0101: P\u0101rdomas Un Atkl\u0101smes\u00a0\u2014\u00a0Lente.lv"},"content":{"rendered":"<p>Te\u0101tra Rudens: Rai\u0146a Klasika Un M\u016bsdienu Jaun\u012bba Uz Skatuves<\/p>\n<p>Rudens te\u0101tra sezona Latvij\u0101 sol\u0101s b\u016bt bag\u0101t\u012bga un daudzveid\u012bga, pied\u0101v\u0101jot gan dzi\u013cas p\u0101rdomas rosino\u0161us klasikas iestud\u0113jumus, gan svaigus un aktu\u0101lus jaunie\u0161u pieredzes st\u0101stus. Divi no karst\u0101kajiem tematiem, kas piesaista te\u0101tram\u012b\u013cu uzman\u012bbu, ir J\u0101\u0146a Rai\u0146a jaun\u012bbas tra\u0123\u0113dijas \u201cIndulis un \u0100rija\u201d jauniestud\u0113jums Latvijas Nacion\u0101laj\u0101 te\u0101tr\u012b Indras Rogas re\u017eij\u0101, k\u0101 ar\u012b jaun\u0101 re\u017eisora Gusta \u0100beles aizraujo\u0161ais darbs \u201cKlusums un troksnis\u201d. Paral\u0113li tam R\u012bg\u0101 gaid\u0101mas ar\u012b viesizr\u0101des no kaimi\u0146valst\u012bm, kas skat\u012bt\u0101jus aicin\u0101s uz v\u0113l nebiju\u0161iem piedz\u012bvojumiem.<\/p>\n<p>Rai\u0146a \u201cIndulis un \u0100rija\u201d: Klasika M\u016bsdienu Interpret\u0101cij\u0101<\/p>\n<p>Latvijas Nacion\u0101l\u0101 te\u0101tra 107. sezonu atkl\u0101jis v\u0113rien\u012bgs Rai\u0146a monument\u0101l\u0101 darba \u201cIndulis un \u0100rija\u201d jauniestud\u0113jums, kas tapusi par godu di\u017e\u0101 dzejnieka 160. jubilejai. Indra Roga, kura pati 1999. gad\u0101 \u0161\u012bs lugas iestud\u0113jum\u0101 atveidoja \u0100rijas lomu, \u0161oreiz \u0137\u0113rusies pie re\u017eijas, pie\u0161\u0137irot darbam \u201cbalt\u0101s tra\u0123\u0113dijas\u201d \u017eanrisko defin\u012bciju. \u0160\u012b interpret\u0101cija uzsver v\u0113st\u012bjuma t\u012br\u012bbu un eksistenci\u0101lo dzi\u013cumu, atkl\u0101jot, ka \u201cuzvar\u0101 sl\u0113pjas zaud\u0113jums un zaud\u0113jum\u0101 uzvara\u201d. Izr\u0101de ir jaud\u012bgs velt\u012bjums latvie\u0161u kult\u016bras kodolam un nacion\u0101lajai identit\u0101tei, dzi\u013ci p\u0113tot tautas identit\u0101ti, br\u012bv\u012bbas cenu un mazas tautas ties\u012bbas uz pa\u0161noteik\u0161anos.<\/p>\n<p>Si\u017eets, kas balst\u012bts uz 13. gadsimta Kurzemes br\u012bv\u012bbas c\u012b\u0146u fonu, ataino k\u016bru virsai\u0161a Indu\u013ca un v\u0101cu bru\u0146inieka meitas \u0100rijas likten\u012bgo m\u012blest\u012bbu. \u0160is st\u0101sts, bie\u017ei d\u0113v\u0113ts par latvie\u0161u \u201cRomeo un D\u017euljetu\u201d, v\u0113sta par cilv\u0113cisk\u0101s izv\u0113les sare\u017e\u0123\u012bt\u012bbu un instinktu varu p\u0101r apzi\u0146u, radot dzi\u013cu rezonansi ar\u012b m\u016bsdienu skat\u012bt\u0101j\u0101. Lai gan lugas vizu\u0101lais t\u0113ls da\u017ebr\u012bd\u012b var \u0161\u0137ist arhaisks, piem\u0113ram, lei\u0161u b\u0101rdas un \u0100rijas t\u0113ls, kas atg\u0101dina \u201cGredzenu pav\u0113lnieka\u201d varoni, pats Rai\u0146a teksts un t\u0101 izcel\u0161ana ir spilgta un uzteicama. \u0112rika E\u0161envalda m\u016bzika, ko izpild\u012bjis Valsts akad\u0113miskais koris \u201cLatvija\u201d diri\u0123enta M\u0101ra Sirm\u0101 vad\u012bb\u0101, pie\u0161\u0137ir izr\u0101dei \u012bpa\u0161u emocion\u0101lu un akustisku skan\u0113jumu. Izr\u0101des aktiersp\u0113le ir nevienm\u0113r\u012bga, ta\u010du kopum\u0101 darbs pied\u0101v\u0101 p\u0101rdomu rosino\u0161u pieredzi, kas liks sajust Rai\u0146a v\u0113st\u012bjumu ar sirdi.<\/p>\n<p>\u201cKlusums un troksnis\u201d: Jaun\u012bbas pieredze un izaugsmes izaicin\u0101jumi<\/p>\n<p>Re\u017eisora Gusta \u0100beles iestud\u0113jums \u201cKlusums un troksnis\u201d, kas skat\u0101ms Latvijas Nacion\u0101l\u0101 te\u0101tra Jaunaj\u0101 z\u0101l\u0113, ir aizraujo\u0161s ce\u013cojums jaunie\u0161u pasaul\u0113. Izr\u0101de veidota p\u0113c \u0100beles pa\u0161a rom\u0101niem \u201cPasaul\u0113 m\u012b\u013c\u0101kais klusums\u201d un t\u0101 gaid\u0101m\u0101 turpin\u0101juma \u201cPasaul\u0113 m\u012b\u013c\u0101kais troksnis\u201d mot\u012bviem. T\u0101 ir st\u0101sta par \u0123imn\u0101zistu Svensu un vi\u0146a draugiem, kuri pand\u0113mijas laiku pavada kop\u012bg\u0101 dz\u012bvokl\u012b, baudot boh\u0113misku dz\u012bvesveidu un sap\u0146ojot par m\u0101kslu un pieaug\u0161anu.<\/p>\n<p>\u0160is ir st\u0101sts par pirm\u0101s m\u012blest\u012bbas s\u0101p\u0113m, nep\u0101rvaram\u0101m distanc\u0113m un nemit\u012bgas tuv\u012bbas izmisumu. \u0100beles autordarbs ir drosm\u012bgs m\u0113\u0123in\u0101jums uz skatuves interpret\u0113t liter\u0101ro universu, radot jaunu m\u0101kslas darbu, nevis vienk\u0101r\u0161i tulkojot rom\u0101nus. Izr\u0101des vizu\u0101lais noform\u0113jums un m\u016bzika, kas rad\u012bta \u012bpa\u0161i izr\u0101dei, pie\u0161\u0137ir tai unik\u0101lu atmosf\u0113ru. Jaunie\u0161u dz\u012bves dinamika, vi\u0146u sap\u0146i un gr\u016bt\u012bbas tiek atspogu\u013cotas ar svaigu un atkl\u0101tu skat\u012bjumu, liekot skat\u012bt\u0101jiem just l\u012bdzi un p\u0101rdom\u0101t pa\u0161u pieredzi. Skat\u012bt\u0101ju milz\u012bg\u0101 interese jau likusi pievienot papildizr\u0101des, apliecinot \u0161\u012b jaun\u012bbas uzveduma noz\u012bm\u012bgumu.<\/p>\n<p>Kaimi\u0146valstu Te\u0101tru Pied\u0101v\u0101jums R\u012bg\u0101<\/p>\n<p>Papildus viet\u0113jiem iestud\u0113jumiem, 4. oktobr\u012b R\u012bg\u0101 viesosies te\u0101tri no kaimi\u0146valst\u012bm, pied\u0101v\u0101jot skat\u012bt\u0101jiem iesp\u0113ju iepaz\u012bties ar Baltijas valstu te\u0101tra m\u0101kslas daudzveid\u012bbu. \u0122ertr\u016bdes ielas te\u0101tris aicin\u0101s uz Tartu Jaun\u0101 te\u0101tra performat\u012bvo p\u0113t\u012bjumu par ilgo\u0161anos \u201cKas notiks, kad m\u0113s vairs neb\u016bsim \u0161eit?\u201d. Lai gan izr\u0101de ir igau\u0146u valod\u0101, t\u0101s minim\u0101listiskais teksta saturs un sp\u0113c\u012bgais vizu\u0101lais noform\u0113jums padara to saprotamu ar\u012b starpkult\u016bru kontekst\u0101. Savuk\u0101rt Vi\u013c\u0146as le\u013c\u013cu te\u0101tris \u201cLele\u201d Latvijas Le\u013c\u013cu te\u0101tr\u012b pied\u0101v\u0101s izr\u0101di \u201cIzv\u0113le\u201d, kas skat\u0101ma skat\u012bt\u0101jiem vecum\u0101 virs 14 gadiem. \u0160\u012b izr\u0101de v\u0113sta par Otr\u0101 pasaules kara laika tra\u0123\u0113diju un cilv\u0113ka sp\u0113ju izdz\u012bvot pat vissare\u017e\u0123\u012bt\u0101kajos apst\u0101k\u013cos, balstoties uz Ed\u012btes Egeres patieso st\u0101stu.<\/p>\n<p>\u0160ie divi te\u0101tra jaunumu apskati \u2013 Rai\u0146a \u201cIndulis un \u0100rija\u201d un Gusta \u0100beles \u201cKlusums un troksnis\u201d \u2013 kop\u0101 ar kaimi\u0146valstu viesizr\u0101d\u0113m veido aizraujo\u0161u un dom\u0101m bag\u0101tu rudens te\u0101tra sezonas s\u0101kumu, pied\u0101v\u0101jot skat\u012bt\u0101jiem gan atskat\u012bties pag\u0101tn\u0113, gan iedzi\u013cin\u0101ties m\u016bsdienu jaunie\u0161u pieredz\u0113.<\/p>\n","protected":false},"excerpt":{"rendered":"Te\u0101tra Rudens: Rai\u0146a Klasika Un M\u016bsdienu Jaun\u012bba Uz Skatuves Rudens te\u0101tra sezona Latvij\u0101 sol\u0101s b\u016bt bag\u0101t\u012bga un daudzveid\u012bga,&hellip;\n","protected":false},"author":2,"featured_media":6671,"comment_status":"","ping_status":"","sticky":false,"template":"","format":"standard","meta":{"footnotes":""},"categories":[19],"tags":[89,2896,1377,90,2897,35,39,38,36,37,34,40,1378,1176],"class_list":{"0":"post-6670","1":"post","2":"type-post","3":"status-publish","4":"format-standard","5":"has-post-thumbnail","7":"category-izklaide","8":"tag-entertainment","9":"tag-gusta-abele","10":"tag-indulis-un-arija","11":"tag-izklaide","12":"tag-klusums-un-troksnis","13":"tag-latvia","14":"tag-latvian","15":"tag-latviesu","16":"tag-latviesu-valoda","17":"tag-latviesuvaloda","18":"tag-latvija","19":"tag-lv","20":"tag-rainis","21":"tag-teatris"},"share_on_mastodon":{"url":"","error":""},"_links":{"self":[{"href":"https:\/\/www.europesays.com\/lv\/wp-json\/wp\/v2\/posts\/6670","targetHints":{"allow":["GET"]}}],"collection":[{"href":"https:\/\/www.europesays.com\/lv\/wp-json\/wp\/v2\/posts"}],"about":[{"href":"https:\/\/www.europesays.com\/lv\/wp-json\/wp\/v2\/types\/post"}],"author":[{"embeddable":true,"href":"https:\/\/www.europesays.com\/lv\/wp-json\/wp\/v2\/users\/2"}],"replies":[{"embeddable":true,"href":"https:\/\/www.europesays.com\/lv\/wp-json\/wp\/v2\/comments?post=6670"}],"version-history":[{"count":0,"href":"https:\/\/www.europesays.com\/lv\/wp-json\/wp\/v2\/posts\/6670\/revisions"}],"wp:featuredmedia":[{"embeddable":true,"href":"https:\/\/www.europesays.com\/lv\/wp-json\/wp\/v2\/media\/6671"}],"wp:attachment":[{"href":"https:\/\/www.europesays.com\/lv\/wp-json\/wp\/v2\/media?parent=6670"}],"wp:term":[{"taxonomy":"category","embeddable":true,"href":"https:\/\/www.europesays.com\/lv\/wp-json\/wp\/v2\/categories?post=6670"},{"taxonomy":"post_tag","embeddable":true,"href":"https:\/\/www.europesays.com\/lv\/wp-json\/wp\/v2\/tags?post=6670"}],"curies":[{"name":"wp","href":"https:\/\/api.w.org\/{rel}","templated":true}]}}