{"id":66708,"date":"2025-12-05T19:50:07","date_gmt":"2025-12-05T19:50:07","guid":{"rendered":"https:\/\/www.europesays.com\/lv\/66708\/"},"modified":"2025-12-05T19:50:07","modified_gmt":"2025-12-05T19:50:07","slug":"latvija-prezentets-izcili-neglitais-bmw-ix3-neue-klasse-elektroauto-2","status":"publish","type":"post","link":"https:\/\/www.europesays.com\/lv\/66708\/","title":{"rendered":"Latvij\u0101 prezent\u0113ts izcili negl\u012btais \u201cBMW iX3 Neue Klasse\u201d elektroauto"},"content":{"rendered":"<p>Ofici\u0101lais BMW p\u0101rst\u0101vis Latvij\u0101 \u201cInchcape Motors Latvia\u201d \u0161oned\u0113\u013c prezent\u0113ja BMW iX3 luksusa klases kompakto elektrisko krosoveru BMW iX3. Tas ir pirmais s\u0113rijveid\u0101 ra\u017eotais jaun\u0101s Neue Klasse modelis un \u0161\u0101da nosaukuma izv\u0113le jaunaj\u0101m ma\u0161\u012bn\u0101m liecina par to, cik lielu noz\u012bmi tam piev\u0113r\u0161 BMW. K\u0101 nek\u0101 pag\u0101ju\u0161\u0101 gadsimta se\u0161desmitajos gados BMW ar t\u0101du pa\u0161u <a href=\"https:\/\/en.wikipedia.org\/wiki\/BMW_New_Class\" rel=\"nofollow noopener\" target=\"_blank\">Neue Klasse<\/a> apz\u012bm\u0113jumu izlaida vair\u0101kus nu jau le\u0123end\u0101rus mode\u013cus, kas autora\u017eot\u0101jam pal\u012bdz\u0113ja k\u013c\u016bt par to, kas tas ir \u0161odien. \u0160\u012b jaun\u0101 platforma un uz t\u0101s veidotie auto mode\u013ci ir viens no liel\u0101kajiem invest\u012bciju projektiem komp\u0101nijas v\u0113stur\u0113.\n<\/p>\n<p>Svar\u012bgi piez\u012bm\u0113t, ka jaunais BMW iX3 ir piln\u012bb\u0101 elektrisks auto no platformas (ko \u0161is auto vairs nedala ar citas piedzi\u0146as veidu mode\u013ciem) l\u012bdz pat savas negl\u012bt\u0101s virsb\u016bves vis\u0101m \u0161\u0137autn\u0113m.\n<\/p>\n<p><a href=\"https:\/\/www.europesays.com\/lv\/wp-content\/uploads\/2025\/12\/Screenshot-2025-12-05-at-17.11.33.png\"><img fetchpriority=\"high\" decoding=\"async\" class=\"aligncenter size-full wp-image-340843\" src=\"https:\/\/www.europesays.com\/lv\/wp-content\/uploads\/2025\/12\/Screenshot-2025-12-05-at-17.11.33.png\" alt=\"\" width=\"1233\" height=\"949\"  \/><\/a>\n<\/p>\n<p><a href=\"https:\/\/www.europesays.com\/lv\/wp-content\/uploads\/2025\/12\/BMW-iX3-50-xDrive-Spacesilver-035-Large.jpeg\"><img loading=\"lazy\" decoding=\"async\" class=\"aligncenter size-full wp-image-340789\" src=\"https:\/\/www.europesays.com\/lv\/wp-content\/uploads\/2025\/12\/BMW-iX3-50-xDrive-Spacesilver-035-Large.jpeg\" alt=\"\" width=\"1280\" height=\"720\"  \/><\/a>Jaunais otr\u0101s paaudzes BMW iX3 ir b\u016bv\u0113ts uz 800 voltu arhitekt\u016bras b\u0101zes un pirmaj\u0101 \u0161\u012b auto versij\u0101 (BMW iX3 50 xDrive) auto ir apr\u012bkots ar jauna tipa 108 kWh NMC tipa litija jonu akumulatoru, kas sp\u0113j nodro\u0161in\u0101t l\u012bdz aptuveni 800 km nobraukumam (WLTP). \u0160o auto pie l\u012bdzstr\u0101vas l\u0101d\u0113t\u0101jiem var\u0113sim uzl\u0101d\u0113t ar l\u012bdz 400 kW jaudu. Protams, ja kaut kur izdosies atrast tik lielas jaudas l\u0101d\u0113t\u0101ju. Jaun\u0101s klases pirmais p\u0101rst\u0101vis nodro\u0161in\u0101s vair\u0101kus atgriezenisk\u0101s uzl\u0101des re\u017e\u012bmus: V2H (vehicle-to-home), V2G (vehicle-to-grid) un V2L (vehicle-to-load).\n<\/p>\n<blockquote class=\"wp-embedded-content\" data-secret=\"Jm8bexIcTa\">\n<p><a href=\"https:\/\/kursors.lv\/2025\/11\/21\/jaunais-bmw-ix3-veic-1000-kilometrus-bez-uzladem\/\" rel=\"nofollow noopener\" target=\"_blank\">Jaunais \u201cBMW iX3\u201d veic 1000 kilometrus bez uzl\u0101d\u0113m<\/a><\/p>\n<\/blockquote>\n<p>T\u0101 k\u0101 tas ir xDrive modelis, tad tam b\u016bs pilnpiedzi\u0146a, ko nodro\u0161ina divi elektrodzin\u0113ji. Auto sp\u0113s att\u012bst\u012bt l\u012bdz 463 Zs jaudu un 641 Nm griezi. L\u012bdz 100 km\/h \u0161is auto sp\u0113s ieskrieties visnota\u013c cien\u012bjam\u0101s 4.9 sekund\u0113s. Paredzams, ka BMW izlaid\u012bs ar\u012b paka\u013cpiedzi\u0146as BMX iX30 40 versiju.\n<\/p>\n<p>Manupr\u0101t, absol\u016bti lieks dizaina ki\u0161mi\u0161s ir v\u0113rojams ar\u012b \u0161\u012b auto interjer\u0101. D\u012bvaina st\u016bre, nestandarta formas displejs un citi dizaina elementi, kas liek aizdom\u0101ties par to, kam tad \u012bsti \u0161is auto ir veidots? K\u0101 m\u0101kslas darbs par kuru sa\u0146emt dizaina godalgas un citu dizaineru saj\u016bsmas spurdzienus konkursos, vai tom\u0113r tehniski l\u0101dz\u012bga ma\u0161\u012bna ar kuru grib\u0113s braukt re\u0101li cilv\u0113ki? To r\u0101d\u012bs tikai laiks.\n<\/p>\n<p><a href=\"https:\/\/www.europesays.com\/lv\/wp-content\/uploads\/2025\/12\/BMW_iX3_interior-e1764946503885.jpg\"><img loading=\"lazy\" decoding=\"async\" class=\"aligncenter size-full wp-image-340839\" src=\"https:\/\/www.europesays.com\/lv\/wp-content\/uploads\/2025\/12\/BMW_iX3_interior-e1764946503885.jpg\" alt=\"\" width=\"1501\" height=\"1003\"\/><\/a><a href=\"https:\/\/www.europesays.com\/lv\/wp-content\/uploads\/2025\/12\/Screenshot-2025-12-05-at-16.59.45.png\"><img loading=\"lazy\" decoding=\"async\" class=\"aligncenter size-full wp-image-340840\" src=\"https:\/\/www.europesays.com\/lv\/wp-content\/uploads\/2025\/12\/Screenshot-2025-12-05-at-16.59.45.png\" alt=\"\" width=\"1697\" height=\"953\"  \/><\/a>\n<\/p>\n<p>Jaunais BMX iX3 ir pirmais auto, kur\u0101 b\u016bs pieejams jaun\u0101 Panoramic iDrive sist\u0113ma. T\u0101 sast\u0101v ne tikai no d\u012bvainas formas multimediju displeja centr\u0101, bet ar\u012b 43.3 collu displeja joslas zem v\u0113jstikla uz kura tiek att\u0113lota noder\u012bga inform\u0101cija. Ja \u0161\u0137iet, ka ar to v\u0113l ir par maz, tad papildus var piekomplekt\u0113t ar\u012b heads-up projekcijas sist\u0113mu.\n<\/p>\n<p>\u0160is auto tiks ra\u017eots jaunaj\u0101 Debrecenas r\u016bpn\u012bc\u0101 Ung\u0101rijas austrumu da\u013c\u0101. \u0160\u012b r\u016bpn\u012bca tika uzb\u016bv\u0113ta speci\u0101li priek\u0161 Neue Klasse auto ra\u017eo\u0161anas un \u0161aj\u0101 projekt\u0101 BMW ir ieguld\u012bjis jau 2 miljardus eiro. Papildus auto ra\u017eo\u0161anai \u0161aj\u0101 lok\u0101cij\u0101 tiks ra\u017eoti ar\u012b elektroauto augstprieguma akumulatori. Kad r\u016bpn\u012bca darbosies piln\u0101 apm\u0113r\u0101, taj\u0101 tiks sara\u017eoti l\u012bdz 150 000 auto gad\u0101.\n<\/p>\n<p>Paredzams, ka \u0161is auto maks\u0101s s\u0101kot no 60-70 t\u016bksto\u0161iem eiro un ieg\u0101dei b\u016bs pieejamas n\u0101kamgad. J\u0101cer, ka ar\u012b mums b\u016bs iesp\u0113ja izbraukt ar \u0161o jauno auto, jo neskatoties uz t\u0101 polariz\u0113jo\u0161o dizainu, tehniski tas izskat\u0101s iespaid\u012bgs.<\/p>\n","protected":false},"excerpt":{"rendered":"Ofici\u0101lais BMW p\u0101rst\u0101vis Latvij\u0101 \u201cInchcape Motors Latvia\u201d \u0161oned\u0113\u013c prezent\u0113ja BMW iX3 luksusa klases kompakto elektrisko krosoveru BMW iX3.&hellip;\n","protected":false},"author":2,"featured_media":66709,"comment_status":"","ping_status":"","sticky":false,"template":"","format":"standard","meta":{"footnotes":""},"categories":[16],"tags":[77,76,35,39,38,36,37,34,40],"class_list":{"0":"post-66708","1":"post","2":"type-post","3":"status-publish","4":"format-standard","5":"has-post-thumbnail","7":"category-bizness","8":"tag-bizness","9":"tag-business","10":"tag-latvia","11":"tag-latvian","12":"tag-latviesu","13":"tag-latviesu-valoda","14":"tag-latviesuvaloda","15":"tag-latvija","16":"tag-lv"},"share_on_mastodon":{"url":"https:\/\/pubeurope.com\/@lv\/115668701984740881","error":""},"_links":{"self":[{"href":"https:\/\/www.europesays.com\/lv\/wp-json\/wp\/v2\/posts\/66708","targetHints":{"allow":["GET"]}}],"collection":[{"href":"https:\/\/www.europesays.com\/lv\/wp-json\/wp\/v2\/posts"}],"about":[{"href":"https:\/\/www.europesays.com\/lv\/wp-json\/wp\/v2\/types\/post"}],"author":[{"embeddable":true,"href":"https:\/\/www.europesays.com\/lv\/wp-json\/wp\/v2\/users\/2"}],"replies":[{"embeddable":true,"href":"https:\/\/www.europesays.com\/lv\/wp-json\/wp\/v2\/comments?post=66708"}],"version-history":[{"count":0,"href":"https:\/\/www.europesays.com\/lv\/wp-json\/wp\/v2\/posts\/66708\/revisions"}],"wp:featuredmedia":[{"embeddable":true,"href":"https:\/\/www.europesays.com\/lv\/wp-json\/wp\/v2\/media\/66709"}],"wp:attachment":[{"href":"https:\/\/www.europesays.com\/lv\/wp-json\/wp\/v2\/media?parent=66708"}],"wp:term":[{"taxonomy":"category","embeddable":true,"href":"https:\/\/www.europesays.com\/lv\/wp-json\/wp\/v2\/categories?post=66708"},{"taxonomy":"post_tag","embeddable":true,"href":"https:\/\/www.europesays.com\/lv\/wp-json\/wp\/v2\/tags?post=66708"}],"curies":[{"name":"wp","href":"https:\/\/api.w.org\/{rel}","templated":true}]}}