{"id":66715,"date":"2025-12-05T20:01:08","date_gmt":"2025-12-05T20:01:08","guid":{"rendered":"https:\/\/www.europesays.com\/lv\/66715\/"},"modified":"2025-12-05T20:01:08","modified_gmt":"2025-12-05T20:01:08","slug":"tramps-sanem-fifa-miera-balvu","status":"publish","type":"post","link":"https:\/\/www.europesays.com\/lv\/66715\/","title":{"rendered":"Tramps sa\u0146em FIFA miera balvu"},"content":{"rendered":"<p>Balva tika pasniegta ceremonij\u0101 Va\u0161ington\u0101, kur\u0101 tiek izloz\u0113ts 2026. gada Pasaules kausa (PK) fin\u0101lturn\u012brs, ko ASV r\u012bkos kop\u0101 ar Meksiku un Kan\u0101du.<\/p>\n<p>Tramps pav\u0113st\u012bja, ka <a href=\"https:\/\/www.apollo.lv\/term\/10067\/fifa\" class=\"topicLink\" target=\"_blank\" rel=\"nofollow noopener\">FIFA<\/a> miera balva ir &#8220;viens no liel\u0101kajiem apbalvojumiem man\u0101 dz\u012bv\u0113&#8221;.<\/p>\n<p>Ar \u0161o balvu tiek &#8220;nov\u0113rt\u0113ta izcila darb\u012bba miera lab\u0101&#8221;, pag\u0101ju\u0161aj\u0101 m\u0113nes\u012b pazi\u0146oja futbola vado\u0161\u0101 organiz\u0101cija.<\/p>\n<p>FIFA prezidentam D\u017eanni Infant\u012bno ir cie\u0161as attiec\u012bbas ar Trampu.<\/p>\n<p>Infant\u012bno novembra s\u0101kum\u0101 notiku\u0161aj\u0101 Amerikas biznesa forum\u0101 Maiami sac\u012bja, ka &#8220;arvien nemier\u012bg\u0101k\u0101 un sa\u0161\u0137elt\u0101k\u0101 pasaul\u0113 ir b\u016btiski atz\u012bt to izcilo ieguld\u012bjumu, kas smagi str\u0101d\u0101, lai izbeigtu konfliktus un vienotu cilv\u0113kus miera gar\u0101&#8221;.<\/p>\n<p>FIFA pazi\u0146oja, ka balva tiks pasniegta katru gadu &#8220;l\u012bdzjut\u0113ju v\u0101rd\u0101 no visas pasaules&#8221;.<\/p>\n<p>FIFA nesen iec\u0113la Trampa meitu Ivanku 100 miljonu ASV dol\u0101ru v\u0113rta izgl\u012bt\u012bbas projekta vald\u0113, kas da\u013c\u0113ji tiek finans\u0113ts no 2026. gada PK fin\u0101lturn\u012bra bi\u013ce\u0161u p\u0101rdo\u0161anas.<\/p>\n","protected":false},"excerpt":{"rendered":"Balva tika pasniegta ceremonij\u0101 Va\u0161ington\u0101, kur\u0101 tiek izloz\u0113ts 2026. gada Pasaules kausa (PK) fin\u0101lturn\u012brs, ko ASV r\u012bkos kop\u0101&hellip;\n","protected":false},"author":2,"featured_media":66716,"comment_status":"","ping_status":"","sticky":false,"template":"","format":"standard","meta":{"footnotes":""},"categories":[17],"tags":[542,2684,35,39,38,36,37,34,40,15950,67],"class_list":{"0":"post-66715","1":"post","2":"type-post","3":"status-publish","4":"format-standard","5":"has-post-thumbnail","7":"category-sports","8":"tag-donalds-tramps","9":"tag-fifa","10":"tag-latvia","11":"tag-latvian","12":"tag-latviesu","13":"tag-latviesu-valoda","14":"tag-latviesuvaloda","15":"tag-latvija","16":"tag-lv","17":"tag-miers","18":"tag-sports"},"share_on_mastodon":{"url":"https:\/\/pubeurope.com\/@lv\/115668745167945110","error":""},"_links":{"self":[{"href":"https:\/\/www.europesays.com\/lv\/wp-json\/wp\/v2\/posts\/66715","targetHints":{"allow":["GET"]}}],"collection":[{"href":"https:\/\/www.europesays.com\/lv\/wp-json\/wp\/v2\/posts"}],"about":[{"href":"https:\/\/www.europesays.com\/lv\/wp-json\/wp\/v2\/types\/post"}],"author":[{"embeddable":true,"href":"https:\/\/www.europesays.com\/lv\/wp-json\/wp\/v2\/users\/2"}],"replies":[{"embeddable":true,"href":"https:\/\/www.europesays.com\/lv\/wp-json\/wp\/v2\/comments?post=66715"}],"version-history":[{"count":0,"href":"https:\/\/www.europesays.com\/lv\/wp-json\/wp\/v2\/posts\/66715\/revisions"}],"wp:featuredmedia":[{"embeddable":true,"href":"https:\/\/www.europesays.com\/lv\/wp-json\/wp\/v2\/media\/66716"}],"wp:attachment":[{"href":"https:\/\/www.europesays.com\/lv\/wp-json\/wp\/v2\/media?parent=66715"}],"wp:term":[{"taxonomy":"category","embeddable":true,"href":"https:\/\/www.europesays.com\/lv\/wp-json\/wp\/v2\/categories?post=66715"},{"taxonomy":"post_tag","embeddable":true,"href":"https:\/\/www.europesays.com\/lv\/wp-json\/wp\/v2\/tags?post=66715"}],"curies":[{"name":"wp","href":"https:\/\/api.w.org\/{rel}","templated":true}]}}