{"id":66717,"date":"2025-12-05T20:02:16","date_gmt":"2025-12-05T20:02:16","guid":{"rendered":"https:\/\/www.europesays.com\/lv\/66717\/"},"modified":"2025-12-05T20:02:16","modified_gmt":"2025-12-05T20:02:16","slug":"airbaltic-aicina-smartlynx-airlines-darbiniekus-uz-tiessaistes-karjeras-dienu-lente-lv","status":"publish","type":"post","link":"https:\/\/www.europesays.com\/lv\/66717\/","title":{"rendered":"airBaltic aicina SmartLynx Airlines darbiniekus uz tie\u0161saistes karjeras dienu\u00a0\u2014\u00a0Lente.lv"},"content":{"rendered":"<p>airBaltic aicina SmartLynx Airlines darbiniekus izp\u0113t\u012bt karjeras iesp\u0113jas<\/p>\n<p>Latvijas vado\u0161\u0101 lidsabiedr\u012bba airBaltic 10. decembr\u012b r\u012bko \u012bpa\u0161u tie\u0161saistes Atv\u0113rto durvju dienu, kas velt\u012bta SmartLynx Airlines darbiniekiem. \u0160is pas\u0101kums ir lieliska iesp\u0113ja avi\u0101cijas profesion\u0101\u013ciem iepaz\u012bties ar pla\u0161o karjeras izaugsmes potenci\u0101lu airBaltic, kas ir atz\u012bta par vienu no lab\u0101kajiem darba dev\u0113jiem Latvij\u0101.<\/p>\n<p>Ieskats karjeras iesp\u0113j\u0101s un atlases proces\u0101<\/p>\n<p>Tie\u0161saistes sesijas laik\u0101, kas s\u0101ksies plkst. 11:00 p\u0113c Latvijas laika, SmartLynx Airlines darbinieki var\u0113s tie\u0161i sazin\u0101ties ar airBaltic person\u0101la atlases komandu. Dal\u012bbnieki g\u016bs detaliz\u0113tu ieskatu aktu\u0101laj\u0101s darba iesp\u0113j\u0101s da\u017e\u0101d\u0101s lidsabiedr\u012bbas noda\u013c\u0101s. Tiek pied\u0101v\u0101tas poz\u012bcijas gan lidojumu apkalpei \u2013 pilotiem un stjuartiem, gan tehniskajam un oper\u0101ciju departamentam. Papildus tiek izsludin\u0101tas ar\u012b vair\u0101kas vakances galvenaj\u0101 biroj\u0101, tai skait\u0101 IT, e-komercijas, ie\u0146\u0113mumu vad\u012bbas, person\u0101la un finan\u0161u jom\u0101s. airBaltic pa\u0161laik akt\u012bvi mekl\u0113 jaunus talantus, pied\u0101v\u0101jot vair\u0101k nek\u0101 250 br\u012bv\u0101s darba vietas, lai stiprin\u0101tu savu jau teju 3000 profesion\u0101\u013cu lielo komandu.<\/p>\n<p>airBaltic \u2013 dinamiska un perspekt\u012bva darba vide<\/p>\n<p>airBaltic, kas p\u0113d\u0113jo 30 gadu laik\u0101 ir k\u013cuvusi par pasaul\u0113 atz\u012btu lidsabiedr\u012bbu, pied\u0101v\u0101 ne tikai aizraujo\u0161u darbu avi\u0101cijas nozar\u0113, bet ar\u012b stabilu un att\u012bst\u012bbas iesp\u0113j\u0101m bag\u0101tu vidi. Uz\u0146\u0113mums lepojas ar sav\u0101m stipraj\u0101m v\u0113rt\u012bb\u0101m, tostarp inov\u0101cij\u0101m, dro\u0161\u012bbu un nep\u0101rtrauktu profesion\u0101lo pilnveido\u0161anos. L\u012bdz ar savu flotes papla\u0161in\u0101\u0161anu un mar\u0161rutu t\u012bkla att\u012bst\u012bbu, airBaltic nep\u0101rtraukti mekl\u0113 motiv\u0113tus un talant\u012bgus speci\u0101listus, kuri v\u0113las k\u013c\u016bt par da\u013cu no t\u0101s spo\u017e\u0101s n\u0101kotnes. \u0160is pas\u0101kums ir lieliska platforma, lai SmartLynx Airlines darbinieki var\u0113tu piln\u012bb\u0101 izprast airBaltic kult\u016bru un karjeras izaugsmes trajektorijas.<\/p>\n<p>Re\u0123istr\u0101cija un turpm\u0101k\u0101s darb\u012bbas<\/p>\n<p>Lai piedal\u012btos Atv\u0113rto durvju dien\u0101, SmartLynx Airlines darbinieki tiek aicin\u0101ti re\u0123istr\u0113ties pas\u0101kumam, aizpildot anketu airBaltic karjeras lap\u0101. P\u0113c re\u0123istr\u0101cijas pabeig\u0161anas airBaltic person\u0101la atlases komanda sazin\u0101sies ar dal\u012bbniekiem, lai sniegtu papildu inform\u0101ciju un nos\u016bt\u012btu nepiecie\u0161am\u0101s deta\u013cas par tie\u0161saistes tik\u0161anos. Jaut\u0101jumu gad\u012bjum\u0101 ir iesp\u0113ja sazin\u0101ties ar airBaltic person\u0101la komandu, rakstot uz e-pastu careers@airbaltic.com. \u0160is pas\u0101kums ir ne tikai inform\u0101cijas avots, bet ar\u012b dro\u0161s solis pret\u012b jaun\u0101m profesion\u0101l\u0101m iesp\u0113j\u0101m dinamiski augo\u0161aj\u0101 avi\u0101cijas pasaul\u0113.<\/p>\n","protected":false},"excerpt":{"rendered":"airBaltic aicina SmartLynx Airlines darbiniekus izp\u0113t\u012bt karjeras iesp\u0113jas Latvijas vado\u0161\u0101 lidsabiedr\u012bba airBaltic 10. decembr\u012b r\u012bko \u012bpa\u0161u tie\u0161saistes Atv\u0113rto&hellip;\n","protected":false},"author":2,"featured_media":66718,"comment_status":"","ping_status":"","sticky":false,"template":"","format":"standard","meta":{"footnotes":""},"categories":[16],"tags":[3307,1133,77,76,4847,6222,35,39,38,36,37,34,40,10380],"class_list":{"0":"post-66717","1":"post","2":"type-post","3":"status-publish","4":"format-standard","5":"has-post-thumbnail","7":"category-bizness","8":"tag-airbaltic","9":"tag-aviacija","10":"tag-bizness","11":"tag-business","12":"tag-darba-piedavajumi","13":"tag-karjeras-iespejas","14":"tag-latvia","15":"tag-latvian","16":"tag-latviesu","17":"tag-latviesu-valoda","18":"tag-latviesuvaloda","19":"tag-latvija","20":"tag-lv","21":"tag-smartlynx-airlines"},"share_on_mastodon":{"url":"https:\/\/pubeurope.com\/@lv\/115668749220173930","error":""},"_links":{"self":[{"href":"https:\/\/www.europesays.com\/lv\/wp-json\/wp\/v2\/posts\/66717","targetHints":{"allow":["GET"]}}],"collection":[{"href":"https:\/\/www.europesays.com\/lv\/wp-json\/wp\/v2\/posts"}],"about":[{"href":"https:\/\/www.europesays.com\/lv\/wp-json\/wp\/v2\/types\/post"}],"author":[{"embeddable":true,"href":"https:\/\/www.europesays.com\/lv\/wp-json\/wp\/v2\/users\/2"}],"replies":[{"embeddable":true,"href":"https:\/\/www.europesays.com\/lv\/wp-json\/wp\/v2\/comments?post=66717"}],"version-history":[{"count":0,"href":"https:\/\/www.europesays.com\/lv\/wp-json\/wp\/v2\/posts\/66717\/revisions"}],"wp:featuredmedia":[{"embeddable":true,"href":"https:\/\/www.europesays.com\/lv\/wp-json\/wp\/v2\/media\/66718"}],"wp:attachment":[{"href":"https:\/\/www.europesays.com\/lv\/wp-json\/wp\/v2\/media?parent=66717"}],"wp:term":[{"taxonomy":"category","embeddable":true,"href":"https:\/\/www.europesays.com\/lv\/wp-json\/wp\/v2\/categories?post=66717"},{"taxonomy":"post_tag","embeddable":true,"href":"https:\/\/www.europesays.com\/lv\/wp-json\/wp\/v2\/tags?post=66717"}],"curies":[{"name":"wp","href":"https:\/\/api.w.org\/{rel}","templated":true}]}}