{"id":66740,"date":"2025-12-05T20:42:15","date_gmt":"2025-12-05T20:42:15","guid":{"rendered":"https:\/\/www.europesays.com\/lv\/66740\/"},"modified":"2025-12-05T20:42:15","modified_gmt":"2025-12-05T20:42:15","slug":"intars-busulis-izdod-jaunu-ziemassvetku-dziesmu-aicinot-novertet-tuvakos-lente-lv","status":"publish","type":"post","link":"https:\/\/www.europesays.com\/lv\/66740\/","title":{"rendered":"Intars Busulis izdod jaunu Ziemassv\u0113tku dziesmu, aicinot nov\u0113rt\u0113t tuv\u0101kos\u00a0\u2014\u00a0Lente.lv"},"content":{"rendered":"<p>Jaunums Ziemassv\u0113tku gaid\u012b\u0161anas laik\u0101: Intars Busulis iepriecina ar jaunu dziesmu<\/p>\n<p>Intars Busulis, Latvijas iem\u012b\u013cotais m\u016bzi\u0137is, ir sar\u016bp\u0113jis pat\u012bkamu p\u0101rsteigumu saviem klaus\u012bt\u0101jiem, izdodot jaunu dziesmu tie\u0161i pirms Ziemassv\u0113tku un sv\u0113tku sezonas s\u0101kuma. \u0160is emocion\u0101lais jaunin\u0101jums ir rad\u012bts ar m\u0113r\u0137i ienest klaus\u012bt\u0101ju sird\u012bs sv\u0113tku burv\u012bbu un stiprin\u0101t saikni ar m\u012b\u013cajiem.<\/p>\n<p>Dziesmas v\u0113st\u012bjums: Cilv\u0113cisk\u0101s tuv\u012bbas noz\u012bme<\/p>\n<p>M\u016bzi\u0137is uzsver, ka jaun\u0101s dziesmas galvenais v\u0113st\u012bjums ir atg\u0101din\u0101jums par to, cik \u013coti svar\u012bgi ir nov\u0113rt\u0113t cilv\u0113kus sev apk\u0101rt, \u012bpa\u0161i sv\u0113tku laik\u0101. Busulis aicina ikvienu izr\u0101d\u012bt vair\u0101k r\u016bpju, siltuma un d\u0101v\u0101t dro\u0161\u012bbas saj\u016btu saviem tuviniekiem. Vi\u0146\u0161 ir p\u0101rliecin\u0101ts, ka \u0161\u0101da pieeja vairos vien\u012bgi pozit\u012bvas emocijas un padar\u012bs kop\u0101 b\u016b\u0161anu v\u0113l v\u0113rt\u012bg\u0101ku.<\/p>\n<p>M\u016bzikas ietekme uz sv\u0113tku noska\u0146u<\/p>\n<p>M\u016bzika vienm\u0113r ir bijusi neat\u0146emama sv\u0113tku sast\u0101vda\u013ca, sp\u0113jot rad\u012bt \u012bpa\u0161u atmosf\u0113ru un salied\u0113t cilv\u0113kus. Intara Busu\u013ca jaun\u0101 dziesma neap\u0161aub\u0101mi papildin\u0101s daudzu m\u0101jsaimniec\u012bbu sv\u0113tku atska\u0146o\u0161anas sarakstus, pie\u0161\u0137irot tiem siltumu un dzi\u013cumu. T\u0101s melodija un v\u0101rdi ir r\u016bp\u012bgi veidoti, lai atspogu\u013cotu sv\u0113tku laika v\u0113rt\u012bbas un mudin\u0101tu uz p\u0101rdom\u0101m par dz\u012bves patieso noz\u012bmi.<\/p>\n<p>Busulis \u2013 cilv\u0113ku sird\u012bs jau gadiem<\/p>\n<p>Intars Busulis ir paz\u012bstams ar savu sp\u0113ju rad\u012bt dziesmas, kas skar klaus\u012bt\u0101ju sirdis un paliek atmi\u0146\u0101 uz ilgu laiku. Vi\u0146a dai\u013crad\u0113 bie\u017ei vien domin\u0113 dzi\u013c\u0161 emocion\u0101lais saturs un sirsn\u012bba, kas iekarojusi pla\u0161u fanu loku gan Latvij\u0101, gan \u0101rpus t\u0101s. \u0160\u012b jaun\u0101 kompoz\u012bcija ir k\u0101 v\u0113l viens apliecin\u0101jums vi\u0146a talantam un sp\u0113jai pieskarties svar\u012bg\u0101m t\u0113m\u0101m.<\/p>\n<p>Ziemassv\u0113tku gaid\u012b\u0161anas prieks un kop\u012bbas saj\u016bta<\/p>\n<p>Gaidot Ziemassv\u0113tkus, daudzi cilv\u0113ki mekl\u0113 veidus, k\u0101 padar\u012bt \u0161o laiku \u012bpa\u0161\u0101ku un piepild\u012bt\u0101ku. Jauna dziesma no iem\u012b\u013cota m\u0101kslinieka var b\u016bt lielisks veids, k\u0101 rad\u012bt sv\u0113tku noska\u0146u jau m\u0101j\u0101s, pirms sv\u0113tku k\u0146adas piln\u012bb\u0101 p\u0101r\u0146em ikdienu. Busulis ar savu jaunradi aicina neaizmirst par galveno \u2013 cilv\u0113cisko tuv\u012bbu un m\u012blest\u012bbu, kas ir sv\u0113tku paties\u0101 b\u016bt\u012bba.<\/p>\n","protected":false},"excerpt":{"rendered":"Jaunums Ziemassv\u0113tku gaid\u012b\u0161anas laik\u0101: Intars Busulis iepriecina ar jaunu dziesmu Intars Busulis, Latvijas iem\u012b\u013cotais m\u016bzi\u0137is, ir sar\u016bp\u0113jis pat\u012bkamu&hellip;\n","protected":false},"author":2,"featured_media":66741,"comment_status":"","ping_status":"","sticky":false,"template":"","format":"standard","meta":{"footnotes":""},"categories":[19],"tags":[89,4322,90,3489,35,39,38,194,36,37,34,40,17190,16817],"class_list":{"0":"post-66740","1":"post","2":"type-post","3":"status-publish","4":"format-standard","5":"has-post-thumbnail","7":"category-izklaide","8":"tag-entertainment","9":"tag-intars-busulis","10":"tag-izklaide","11":"tag-jauna-muzika","12":"tag-latvia","13":"tag-latvian","14":"tag-latviesu","15":"tag-latviesu-muzika","16":"tag-latviesu-valoda","17":"tag-latviesuvaloda","18":"tag-latvija","19":"tag-lv","20":"tag-svetku-noskana","21":"tag-ziemassvetku-dziesma"},"share_on_mastodon":{"url":"https:\/\/pubeurope.com\/@lv\/115668906341623799","error":""},"_links":{"self":[{"href":"https:\/\/www.europesays.com\/lv\/wp-json\/wp\/v2\/posts\/66740","targetHints":{"allow":["GET"]}}],"collection":[{"href":"https:\/\/www.europesays.com\/lv\/wp-json\/wp\/v2\/posts"}],"about":[{"href":"https:\/\/www.europesays.com\/lv\/wp-json\/wp\/v2\/types\/post"}],"author":[{"embeddable":true,"href":"https:\/\/www.europesays.com\/lv\/wp-json\/wp\/v2\/users\/2"}],"replies":[{"embeddable":true,"href":"https:\/\/www.europesays.com\/lv\/wp-json\/wp\/v2\/comments?post=66740"}],"version-history":[{"count":0,"href":"https:\/\/www.europesays.com\/lv\/wp-json\/wp\/v2\/posts\/66740\/revisions"}],"wp:featuredmedia":[{"embeddable":true,"href":"https:\/\/www.europesays.com\/lv\/wp-json\/wp\/v2\/media\/66741"}],"wp:attachment":[{"href":"https:\/\/www.europesays.com\/lv\/wp-json\/wp\/v2\/media?parent=66740"}],"wp:term":[{"taxonomy":"category","embeddable":true,"href":"https:\/\/www.europesays.com\/lv\/wp-json\/wp\/v2\/categories?post=66740"},{"taxonomy":"post_tag","embeddable":true,"href":"https:\/\/www.europesays.com\/lv\/wp-json\/wp\/v2\/tags?post=66740"}],"curies":[{"name":"wp","href":"https:\/\/api.w.org\/{rel}","templated":true}]}}