{"id":66761,"date":"2025-12-05T21:31:08","date_gmt":"2025-12-05T21:31:08","guid":{"rendered":"https:\/\/www.europesays.com\/lv\/66761\/"},"modified":"2025-12-05T21:31:08","modified_gmt":"2025-12-05T21:31:08","slug":"tenisiste-ostapenko-tiek-pie-jauna-porsche","status":"publish","type":"post","link":"https:\/\/www.europesays.com\/lv\/66761\/","title":{"rendered":"Tenisiste Ostapenko tiek pie jauna \u201cPorsche\u201d"},"content":{"rendered":"<p>\u0160ogad tenisiste  Je\u013cena Ostapenko triumf\u0113ja \u201cPorsche Tennis Grand Prix\u201d \u0160tutgart\u0113, fin\u0101l\u0101 p\u0101rsp\u0113jot pasaules pirmo raketi.<\/p>\n<p>\u0160\u012b Je\u013cenai ir jau otr\u0101 uzvara \u0160tutgart\u0113 \u2013 pirmo \u201cPorsche\u201d trofeju vi\u0146a izc\u012bn\u012bja 2017. gad\u0101 dubultsp\u0113l\u0113s.<\/p>\n<p>Balv\u0101 par uzvaru \u201cGrand Prix\u201d Ostapenko sa\u0146\u0113ma \u201cPorsche\u201d vau\u010deru. To vi\u0146a izmantoja, lai ieg\u0101d\u0101tos \u201c911 Targa 4 GTS\u201d sp\u0113kratu \u201cGulf Blue\u201d gai\u0161i zilaj\u0101 ton\u012b. Ostapenko sev izv\u0113l\u0113jusies 541 ZS jaud\u012bgu \u201cPorsche\u201d sp\u0113kratu. <\/p>\n<p>\u0160\u0101ds automobilis maks\u0101 vair\u0101k nek\u0101 200 t\u016bksto\u0161us eiro.<\/p>\n","protected":false},"excerpt":{"rendered":"\u0160ogad tenisiste Je\u013cena Ostapenko triumf\u0113ja \u201cPorsche Tennis Grand Prix\u201d \u0160tutgart\u0113, fin\u0101l\u0101 p\u0101rsp\u0113jot pasaules pirmo raketi. \u0160\u012b Je\u013cenai ir&hellip;\n","protected":false},"author":2,"featured_media":66762,"comment_status":"","ping_status":"","sticky":false,"template":"","format":"standard","meta":{"footnotes":""},"categories":[17],"tags":[129,17195,3296,126,17192,35,39,38,36,37,34,40,17193,3297,127,17196,67,17194,3298,128,17197],"class_list":{"0":"post-66761","1":"post","2":"type-post","3":"status-publish","4":"format-standard","5":"has-post-thumbnail","7":"category-sports","8":"tag-__typenameadvicekeyword","9":"tag-id1265","10":"tag-id645","11":"tag-id770","12":"tag-id870","13":"tag-latvia","14":"tag-latvian","15":"tag-latviesu","16":"tag-latviesu-valoda","17":"tag-latviesuvaloda","18":"tag-latvija","19":"tag-lv","20":"tag-slugalona-ostapenko","21":"tag-slugautomasinas","22":"tag-slugsports","23":"tag-slugteniss","24":"tag-sports","25":"tag-titlealona-ostapenko","26":"tag-titleautomasinas","27":"tag-titlesports","28":"tag-titleteniss"},"share_on_mastodon":{"url":"https:\/\/pubeurope.com\/@lv\/115669099054072193","error":""},"_links":{"self":[{"href":"https:\/\/www.europesays.com\/lv\/wp-json\/wp\/v2\/posts\/66761","targetHints":{"allow":["GET"]}}],"collection":[{"href":"https:\/\/www.europesays.com\/lv\/wp-json\/wp\/v2\/posts"}],"about":[{"href":"https:\/\/www.europesays.com\/lv\/wp-json\/wp\/v2\/types\/post"}],"author":[{"embeddable":true,"href":"https:\/\/www.europesays.com\/lv\/wp-json\/wp\/v2\/users\/2"}],"replies":[{"embeddable":true,"href":"https:\/\/www.europesays.com\/lv\/wp-json\/wp\/v2\/comments?post=66761"}],"version-history":[{"count":0,"href":"https:\/\/www.europesays.com\/lv\/wp-json\/wp\/v2\/posts\/66761\/revisions"}],"wp:featuredmedia":[{"embeddable":true,"href":"https:\/\/www.europesays.com\/lv\/wp-json\/wp\/v2\/media\/66762"}],"wp:attachment":[{"href":"https:\/\/www.europesays.com\/lv\/wp-json\/wp\/v2\/media?parent=66761"}],"wp:term":[{"taxonomy":"category","embeddable":true,"href":"https:\/\/www.europesays.com\/lv\/wp-json\/wp\/v2\/categories?post=66761"},{"taxonomy":"post_tag","embeddable":true,"href":"https:\/\/www.europesays.com\/lv\/wp-json\/wp\/v2\/tags?post=66761"}],"curies":[{"name":"wp","href":"https:\/\/api.w.org\/{rel}","templated":true}]}}