{"id":66763,"date":"2025-12-05T21:35:08","date_gmt":"2025-12-05T21:35:08","guid":{"rendered":"https:\/\/www.europesays.com\/lv\/66763\/"},"modified":"2025-12-05T21:35:08","modified_gmt":"2025-12-05T21:35:08","slug":"vasingtona-sadalitas-pasaules-kausa-apaksgrupas-un-noskaidrota-atklasanas-spele-futbols-sportacentrs-com","status":"publish","type":"post","link":"https:\/\/www.europesays.com\/lv\/66763\/","title":{"rendered":"Va\u0161ington\u0101 sadal\u012btas Pasaules kausa apak\u0161grupas un noskaidrota atkl\u0101\u0161anas sp\u0113le \u2013 Futbols \u2013 Sportacentrs.com"},"content":{"rendered":"<p>Izlozes galvenais uzdevums tika uztic\u0113ts kan\u0101die\u0161u hokejistam Veinam Greckim un amerik\u0101\u0146iem \u2013 basketbolistam \u0160akilam O&#8217;N\u012blam, amerik\u0101\u0146u futbolistam Tomam Breidijam un beisbolistam \u0100ronam D\u017ead\u017eam.<\/p>\n<p>Izloze kop\u0101 var\u0113ja savest ne vair\u0101k k\u0101 divas komandas no Eiropas un ne vair\u0101k par vienu komandu no p\u0101r\u0113j\u0101m konfeder\u0101cij\u0101m.<\/p>\n<p>Se\u0161\u0101s grup\u0101s p\u0101rsp\u0113l\u0113s v\u0113l j\u0101noskaidro viena no dal\u012bbniec\u0113m. A grup\u0101 k\u0101 ceturt\u0101 b\u016bs D\u0101nija, Zieme\u013cma\u0137edonija, \u010cehija vai \u012arija. B grup\u0101 b\u016bs It\u0101lija, Zieme\u013c\u012brija, Velsa vai Bosnija un Hercegovina. D grup\u0101 b\u016bs Turcija, Rum\u0101nija, Slov\u0101kija vai Kosova. F grup\u0101 b\u016bs Ukraina, Zviedrija, Polija vai Alb\u0101nija. I grup\u0101 b\u016bs Ir\u0101ka, Bol\u012bvija vai Surinama. K grup\u0101 b\u016bs Kongo, Jamaika vai Jaunkaledonija.<\/p>\n<p>2026. gada Pasaules kauss norisin\u0101sies Zieme\u013camerik\u0101 \u2013 Amerikas Savienotaj\u0101s Valst\u012bs, Kan\u0101d\u0101 un Meksik\u0101. Turn\u012brs start\u0113s 11. j\u016bnij\u0101 Mehiko ar Meksikas un Dienvid\u0101frikas ma\u010du, bet nosl\u0113gsies 19. j\u016blij\u0101 \u0145\u016bd\u017eersij\u0101.<\/p>\n<p>Pasaules kausa izloze<\/p>\n<tr>A grupaB grupaC grupaD grupa<\/tr>\n<tr class=\"even\">\n<td>Meksika<\/td>\n<td>Kan\u0101da<\/td>\n<td>Braz\u012blija<\/td>\n<td>ASV<\/td>\n<\/tr>\n<tr class=\"odd\">\n<td>Dienvidkoreja<\/td>\n<td>\u0160veice<\/td>\n<td>Maroka<\/td>\n<td>Austr\u0101lija<\/td>\n<\/tr>\n<tr class=\"even\">\n<td>Dienvid\u0101frika<\/td>\n<td>Katara<\/td>\n<td>Skotija<\/td>\n<td>Paragvaja<\/td>\n<\/tr>\n<tr class=\"odd\">\n<td>Playoff<\/td>\n<td>Playoff<\/td>\n<td>Haiti<\/td>\n<td>Playoff<\/td>\n<\/tr>\n<tr>E grupaF grupaG grupaH grupa<\/tr>\n<tr class=\"even\">\n<td>V\u0101cija<\/td>\n<td>N\u012bderlande<\/td>\n<td>Be\u013c\u0123ija<\/td>\n<td>Sp\u0101nija<\/td>\n<\/tr>\n<tr class=\"odd\">\n<td>Ekvadora<\/td>\n<td>Jap\u0101na<\/td>\n<td>Ir\u0101na<\/td>\n<td>Urugvaja<\/td>\n<\/tr>\n<tr class=\"even\">\n<td>Kotdivu\u0101ra<\/td>\n<td>Tunisija<\/td>\n<td>\u0112\u0123ipte<\/td>\n<td>Sa\u016bda Ar\u0101bija<\/td>\n<\/tr>\n<tr class=\"odd\">\n<td>Kirasao<\/td>\n<td>Playoff<\/td>\n<td>Jaunz\u0113lande<\/td>\n<td>Kaboverde<\/td>\n<\/tr>\n<tr>I grupaJ grupaK grupaL grupa<\/tr>\n<tr class=\"even\">\n<td>Francija<\/td>\n<td>Argent\u012bna<\/td>\n<td>Portug\u0101le<\/td>\n<td>Anglija<\/td>\n<\/tr>\n<tr class=\"odd\">\n<td>Seneg\u0101la<\/td>\n<td>Austrija<\/td>\n<td>Kolumbija<\/td>\n<td>Horv\u0101tija<\/td>\n<\/tr>\n<tr class=\"even\">\n<td>Norv\u0113\u0123ija<\/td>\n<td>Al\u017e\u012brija<\/td>\n<td>Uzbekist\u0101na<\/td>\n<td>Panama<\/td>\n<\/tr>\n<tr class=\"odd\">\n<td>Playoff<\/td>\n<td>Jord\u0101na<\/td>\n<td>Playoff<\/td>\n<td>Gana<\/td>\n<\/tr>\n<blockquote class=\"twitter-tweet\">\n<p lang=\"en\" dir=\"ltr\">The opening match of <a href=\"https:\/\/twitter.com\/hashtag\/FIFAWorldCup?src=hash&amp;ref_src=twsrc%5Etfw\" rel=\"nofollow noopener\" target=\"_blank\">#FIFAWorldCup<\/a> 2026:<\/p>\n<p>Mexico v South Africa<\/p>\n<p>\u2014 FIFA World Cup (@FIFAWorldCup) <a href=\"https:\/\/twitter.com\/FIFAWorldCup\/status\/1997015155071156463?ref_src=twsrc%5Etfw\" rel=\"nofollow noopener\" target=\"_blank\">December 5, 2025<\/a><\/p><\/blockquote>\n<blockquote class=\"twitter-tweet\">\n<p lang=\"en\" dir=\"ltr\">\ud83d\udea8\ud83c\udfc6 \ud835\udc07\ud835\udc04\ud835\udc11\ud835\udc04 \ud835\udc16\ud835\udc04 \ud835\udc06\ud835\udc0e! FIFA 2026 WORLD CUP \ud835\udc03\ud835\udc11\ud835\udc00\ud835\udc16 HAS BEEN OFFICIALLY DROPPED \ud83e\udd29\ud83c\udf0e<\/p>\n<p>\ud835\udc16\ud835\udc07\ud835\udc0e\u2019\ud835\udc12 \ud835\udc06\ud835\udc0e\ud835\udc0d\ud835\udc0d\ud835\udc00 \ud835\udc16\ud835\udc08\ud835\udc0d \ud835\udc13\ud835\udc07\ud835\udc04 \ud835\udc16\ud835\udc0e\ud835\udc11\ud835\udc0b\ud835\udc03 \ud835\udc02\ud835\udc14\ud835\udc0f? \ud83d\ude2e\u200d\ud83d\udca8\u2728 <a href=\"https:\/\/t.co\/LwKPdU8xpA\" rel=\"nofollow\">pic.twitter.com\/LwKPdU8xpA<\/a><\/p>\n<p>\u2014 Fabrizio Romano (@FabrizioRomano) <a href=\"https:\/\/twitter.com\/FabrizioRomano\/status\/1997020474484969682?ref_src=twsrc%5Etfw\" rel=\"nofollow noopener\" target=\"_blank\">December 5, 2025<\/a><\/p><\/blockquote>\n<p>                    <script async src=\"https:\/\/platform.twitter.com\/widgets.js\" charset=\"utf-8\"><\/script><\/p>\n","protected":false},"excerpt":{"rendered":"Izlozes galvenais uzdevums tika uztic\u0113ts kan\u0101die\u0161u hokejistam Veinam Greckim un amerik\u0101\u0146iem \u2013 basketbolistam \u0160akilam O&#8217;N\u012blam, amerik\u0101\u0146u futbolistam Tomam&hellip;\n","protected":false},"author":2,"featured_media":66764,"comment_status":"","ping_status":"","sticky":false,"template":"","format":"standard","meta":{"footnotes":""},"categories":[5],"tags":[23,28,29,32,33,676,22,30,31,35,39,38,36,37,34,40,20,26,27,24,25,21],"class_list":{"0":"post-66763","1":"post","2":"type-post","3":"status-publish","4":"format-standard","5":"has-post-thumbnail","7":"category-aktualitates","8":"tag-aktualitates","9":"tag-breaking-news","10":"tag-breakingnews","11":"tag-featured-news","12":"tag-featurednews","13":"tag-futbols","14":"tag-headlines","15":"tag-latest-news","16":"tag-latestnews","17":"tag-latvia","18":"tag-latvian","19":"tag-latviesu","20":"tag-latviesu-valoda","21":"tag-latviesuvaloda","22":"tag-latvija","23":"tag-lv","24":"tag-news","25":"tag-popularakas-zinas","26":"tag-popularakaszinas","27":"tag-top-stories","28":"tag-topstories","29":"tag-zinas"},"share_on_mastodon":{"url":"https:\/\/pubeurope.com\/@lv\/115669114760702502","error":""},"_links":{"self":[{"href":"https:\/\/www.europesays.com\/lv\/wp-json\/wp\/v2\/posts\/66763","targetHints":{"allow":["GET"]}}],"collection":[{"href":"https:\/\/www.europesays.com\/lv\/wp-json\/wp\/v2\/posts"}],"about":[{"href":"https:\/\/www.europesays.com\/lv\/wp-json\/wp\/v2\/types\/post"}],"author":[{"embeddable":true,"href":"https:\/\/www.europesays.com\/lv\/wp-json\/wp\/v2\/users\/2"}],"replies":[{"embeddable":true,"href":"https:\/\/www.europesays.com\/lv\/wp-json\/wp\/v2\/comments?post=66763"}],"version-history":[{"count":0,"href":"https:\/\/www.europesays.com\/lv\/wp-json\/wp\/v2\/posts\/66763\/revisions"}],"wp:featuredmedia":[{"embeddable":true,"href":"https:\/\/www.europesays.com\/lv\/wp-json\/wp\/v2\/media\/66764"}],"wp:attachment":[{"href":"https:\/\/www.europesays.com\/lv\/wp-json\/wp\/v2\/media?parent=66763"}],"wp:term":[{"taxonomy":"category","embeddable":true,"href":"https:\/\/www.europesays.com\/lv\/wp-json\/wp\/v2\/categories?post=66763"},{"taxonomy":"post_tag","embeddable":true,"href":"https:\/\/www.europesays.com\/lv\/wp-json\/wp\/v2\/tags?post=66763"}],"curies":[{"name":"wp","href":"https:\/\/api.w.org\/{rel}","templated":true}]}}