{"id":66765,"date":"2025-12-05T21:37:07","date_gmt":"2025-12-05T21:37:07","guid":{"rendered":"https:\/\/www.europesays.com\/lv\/66765\/"},"modified":"2025-12-05T21:37:07","modified_gmt":"2025-12-05T21:37:07","slug":"riga-telpu-futbolisti-nodrosina-vietu-uefa-cempionu-ligas-ceturtfdalfinala","status":"publish","type":"post","link":"https:\/\/www.europesays.com\/lv\/66765\/","title":{"rendered":"&#8220;Riga&#8221; telpu futbolisti nodro\u0161ina vietu UEFA \u010cempionu l\u012bgas ceturtfda\u013cfin\u0101l\u0101"},"content":{"rendered":"<p>Astotda\u013cfin\u0101la atbildes sp\u0113l\u0113 &#8220;Riga&#8221; m\u0101j\u0101s ar 8:1 (5:0) sagr\u0101va Kosovas komandu &#8220;Prishtina&#8221; un divu ma\u010du summ\u0101 guva virsroku ar 11:4.<\/p>\n<p>Jau sp\u0113les 74. sekund\u0113 m\u0101jiniekus vad\u012bb\u0101 izvirz\u012bja Anhels Klaudinjo, kur\u0161 se\u0161as min\u016btes v\u0113l\u0101k pan\u0101ca 2:0. Pirm\u0101 puslaika vid\u016b ar diviem g\u016btiem v\u0101rtiem izc\u0113l\u0101s Daniels Airozu, bet v\u0113l\u0101k 5:0 pan\u0101ca Fradiks Goiss.<\/p>\n<p>Ma\u010da 29. min\u016bt\u0113 And\u017eejs Mick\u0113vi\u010ds guva sestos v\u0101rtus m\u0101jiniekiem, bet puslaika otraj\u0101 pus\u0113 prec\u012bziem sitieniem apmain\u012bj\u0101s Dilans Vargass un \u0160efki Kameri. Septi\u0146as sekundes pirms pamatlaika beig\u0101m sp\u0113les p\u0113d\u0113jos v\u0101rtus guva Vlads Rimkus.<\/p>\n<p>Pag\u0101ju\u0161aj\u0101 ned\u0113\u013c\u0101 viesos &#8220;Riga&#8221; c\u012bn\u012bj\u0101s neiz\u0161\u0137irti, sp\u0113lei Pri\u0161tin\u0101 nosl\u0113dzoties ar 3:3.<\/p>\n<p>C\u012b\u0146\u0101 par iek\u013c\u016b\u0161anu pusfin\u0101l\u0101 r\u012bdzinieki sp\u0113kosies ar Ma\u013corkas komandu &#8220;Palma&#8221;, kas atbildes sp\u0113l\u0113 ar 4:2 uzveica Kijivas &#8220;Hit&#8221; un divu sp\u0113\u013cu summ\u0101 bija p\u0101r\u0101k ar 6:4. Ar\u012b ceturtda\u013cfin\u0101l\u0101 uzvar\u0113t\u0101ji, kas iek\u013c\u016bs fin\u0101l\u010detrinieka turn\u012br\u0101, tiks noskaidroti divu ma\u010du summ\u0101.<\/p>\n<p>\u010cempionu l\u012bgas pamatk\u0101rt\u0101 &#8220;Riga&#8221; telpu futbolisti ar 4:1 apsp\u0113l\u0113ja Sentendr\u016bsas &#8220;Luxol&#8221;, ar 1:6 atzina titul\u0113t\u0101s Lisabonas &#8220;Benfica&#8221; p\u0101r\u0101kumu un ar 2:0 uzvar\u0113ja Serbijas \u010dempioni &#8220;Loznica-Grad 2018&#8221;.<\/p>\n<p>Pag\u0101ju\u0161aj\u0101 telpu futbola virsl\u012bgas sezonas fin\u0101ls\u0113rij\u0101 &#8220;Riga&#8221; ar 4:2 uzvar\u0113ja RFS komandu, Latvijas \u010dempion\u0101t\u0101 triumf\u0113jot tre\u0161o reizi p\u0113c k\u0101rtas.<\/p>\n<p>Iepriek\u0161\u0113j\u0101s div\u0101s sezon\u0101s &#8220;Riga&#8221; sp\u0113l\u0113ja \u010cempionu l\u012bgas elites k\u0101rt\u0101.<\/p>\n","protected":false},"excerpt":{"rendered":"Astotda\u013cfin\u0101la atbildes sp\u0113l\u0113 &#8220;Riga&#8221; m\u0101j\u0101s ar 8:1 (5:0) sagr\u0101va Kosovas komandu &#8220;Prishtina&#8221; un divu ma\u010du summ\u0101 guva virsroku&hellip;\n","protected":false},"author":2,"featured_media":66766,"comment_status":"","ping_status":"","sticky":false,"template":"","format":"standard","meta":{"footnotes":""},"categories":[17],"tags":[6630,35,39,38,36,37,34,40,67,2313],"class_list":{"0":"post-66765","1":"post","2":"type-post","3":"status-publish","4":"format-standard","5":"has-post-thumbnail","7":"category-sports","8":"tag-futzals","9":"tag-latvia","10":"tag-latvian","11":"tag-latviesu","12":"tag-latviesu-valoda","13":"tag-latviesuvaloda","14":"tag-latvija","15":"tag-lv","16":"tag-sports","17":"tag-telpu-futbols"},"share_on_mastodon":{"url":"https:\/\/pubeurope.com\/@lv\/115669122627026085","error":""},"_links":{"self":[{"href":"https:\/\/www.europesays.com\/lv\/wp-json\/wp\/v2\/posts\/66765","targetHints":{"allow":["GET"]}}],"collection":[{"href":"https:\/\/www.europesays.com\/lv\/wp-json\/wp\/v2\/posts"}],"about":[{"href":"https:\/\/www.europesays.com\/lv\/wp-json\/wp\/v2\/types\/post"}],"author":[{"embeddable":true,"href":"https:\/\/www.europesays.com\/lv\/wp-json\/wp\/v2\/users\/2"}],"replies":[{"embeddable":true,"href":"https:\/\/www.europesays.com\/lv\/wp-json\/wp\/v2\/comments?post=66765"}],"version-history":[{"count":0,"href":"https:\/\/www.europesays.com\/lv\/wp-json\/wp\/v2\/posts\/66765\/revisions"}],"wp:featuredmedia":[{"embeddable":true,"href":"https:\/\/www.europesays.com\/lv\/wp-json\/wp\/v2\/media\/66766"}],"wp:attachment":[{"href":"https:\/\/www.europesays.com\/lv\/wp-json\/wp\/v2\/media?parent=66765"}],"wp:term":[{"taxonomy":"category","embeddable":true,"href":"https:\/\/www.europesays.com\/lv\/wp-json\/wp\/v2\/categories?post=66765"},{"taxonomy":"post_tag","embeddable":true,"href":"https:\/\/www.europesays.com\/lv\/wp-json\/wp\/v2\/tags?post=66765"}],"curies":[{"name":"wp","href":"https:\/\/api.w.org\/{rel}","templated":true}]}}