{"id":66781,"date":"2025-12-05T22:18:23","date_gmt":"2025-12-05T22:18:23","guid":{"rendered":"https:\/\/www.europesays.com\/lv\/66781\/"},"modified":"2025-12-05T22:18:23","modified_gmt":"2025-12-05T22:18:23","slug":"nakamgad-rudeni-riga-koncertes-somu-superzvaigzne-kaarija","status":"publish","type":"post","link":"https:\/\/www.europesays.com\/lv\/66781\/","title":{"rendered":"N\u0101kamgad ruden\u012b R\u012bg\u0101 koncert\u0113s somu superzvaigzne K\u00e4\u00e4rij\u00e4"},"content":{"rendered":"<p>28. oktobr\u012b somu reperis, dzied\u0101t\u0101js un komponists K\u00e4\u00e4rij\u00e4&#13;<br \/>\nsavas l\u012bdz \u0161im v\u0113rien\u012bg\u0101k\u0101s turnejas \u201cEurodisko tour\u201d ietvaros uzst\u0101sies R\u012bgas&#13;<br \/>\nkoncertz\u0101l\u0113 \u201cPalladium\u201d. 2023. gada Eurov\u012bzijas skat\u012bt\u0101ju balsojuma favor\u012bta&#13;<br \/>\nhits \u201cCha Cha Cha\u201d non\u0101ca ne tikai dzimt\u0101s Somijas, bet ar\u012b Zviedrijas,&#13;<br \/>\nLatvijas un Lietuvas topu pa\u0161\u0101 aug\u0161gal\u0101 un kopum\u0101 13 valst\u012bs ierindoj\u0101s vismaz&#13;<br \/>\npirmaj\u0101 desmitniek\u0101.  <\/p>\n<p>K\u00e4\u00e4rij\u00e4 uzst\u0101\u0161an\u0101s 2024. gada \u201cSummer Sound\u201d festiv\u0101l\u0101 k\u013cuva&#13;<br \/>\npar pas\u0101kuma t\u0101 gada sens\u0101ciju ar saj\u016bsmin\u0101t\u0101m apmekl\u0113t\u0101ju atsauksm\u0113m.<\/p>\n<p>Bi\u013ce\u0161u iepriek\u0161p\u0101rdo\u0161ana vis\u0101 Bi\u013ce\u0161u serviss t\u012bkl\u0101:<\/p>\n<ul>\n<li>4. decembr\u012b, no plkst. 11.00 tikai <a target=\"_blank\" href=\"http:\/\/www.ltips.lv\" rel=\"nofollow noopener\">www.ltips.lv<\/a>&#13;<br \/>\nabonentiem <\/li>\n<li>10. decembr\u012b, no plkst. 11.00 s\u0101ksies publisk\u0101 p\u0101rdo\u0161ana<\/li>\n<\/ul>\n<p>K\u00e4\u00e4rij\u00e4 jeb Jere Mikaels Peihenens uzaudzis Vant\u0101 piepils\u0113t\u0101&#13;<br \/>\nun kop\u0161 aptuveni 20 gadu vecuma s\u0101cis aizrauties ar m\u016bzikas rad\u012b\u0161anu. S\u0101kum\u0101&#13;<br \/>\nsp\u0113l\u0113jot bungas, bet v\u0113l\u0101k piev\u0113r\u0161oties dzied\u0101\u0161anai. Vi\u0146a debijas albums&#13;<br \/>\n\u201cFantastista\u201d izn\u0101ca 2020. gad\u0101. <\/p>\n<p>2023. gada s\u0101kum\u0101 K\u00e4\u00e4rij\u00e4 ar lip\u012bgi ritmisko kompoz\u012bciju \u201cCha&#13;<br \/>\nCha Cha\u201d uzvar\u0113ja nacion\u0101laj\u0101 Eirov\u012bzijas atlas\u0113 un attiec\u012bgi p\u0101rst\u0101v\u0113ja Somiju&#13;<br \/>\nkonkurs\u0101, kas togad norit\u0113ja Liverp\u016bl\u0113. Lai ar\u012b kopv\u0113rt\u0113jum\u0101 K\u00e4\u00e4rij\u00e4 palika&#13;<br \/>\notraj\u0101 viet\u0101, skat\u012bt\u0101ju balsojum\u0101 vi\u0146\u0161 sa\u0146\u0113ma visvair\u0101k \u2013 376 punktus.&#13;<br \/>\nInteresanti, ka pa da\u017eiem gadiem \u201cCha Cha Cha\u201d sasniegusi 7. vietu \u201cSpotify\u201d&#13;<br \/>\natska\u0146ot\u0101ko dziesmu sarakst\u0101 un k\u013cuvusi par visu laiku atska\u0146ot\u0101ko kompoz\u012bciju&#13;<br \/>\nsomu valod\u0101. <\/p>\n<p>Papildus fenomen\u0101li popul\u0101rajai \u201cCha Cha Cha\u201d K\u00e4\u00e4rij\u00e4 kl\u0101st\u0101&#13;<br \/>\nir t\u0101di hiti, k\u0101 \u201cRuoska\u201d, \u201cTRAFIK!\u201d un \u201c#eurodab\u201d, k\u0101 ar\u012b kop\u0101 ar igau\u0146u&#13;<br \/>\nzvaigzni Tommy Cash izpild\u012bt\u0101 \u201cIt&#8217;s Crazy It&#8217;s Party\u201d.<\/p>\n<p>Par savu noz\u012bm\u012bg\u0101ko ietekmi Peihenens uzskatot v\u0101cu&#13;<br \/>\nindustr\u0101l\u0101 met\u0101la supergrupu \u201cRammstein\u201d (apvien\u012bbas logotips uztetov\u0113ts uz&#13;<br \/>\nvi\u0146a kr\u016bt\u012bm).<\/p>\n<p>Citu apbalvojumu starp\u0101 K\u00e4\u00e4rij\u00e4 sa\u0146\u0113mis 5 \u201cEmma Gaala\u201d (somu&#13;<br \/>\n\u201cGrammy\u201d ekvivalents) un vienu MTV Europe balvu.<\/p>\n<p>\u0160\u0137iet, ka 2026. gads b\u016bs \u012bsts K\u00e4\u00e4rij\u00e4 triumfa laiks. Jau&#13;<br \/>\ntagad gandr\u012bz piln\u012bb\u0101 izp\u0101rdota 13 000 skat\u012bt\u0101ju ietilp\u012bbas Veikkaus ar\u0113na&#13;<br \/>\nHelsinkos (koncerts 23. maij\u0101), ta\u010du kopum\u0101 iepl\u0101noti 24 koncerti 15 Eiropas&#13;<br \/>\npils\u0113t\u0101s. Sal\u012bdzinot ar iepriek\u0161\u0113j\u0101m koncertturnej\u0101m 2023. un 2024. gad\u0101, tiek&#13;<br \/>\nsol\u012bts, ka \u0161\u012b izcelsies ar \u012bpa\u0161u v\u0113rien\u012bgu un kr\u0101\u0161\u0146u \u0161ovu.<\/p>\n<p><img decoding=\"async\" src=\"https:\/\/www.europesays.com\/lv\/wp-content\/uploads\/2025\/12\/91103b02beaef2bc8e1379de2a9fd058.jpg\" title=\"K\u00e4\u00e4rij\u00e4 2023. gada Eirov\u012bzij\u0101. Foto: AP Photo\/Martin Meissner\" alt=\"K\u00e4\u00e4rij\u00e4 2023. gada Eirov\u012bzij\u0101. Foto: AP Photo\/Martin Meissner\"\/><\/p>\n<p class=\"article-img-desc\">K\u00e4\u00e4rij\u00e4 2023. gada Eirov\u012bzij\u0101. Foto: AP Photo\/Martin Meissner<\/p>\n","protected":false},"excerpt":{"rendered":"28. oktobr\u012b somu reperis, dzied\u0101t\u0101js un komponists K\u00e4\u00e4rij\u00e4&#13; savas l\u012bdz \u0161im v\u0113rien\u012bg\u0101k\u0101s turnejas \u201cEurodisko tour\u201d ietvaros uzst\u0101sies R\u012bgas&#13;&hellip;\n","protected":false},"author":2,"featured_media":66782,"comment_status":"","ping_status":"","sticky":false,"template":"","format":"standard","meta":{"footnotes":""},"categories":[19],"tags":[129,5377,4566,14129,2239,89,90,35,39,38,36,37,34,40,8186,4567,2240,14130,8187,4568,2241,14131],"class_list":{"0":"post-66781","1":"post","2":"type-post","3":"status-publish","4":"format-standard","5":"has-post-thumbnail","7":"category-izklaide","8":"tag-__typenameadvicekeyword","9":"tag-id143","10":"tag-id589","11":"tag-id845","12":"tag-id93","13":"tag-entertainment","14":"tag-izklaide","15":"tag-latvia","16":"tag-latvian","17":"tag-latviesu","18":"tag-latviesu-valoda","19":"tag-latviesuvaloda","20":"tag-latvija","21":"tag-lv","22":"tag-slugconcerts","23":"tag-slugeirovizija","24":"tag-slugmusic","25":"tag-slugsomija","26":"tag-titleconcerts","27":"tag-titleeirovizija","28":"tag-titlemusic","29":"tag-titlesomija"},"share_on_mastodon":{"url":"https:\/\/pubeurope.com\/@lv\/115669284123657833","error":""},"_links":{"self":[{"href":"https:\/\/www.europesays.com\/lv\/wp-json\/wp\/v2\/posts\/66781","targetHints":{"allow":["GET"]}}],"collection":[{"href":"https:\/\/www.europesays.com\/lv\/wp-json\/wp\/v2\/posts"}],"about":[{"href":"https:\/\/www.europesays.com\/lv\/wp-json\/wp\/v2\/types\/post"}],"author":[{"embeddable":true,"href":"https:\/\/www.europesays.com\/lv\/wp-json\/wp\/v2\/users\/2"}],"replies":[{"embeddable":true,"href":"https:\/\/www.europesays.com\/lv\/wp-json\/wp\/v2\/comments?post=66781"}],"version-history":[{"count":0,"href":"https:\/\/www.europesays.com\/lv\/wp-json\/wp\/v2\/posts\/66781\/revisions"}],"wp:featuredmedia":[{"embeddable":true,"href":"https:\/\/www.europesays.com\/lv\/wp-json\/wp\/v2\/media\/66782"}],"wp:attachment":[{"href":"https:\/\/www.europesays.com\/lv\/wp-json\/wp\/v2\/media?parent=66781"}],"wp:term":[{"taxonomy":"category","embeddable":true,"href":"https:\/\/www.europesays.com\/lv\/wp-json\/wp\/v2\/categories?post=66781"},{"taxonomy":"post_tag","embeddable":true,"href":"https:\/\/www.europesays.com\/lv\/wp-json\/wp\/v2\/tags?post=66781"}],"curies":[{"name":"wp","href":"https:\/\/api.w.org\/{rel}","templated":true}]}}