{"id":66796,"date":"2025-12-05T22:43:13","date_gmt":"2025-12-05T22:43:13","guid":{"rendered":"https:\/\/www.europesays.com\/lv\/66796\/"},"modified":"2025-12-05T22:43:13","modified_gmt":"2025-12-05T22:43:13","slug":"junioram-debija-pk-sleposana-012-sekundes-lidz-pjedestalam-norvegu-treneriem-sarezgita-izvele-ziemas-sports-sportacentrs-com","status":"publish","type":"post","link":"https:\/\/www.europesays.com\/lv\/66796\/","title":{"rendered":"Junioram debij\u0101 PK sl\u0113po\u0161an\u0101 0,12 sekundes l\u012bdz pjedest\u0101lam, norv\u0113\u0123u treneriem sare\u017e\u0123\u012bta izv\u0113le \u2013 Ziemas sports \u2013 Sportacentrs.com"},"content":{"rendered":"<p>Jau zi\u0146oj\u0101m, <a href=\"https:\/\/sportacentrs.com\/ziemas_sports\/sleposana\/05122025-viriesiem_klebo_jubilejas_100_uzvara_siev\" target=\"_self\" rel=\"nofollow noopener\">ka Johanes Hesflots Kl\u0113bo \u0161odien izc\u012bn\u012bja savu 100. uzvaru Pasaules kausa izc\u012b\u0146\u0101 sl\u0113po\u0161an\u0101<\/a>. Ta\u010du aiz vi\u0146a dzenas bari\u0146\u0161 jaunie\u0161u.<\/p>\n<p>Pirms ned\u0113\u013cas aiz Kl\u0113bo bija 2021.gada pasaules vice\u010dempions \u0112riks Valness, kur\u0161 \u0161odien paliak piektais. Ruk\u0101 tre\u0161o vietu ieguva Ansg\u0101rs \u0112vensens, kur\u0161 \u0161odiena ar\u012b sasniedza fin\u0101lu, ie\u0146emot sesto vietu. \u0160ie divi bija pieteiku\u0161i sp\u0113c\u012bgu pieteikumu atlasei uz olimpiskaj\u0101m sp\u0113l\u0113m. \u0160odien \u0161aj\u0101 atlases proces\u0101 iejauc\u0101s v\u0113l divi jaunie norv\u0113\u0123i.<\/p>\n<p>2004.gad\u0101 dzimu\u0161ais Oskars Opstads V\u012bke ar otro vietu otro reizi karjer\u0101 iek\u013cuva  trijniek\u0101, apsteidzot Zviedrijas turbo junioru Alvaru M\u012blbeku. V\u012bke ar\u012b pieteica nopietna pretenzijas uz tik\u0161anu izlas\u0113. Un tad n\u0101k Pasaules kausa debitants \u2013 2005.gad\u0101 dzimu\u0161ais Larss Hegens, kur\u0161 ie\u0146\u0113ma ceturto vietu. Hegenam l\u012bdz savam pirmajam Pasaules kausa pjedest\u0101lam pietr\u016bka tikai 12 simtda\u013cu.<\/p>\n<p>Atlase sare\u017e\u0123\u012bjas<\/p>\n<p>\u201cOskars Opstads Vike par\u0101da, ka \u0101tri atg\u016bstas no traumas, Ansg\u0101rs \u0112vensens atkal ir fin\u0101l\u0101, un tad iejaucas Larss Hegens. Ir daudz cilv\u0113ku uz \u013coti maz viet\u0101m, tas ir skaidrs,\u201d saka izlases treneris Arilds Monsens.<\/p>\n<p>Viens no sl\u0113pot\u0101jiem, kuram piektdienas sprint\u0101 bija \u201cnazis pie r\u012bkles\u201d, bija le\u0123end\u0101r\u0101 Petera Nortuga br\u0101lis \u0112vens Nortugs, kur\u0161 pirms ned\u0113\u013cas bija astotais. 30 gadus vecajam sportistam sezonas s\u0101kums bijis gr\u016bts, un vi\u0146\u0161 bija atkar\u012bgs no t\u0101, vai sasniegs fin\u0101lu un, v\u0113lams, tikt uz goda pjedest\u0101la. \u0112venam tas neizdev\u0101s. Nortugs ceturtda\u013cfin\u0101l\u0101 izst\u0101j\u0101s, fini\u0161\u0113jot kopv\u0113rt\u0113jum\u0101 26. viet\u0101 un pazuda no stadiona.<\/p>\n<p>Un v\u0113l jau ir viens no pasaules lab\u0101kajiem sl\u0113pot\u0101jiem Haralds Amundsens, kur\u0161 ir bijis fin\u0101l\u0101 un kur\u0161 \u0161oreiz pusfin\u0101l\u0101 saskr\u0113j\u0101s ar kvalifik\u0101cijas lab\u0101k\u0101 laika uzr\u0101d\u012bt\u0101ju Benu Ogdenu no ASV, t\u0101p\u0113c fin\u0101l\u0101 netika neviens no vi\u0146iem.<\/p>\n<p>Izmantotie resursi:<br \/><a target=\"_blank\" href=\"http:\/\/www.langrenn.com\" rel=\"nofollow noopener\">Home &#8211; Langrenn.com<\/a><\/p>\n","protected":false},"excerpt":{"rendered":"Jau zi\u0146oj\u0101m, ka Johanes Hesflots Kl\u0113bo \u0161odien izc\u012bn\u012bja savu 100. uzvaru Pasaules kausa izc\u012b\u0146\u0101 sl\u0113po\u0161an\u0101. Ta\u010du aiz vi\u0146a&hellip;\n","protected":false},"author":2,"featured_media":66797,"comment_status":"","ping_status":"","sticky":false,"template":"","format":"standard","meta":{"footnotes":""},"categories":[17],"tags":[35,39,38,36,37,34,40,67,620],"class_list":{"0":"post-66796","1":"post","2":"type-post","3":"status-publish","4":"format-standard","5":"has-post-thumbnail","7":"category-sports","8":"tag-latvia","9":"tag-latvian","10":"tag-latviesu","11":"tag-latviesu-valoda","12":"tag-latviesuvaloda","13":"tag-latvija","14":"tag-lv","15":"tag-sports","16":"tag-ziemas-sports"},"share_on_mastodon":{"url":"https:\/\/pubeurope.com\/@lv\/115669382127300805","error":""},"_links":{"self":[{"href":"https:\/\/www.europesays.com\/lv\/wp-json\/wp\/v2\/posts\/66796","targetHints":{"allow":["GET"]}}],"collection":[{"href":"https:\/\/www.europesays.com\/lv\/wp-json\/wp\/v2\/posts"}],"about":[{"href":"https:\/\/www.europesays.com\/lv\/wp-json\/wp\/v2\/types\/post"}],"author":[{"embeddable":true,"href":"https:\/\/www.europesays.com\/lv\/wp-json\/wp\/v2\/users\/2"}],"replies":[{"embeddable":true,"href":"https:\/\/www.europesays.com\/lv\/wp-json\/wp\/v2\/comments?post=66796"}],"version-history":[{"count":0,"href":"https:\/\/www.europesays.com\/lv\/wp-json\/wp\/v2\/posts\/66796\/revisions"}],"wp:featuredmedia":[{"embeddable":true,"href":"https:\/\/www.europesays.com\/lv\/wp-json\/wp\/v2\/media\/66797"}],"wp:attachment":[{"href":"https:\/\/www.europesays.com\/lv\/wp-json\/wp\/v2\/media?parent=66796"}],"wp:term":[{"taxonomy":"category","embeddable":true,"href":"https:\/\/www.europesays.com\/lv\/wp-json\/wp\/v2\/categories?post=66796"},{"taxonomy":"post_tag","embeddable":true,"href":"https:\/\/www.europesays.com\/lv\/wp-json\/wp\/v2\/tags?post=66796"}],"curies":[{"name":"wp","href":"https:\/\/api.w.org\/{rel}","templated":true}]}}