{"id":66800,"date":"2025-12-05T23:48:08","date_gmt":"2025-12-05T23:48:08","guid":{"rendered":"https:\/\/www.europesays.com\/lv\/66800\/"},"modified":"2025-12-05T23:48:08","modified_gmt":"2025-12-05T23:48:08","slug":"gada-izrade-%e2%9f%a9-culpana-hamatova-par-emocionalajam-lomas-niansem-dailes-teatri","status":"publish","type":"post","link":"https:\/\/www.europesays.com\/lv\/66800\/","title":{"rendered":"GADA IZR\u0100DE \u27e9 \u010culpana Hamatova par emocion\u0101laj\u0101m lomas nians\u0113m Dailes te\u0101tr\u012b"},"content":{"rendered":"<p>Toms Treibergs: Cik ilgs laiks jums bija vajadz\u012bgs, lai nolemtu piedal\u012bties kasting\u0101 uz Jan\u012bnas lomu? Kas nosp\u0113l\u0113ja par labu tam, ka nol\u0113m\u0101t piedal\u012bties?<\/p>\n<p>\u010culpana Hamatova: Tas bija \u013coti smiekl\u012bgi. Olgas Tokar\u010dukas rom\u0101ns ir nopietns, bet taj\u0101 ir ar\u012b daudz humora, tikai tam uzreiz nevar &#8220;tikt kl\u0101t&#8221;. Vi\u0146\u0161 ir nedaudz pasl\u0113pts. M\u016bsu sadarb\u012bbas s\u0101kums ar\u012b aizrit\u0113ja t\u0101d\u0101 \u2013\u00a0gan jautr\u0101, gan nopietn\u0101 gaisotn\u0113. Man \u0161aj\u0101 izr\u0101d\u0113 nebija t\u0101ds kastings, k\u0101 citos projektos. Bija vieno\u0161an\u0101s ar\u2026<\/p>\n","protected":false},"excerpt":{"rendered":"Toms Treibergs: Cik ilgs laiks jums bija vajadz\u012bgs, lai nolemtu piedal\u012bties kasting\u0101 uz Jan\u012bnas lomu? Kas nosp\u0113l\u0113ja par&hellip;\n","protected":false},"author":2,"featured_media":66801,"comment_status":"","ping_status":"","sticky":false,"template":"","format":"standard","meta":{"footnotes":""},"categories":[19],"tags":[8848,2491,454,89,90,3131,35,39,38,36,37,34,40],"class_list":{"0":"post-66800","1":"post","2":"type-post","3":"status-publish","4":"format-standard","5":"has-post-thumbnail","7":"category-izklaide","8":"tag-arturs-skrastins","9":"tag-culpana-hamatova","10":"tag-dailes-teatris","11":"tag-entertainment","12":"tag-izklaide","13":"tag-kars","14":"tag-latvia","15":"tag-latvian","16":"tag-latviesu","17":"tag-latviesu-valoda","18":"tag-latviesuvaloda","19":"tag-latvija","20":"tag-lv"},"share_on_mastodon":{"url":"https:\/\/pubeurope.com\/@lv\/115669637714198422","error":""},"_links":{"self":[{"href":"https:\/\/www.europesays.com\/lv\/wp-json\/wp\/v2\/posts\/66800","targetHints":{"allow":["GET"]}}],"collection":[{"href":"https:\/\/www.europesays.com\/lv\/wp-json\/wp\/v2\/posts"}],"about":[{"href":"https:\/\/www.europesays.com\/lv\/wp-json\/wp\/v2\/types\/post"}],"author":[{"embeddable":true,"href":"https:\/\/www.europesays.com\/lv\/wp-json\/wp\/v2\/users\/2"}],"replies":[{"embeddable":true,"href":"https:\/\/www.europesays.com\/lv\/wp-json\/wp\/v2\/comments?post=66800"}],"version-history":[{"count":0,"href":"https:\/\/www.europesays.com\/lv\/wp-json\/wp\/v2\/posts\/66800\/revisions"}],"wp:featuredmedia":[{"embeddable":true,"href":"https:\/\/www.europesays.com\/lv\/wp-json\/wp\/v2\/media\/66801"}],"wp:attachment":[{"href":"https:\/\/www.europesays.com\/lv\/wp-json\/wp\/v2\/media?parent=66800"}],"wp:term":[{"taxonomy":"category","embeddable":true,"href":"https:\/\/www.europesays.com\/lv\/wp-json\/wp\/v2\/categories?post=66800"},{"taxonomy":"post_tag","embeddable":true,"href":"https:\/\/www.europesays.com\/lv\/wp-json\/wp\/v2\/tags?post=66800"}],"curies":[{"name":"wp","href":"https:\/\/api.w.org\/{rel}","templated":true}]}}