{"id":66826,"date":"2025-12-06T01:41:15","date_gmt":"2025-12-06T01:41:15","guid":{"rendered":"https:\/\/www.europesays.com\/lv\/66826\/"},"modified":"2025-12-06T01:41:15","modified_gmt":"2025-12-06T01:41:15","slug":"dzelzcela-demontaza-pret-krieviju-un-baltkrieviju-kopigs-drosibas-lemums-lente-lv","status":"publish","type":"post","link":"https:\/\/www.europesays.com\/lv\/66826\/","title":{"rendered":"dzelzce\u013ca demont\u0101\u017ea pret Krieviju un Baltkrieviju \u2013 kop\u012bgs dro\u0161\u012bbas l\u0113mums\u00a0\u2014\u00a0Lente.lv"},"content":{"rendered":"<p>Baltijas valstu l\u012bderi vienoti: dzelzce\u013ca demont\u0101\u017ea pret Krieviju un Baltkrieviju \u2013 kop\u012bgs l\u0113mums<\/p>\n<p>P\u0113c Baltijas valstu prezidentu tik\u0161an\u0101s R\u012bg\u0101, kas notika 2025. gada 4. decembr\u012b, re\u0123iona l\u012bderi uzsv\u0113ra nepiecie\u0161am\u012bbu p\u0113c vienota un koordin\u0113ta l\u0113muma, ja tiktu pie\u0146emta dzelzce\u013ca slie\u017eu savienojumu ar Krieviju un Baltkrieviju demont\u0101\u017ea. \u0160\u0101ds kop\u012bgs solis ir b\u016btisk\u0101kais, lai nodro\u0161in\u0101tu dro\u0161\u012bbu un strat\u0113\u0123isku saska\u0146ot\u012bbu Baltijas valstu starp\u0101. Igaunijas prezidents Alars Kariss atzina, ka \u0161\u012b iesp\u0113ja ir apspriesta, un, ja demont\u0101\u017ea tiktu \u012bstenota, tai j\u0101notiek sinhroni vis\u0101s tr\u012bs valst\u012bs. Vi\u0146\u0161 nor\u0101d\u012bja, ka, lai gan situ\u0101cijas at\u0161\u0137iras, pa\u0161reiz\u0113j\u0101 transporta satiksme starp Centr\u0101l\u0101ziju un cit\u0101m valst\u012bm prasa koordin\u0113tu r\u012bc\u012bbu. \u0160is jaut\u0101jums ir jauns un nodots ministru izv\u0113rt\u0113\u0161anai.<\/p>\n<p>Lietuvas prezidents Gitans Naus\u0113da \u012bpa\u0161i uzsv\u0113ra koordin\u0113tas r\u012bc\u012bbas noz\u012bm\u012bgumu Baltijas aizsardz\u012bbas l\u012bnijas veido\u0161an\u0101, sadarbojoties ar\u012b ar Poliju, kas izskata l\u012bdz\u012bgus pas\u0101kumus. Vi\u0146\u0161 ar\u012b pauda cer\u012bbu, ka Eiropas Komisija nodro\u0161in\u0101s nepiecie\u0161amo finans\u0113jumu gan \u012bstermi\u0146\u0101, gan ilgtermi\u0146\u0101 \u0161iem pas\u0101kumiem. Naus\u0113da skaidroja, ka atteik\u0161an\u0101s no dzelzce\u013ca savienojumiem ar austrumu valst\u012bm ir da\u013ca no pla\u0161\u0101kiem pretmobilit\u0101tes pas\u0101kumiem, pie kuriem Baltijas valstis akt\u012bvi str\u0101d\u0101. Tas ir strat\u0113\u0123isks solis, kas stiprina m\u016bsu re\u0123iona dro\u0161\u012bbu un samazina potenci\u0101los riskus.<\/p>\n<p>Latvijas prezidents Edgars Rink\u0113vi\u010ds apstiprin\u0101ja, ka jebkuri l\u0113mumi \u0161aj\u0101 jaut\u0101jum\u0101 b\u016bs kop\u012bgi, ta\u010du pagaid\u0101m tie v\u0113l nav gal\u012bgi pie\u0146emti. Darbs turpin\u0101s vald\u012bbas l\u012bmen\u012b, un taj\u0101 tiks iesaist\u012bti milit\u0101rie un aizsardz\u012bbas speci\u0101listi. Rink\u0113vi\u010ds uzsv\u0113ra, ka \u0161\u012b probl\u0113ma neattiecas tikai uz dzelzce\u013cu, bet ietver pla\u0161\u0101kus pretmobilit\u0101tes pas\u0101kumus, kas veido kop\u012bgu aizsardz\u012bbas telpu. T\u0101d\u0113\u013c l\u0113mumu pie\u0146em\u0161anai ir nepiecie\u0161ama cie\u0161a sadarb\u012bba un vienots redz\u0113jums par Baltijas aizsardz\u012bbas l\u012bniju k\u0101 kompleksu risin\u0101jumu.<\/p>\n<p>Dro\u0161\u012bbas riski un ekonomisk\u0101s sekas: r\u016bp\u012bga izv\u0113rt\u0113\u0161ana<\/p>\n<p>Jau iepriek\u0161 tika zi\u0146ots, ka vair\u0101kas Latvijas ministrijas un dro\u0161\u012bbas iest\u0101des l\u012bdz 2025. gada beig\u0101m ir uzdevumu sa\u0146\u0113mu\u0161as sagatavot atzinumu par slie\u017eu nojauk\u0161anas ietekmi uz Latviju, \u012bpa\u0161i attiec\u012bb\u0101 uz dzelzce\u013ca savienojumiem Krievijas pierobe\u017e\u0101. \u0160\u012b iniciat\u012bva izriet no anal\u012bti\u0137u v\u0113rt\u0113juma, ka min\u0113tie savienojumi rada vistie\u0161\u0101ko dro\u0161\u012bbas risku. Lai gan milit\u0101rie eksperti uzsver, ka slie\u017eu ce\u013cu demont\u0101\u017ea ir svar\u012bgs pretmobilit\u0101tes pas\u0101kums, lai bremz\u0113tu potenci\u0101l\u0101 pretinieka p\u0101rvieto\u0161anos, past\u0101v ar\u012b ba\u017eas par infrastrukt\u016bras atjauno\u0161anas \u0101trumu un efektivit\u0101ti.<\/p>\n<p>Satiksmes ministrija ir nor\u0101d\u012bjusi, ka dzelzce\u013ca slie\u017eu nojauk\u0161ana Krievijas virzien\u0101 piln\u012bb\u0101 aptur\u0113tu tranz\u012btbiznesu Latvij\u0101, radot iev\u0113rojamus ekonomiskos zaud\u0113jumus ost\u0101m un uz\u0146\u0113m\u0113jiem. T\u0101p\u0113c \u0161\u0101ds l\u0113mums ir r\u016bp\u012bgi j\u0101izv\u0113rt\u0113, ne tikai konsult\u0113joties ar Baltijas valstu partneriem, bet ar\u012b ar Poliju un Somiju. Tiek uzsv\u0113rts, ka nepiecie\u0161ams izvair\u012bties no lieka sabiedr\u012bbas satraukuma, jo diskusijas par slie\u017eu no\u0146em\u0161anu nereti ir emocion\u0101las un nepietiekami racion\u0101las. Svar\u012bga ir skaidra komunik\u0101cija un inform\u0101cijas nodo\u0161ana visiem sabiedr\u012bbas sl\u0101\u0146iem, lai nov\u0113rstu dezinform\u0101ciju un ba\u017eas.<\/p>\n<p>Pl\u0101ni un strat\u0113\u0123ijas: Baltijas aizsardz\u012bbas l\u012bnijas att\u012bst\u012bba<\/p>\n<p>Baltijas valstu prezidentu tik\u0161an\u0101s R\u012bg\u0101 4. decembr\u012b aptv\u0113ra pla\u0161u dro\u0161\u012bbas un aizsardz\u012bbas jaut\u0101jumu loku. L\u012bderi p\u0101rrun\u0101ja re\u0123ion\u0101l\u0101s dro\u0161\u012bbas stiprin\u0101\u0161anu, Baltijas valstu robe\u017eu aizsardz\u012bbas pas\u0101kumus, kop\u012bgus transporta un ener\u0123\u0113tikas infrastrukt\u016bras projektus, k\u0101 ar\u012b Eiropas Savien\u012bbas aktu\u0101los jaut\u0101jumus un atbalstu Ukrainai. Prezidenti vienoj\u0101s par cie\u0161\u0101ku sadarb\u012bbu pretmobilit\u0101tes pas\u0101kumu \u012bsteno\u0161an\u0101, kas ietver ne tikai dzelzce\u013ca infrastrukt\u016bras piel\u0101go\u0161anu, bet ar\u012b citus strat\u0113\u0123iskus elementus. T\u0101pat tika akcent\u0113ta nepiecie\u0161am\u012bba stiprin\u0101t NATO austrumu flangu un kop\u012bgi atbalst\u012bt Ukrainu, izmantojot visas pieejam\u0101s diplom\u0101tisk\u0101s un ekonomisk\u0101s sviras, tostarp sankcijas pret Krieviju un iesald\u0113to akt\u012bvu izmanto\u0161anu.<\/p>\n<p>\u0160ie pas\u0101kumi ir da\u013ca no pla\u0161\u0101kas Baltijas aizsardz\u012bbas l\u012bnijas att\u012bst\u012bbas, kas ietver aizsardz\u012bbas poz\u012bciju, prettanku gr\u0101vju un citu aizsardz\u012bbas elementu izveidi gar Krievijas un Baltkrievijas robe\u017eu. Lietuvas prezidents Gitans Naus\u0113da nor\u0101d\u012bja, ka pieaugo\u0161ais \u0123eopolitiskais spiediens un hibr\u012bduzbrukumi prasa priorit\u0101ru uzman\u012bbu gaisa aizsardz\u012bbai, dronu un pretdronu risin\u0101jumiem, k\u0101 ar\u012b milit\u0101rajai mobilit\u0101tei. Vi\u0146\u0161 uzsv\u0113ra, ka Lietuva palielin\u0101s aizsardz\u012bbas izdevumus l\u012bdz vair\u0101k nek\u0101 5% no IKP un ka ir nepiecie\u0161ama stingr\u0101ka un vienot\u0101ka Eiropas nost\u0101ja pret Baltkrieviju, lai nov\u0113rstu hibr\u012bdkara elementus. Kopum\u0101 Baltijas valstu vad\u012bt\u0101ju vienot\u012bba un koordin\u0113ta r\u012bc\u012bba \u0161ajos jaut\u0101jumos ir \u013coti svar\u012bga, lai nodro\u0161in\u0101tu re\u0123iona dro\u0161\u012bbu un stabilit\u0101ti.<\/p>\n","protected":false},"excerpt":{"rendered":"Baltijas valstu l\u012bderi vienoti: dzelzce\u013ca demont\u0101\u017ea pret Krieviju un Baltkrieviju \u2013 kop\u012bgs l\u0113mums P\u0113c Baltijas valstu prezidentu tik\u0161an\u0101s&hellip;\n","protected":false},"author":2,"featured_media":66827,"comment_status":"","ping_status":"","sticky":false,"template":"","format":"standard","meta":{"footnotes":""},"categories":[5],"tags":[23,17205,2416,28,29,2760,17206,32,33,22,234,30,31,35,39,38,36,37,34,40,20,26,27,24,25,21],"class_list":{"0":"post-66826","1":"post","2":"type-post","3":"status-publish","4":"format-standard","5":"has-post-thumbnail","7":"category-aktualitates","8":"tag-aktualitates","9":"tag-baltijas-valstu-prezidenti","10":"tag-baltkrievija","11":"tag-breaking-news","12":"tag-breakingnews","13":"tag-drosibas-politika","14":"tag-dzelzcela-demontaza","15":"tag-featured-news","16":"tag-featurednews","17":"tag-headlines","18":"tag-krievija","19":"tag-latest-news","20":"tag-latestnews","21":"tag-latvia","22":"tag-latvian","23":"tag-latviesu","24":"tag-latviesu-valoda","25":"tag-latviesuvaloda","26":"tag-latvija","27":"tag-lv","28":"tag-news","29":"tag-popularakas-zinas","30":"tag-popularakaszinas","31":"tag-top-stories","32":"tag-topstories","33":"tag-zinas"},"share_on_mastodon":{"url":"https:\/\/pubeurope.com\/@lv\/115670082066714748","error":""},"_links":{"self":[{"href":"https:\/\/www.europesays.com\/lv\/wp-json\/wp\/v2\/posts\/66826","targetHints":{"allow":["GET"]}}],"collection":[{"href":"https:\/\/www.europesays.com\/lv\/wp-json\/wp\/v2\/posts"}],"about":[{"href":"https:\/\/www.europesays.com\/lv\/wp-json\/wp\/v2\/types\/post"}],"author":[{"embeddable":true,"href":"https:\/\/www.europesays.com\/lv\/wp-json\/wp\/v2\/users\/2"}],"replies":[{"embeddable":true,"href":"https:\/\/www.europesays.com\/lv\/wp-json\/wp\/v2\/comments?post=66826"}],"version-history":[{"count":0,"href":"https:\/\/www.europesays.com\/lv\/wp-json\/wp\/v2\/posts\/66826\/revisions"}],"wp:featuredmedia":[{"embeddable":true,"href":"https:\/\/www.europesays.com\/lv\/wp-json\/wp\/v2\/media\/66827"}],"wp:attachment":[{"href":"https:\/\/www.europesays.com\/lv\/wp-json\/wp\/v2\/media?parent=66826"}],"wp:term":[{"taxonomy":"category","embeddable":true,"href":"https:\/\/www.europesays.com\/lv\/wp-json\/wp\/v2\/categories?post=66826"},{"taxonomy":"post_tag","embeddable":true,"href":"https:\/\/www.europesays.com\/lv\/wp-json\/wp\/v2\/tags?post=66826"}],"curies":[{"name":"wp","href":"https:\/\/api.w.org\/{rel}","templated":true}]}}