{"id":66831,"date":"2025-12-06T01:49:15","date_gmt":"2025-12-06T01:49:15","guid":{"rendered":"https:\/\/www.europesays.com\/lv\/66831\/"},"modified":"2025-12-06T01:49:15","modified_gmt":"2025-12-06T01:49:15","slug":"bez-seska-hyundai-motorsport-pazino-sastavu-jaunajai-wrc-sezonai-motoru-sports-sportacentrs-com","status":"publish","type":"post","link":"https:\/\/www.europesays.com\/lv\/66831\/","title":{"rendered":"Bez Seska. &#8221;Hyundai Motorsport&#8221; pazi\u0146o sast\u0101vu jaunajai WRC sezonai \u2013 Motoru sports \u2013 Sportacentrs.com"},"content":{"rendered":"<p>Tjer\u012b Noivils un Adrians Formo start\u0113s visos n\u0101kam\u0101s sezonas posmos, kas s\u0101ksies janv\u0101r\u012b ar Montekarlo WRC un nosl\u0113gsies novembr\u012b ar Sa\u016bda Ar\u0101bijas WRC. Tre\u0161o &#8221;Hyundai i20 N Rally1&#8221; automa\u0161\u012bnu dal\u012bs pieredz\u0113ju\u0161ie Dani Sordo, Esapeka Lappi un Haidens Padons.<\/p>\n<p>&#8221;M\u0113s ar prieku apstiprin\u0101m savu sast\u0101vu 2026. gada FIA WRC sezonai, kur\u0101 Tjer\u012b un Adrians piedal\u012bsies visos posmos, bet tre\u0161o automa\u0161\u012bnu dal\u012bs tr\u012bs \u013coti pieredz\u0113ju\u0161as un konkur\u0113tsp\u0113j\u012bgas ekip\u0101\u017eas. Dani, Esapeka un Haidena piesaist\u012b\u0161ana \u013cauj mums izmantot katra vi\u0146u stipr\u0101s puses, lai n\u0101kamgad c\u012bn\u012btos par ra\u017eot\u0101ju \u010dempiontitulu.&#8221;<\/p>\n<p>&#8221;Mums bija j\u0101pie\u0146em sare\u017e\u0123\u012bts l\u0113mums \u2013 izv\u0113l\u0113ties pieredzi un stabilit\u0101ti vai dot iesp\u0113ju jaunam talantam un pal\u012bdz\u0113t vi\u0146am augt. Ta\u010du, t\u0101 k\u0101 esam p\u0113d\u0113j\u0101 gad\u0101, kur\u0101 tiek izmantoti Rally1 tehniskie noteikumi, m\u0113s uzskat\u0101m, ka pareizais ce\u013c\u0161 ir brauc\u0113ji, kuri jau p\u0101rzina gan \u0161o auto, gan komandu,&#8221; t\u0101 &#8221;Hyundai Motorsport&#8221; WRC sporta direktors Endrj\u016b V\u012btlijs.<\/p>\n","protected":false},"excerpt":{"rendered":"Tjer\u012b Noivils un Adrians Formo start\u0113s visos n\u0101kam\u0101s sezonas posmos, kas s\u0101ksies janv\u0101r\u012b ar Montekarlo WRC un nosl\u0113gsies&hellip;\n","protected":false},"author":2,"featured_media":66832,"comment_status":"","ping_status":"","sticky":false,"template":"","format":"standard","meta":{"footnotes":""},"categories":[17],"tags":[35,39,38,36,37,34,40,165,67],"class_list":{"0":"post-66831","1":"post","2":"type-post","3":"status-publish","4":"format-standard","5":"has-post-thumbnail","7":"category-sports","8":"tag-latvia","9":"tag-latvian","10":"tag-latviesu","11":"tag-latviesu-valoda","12":"tag-latviesuvaloda","13":"tag-latvija","14":"tag-lv","15":"tag-motoru-sports","16":"tag-sports"},"share_on_mastodon":{"url":"https:\/\/pubeurope.com\/@lv\/115670113522499266","error":""},"_links":{"self":[{"href":"https:\/\/www.europesays.com\/lv\/wp-json\/wp\/v2\/posts\/66831","targetHints":{"allow":["GET"]}}],"collection":[{"href":"https:\/\/www.europesays.com\/lv\/wp-json\/wp\/v2\/posts"}],"about":[{"href":"https:\/\/www.europesays.com\/lv\/wp-json\/wp\/v2\/types\/post"}],"author":[{"embeddable":true,"href":"https:\/\/www.europesays.com\/lv\/wp-json\/wp\/v2\/users\/2"}],"replies":[{"embeddable":true,"href":"https:\/\/www.europesays.com\/lv\/wp-json\/wp\/v2\/comments?post=66831"}],"version-history":[{"count":0,"href":"https:\/\/www.europesays.com\/lv\/wp-json\/wp\/v2\/posts\/66831\/revisions"}],"wp:featuredmedia":[{"embeddable":true,"href":"https:\/\/www.europesays.com\/lv\/wp-json\/wp\/v2\/media\/66832"}],"wp:attachment":[{"href":"https:\/\/www.europesays.com\/lv\/wp-json\/wp\/v2\/media?parent=66831"}],"wp:term":[{"taxonomy":"category","embeddable":true,"href":"https:\/\/www.europesays.com\/lv\/wp-json\/wp\/v2\/categories?post=66831"},{"taxonomy":"post_tag","embeddable":true,"href":"https:\/\/www.europesays.com\/lv\/wp-json\/wp\/v2\/tags?post=66831"}],"curies":[{"name":"wp","href":"https:\/\/api.w.org\/{rel}","templated":true}]}}