{"id":66833,"date":"2025-12-06T01:55:16","date_gmt":"2025-12-06T01:55:16","guid":{"rendered":"https:\/\/www.europesays.com\/lv\/66833\/"},"modified":"2025-12-06T01:55:16","modified_gmt":"2025-12-06T01:55:16","slug":"porzingis-joprojam-sez-mala-hawks-bez-vina-dosies-uz-filadelfiju-lente-lv","status":"publish","type":"post","link":"https:\/\/www.europesays.com\/lv\/66833\/","title":{"rendered":"Porzi\u0146\u0123is joproj\u0101m s\u0113\u017e mal\u0101, &#8220;Hawks&#8221; bez vi\u0146a dosies uz Filadelfiju\u00a0\u2014\u00a0Lente.lv"},"content":{"rendered":"<p>Porzi\u0146\u0123is joproj\u0101m \u0101rpus sp\u0113les: &#8220;Hawks&#8221; bez latvie\u0161a pret Filadelfiju<\/p>\n<p>Latvijas basketbola zvaigzne Kristaps Porzi\u0146\u0123is turpina atvese\u013co\u0161anos un nevar\u0113s pal\u012bdz\u0113t Atlantas &#8220;Hawks&#8221; komandai gaid\u0101maj\u0101 izbraukuma sp\u0113l\u0113 pret Filadelfijas &#8220;76ers&#8221;. Saslim\u0161anas d\u0113\u013c latvie\u0161u centra sp\u0113l\u0113t\u0101js joproj\u0101m ir iek\u013cauts savainoto sp\u0113l\u0113t\u0101ju sarakst\u0101, kas noz\u012bm\u0113, ka vi\u0146a dal\u012bba sp\u0113l\u0113 ir izsl\u0113gta. \u0160is ir vil\u0161an\u0101s br\u012bdis gan pa\u0161am Porzi\u0146\u0123im, kur\u0161, visticam\u0101k, ilgojas atgriezties laukum\u0101 un pal\u012bdz\u0113t savai komandai, gan ar\u012b &#8220;Hawks&#8221; faniem, kuri cer\u0113ja redz\u0113t vi\u0146u sp\u0113l\u0113jam kop\u0101 ar Trae Jangu un citiem.<\/p>\n<p>Saspringta sezona un gaid\u0101m\u0101 tik\u0161an\u0101s ar Filadelfiju<\/p>\n<p>Nacion\u0101l\u0101s basketbola asoci\u0101cijas (NBA) sezona rit piln\u0101 spar\u0101, un katra sp\u0113le ir no svara. &#8220;Hawks&#8221; \u0161obr\u012bd cen\u0161as nostiprin\u0101t savas poz\u012bcijas turn\u012bra tabul\u0101, un katrs zaud\u0113jums vai izlaista sp\u0113le var rad\u012bt nev\u0113lamas sekas. Komanda \u0161obr\u012bd atrodas saspringt\u0101 grafik\u0101, un n\u0101kam\u0101 sp\u0113le paredz\u0113ta nakt\u012b uz pirmdienu, kad plkst. 1 p\u0113c Latvijas laika &#8220;Hawks&#8221; viesosies Filadelfij\u0101, lai tikotos ar sp\u0113c\u012bgo &#8220;76ers&#8221; vien\u012bbu. \u0160\u012b sp\u0113le sol\u0101s b\u016bt \u012bpa\u0161i interesanta, jo abas komandas ir viena no l\u012bgas l\u012bder\u0113m un c\u012bn\u0101s par augst\u0101kaj\u0101m viet\u0101m Austrumu konferenc\u0113. Porzi\u0146\u0123a promb\u016btne noteikti atst\u0101s j\u016btamu ietekmi uz komandas sniegumu, \u012bpa\u0161i aizsardz\u012bb\u0101 un zem groza.<\/p>\n<p>Porzi\u0146\u0123a noz\u012bme komand\u0101 un prognozes<\/p>\n<p>Kristaps Porzi\u0146\u0123is \u0161osezon ir demonstr\u0113jis savu v\u0113rt\u012bbu Atlantas komandai. Vi\u0146a kl\u0101tb\u016btne laukum\u0101 dod &#8220;Hawks&#8221; papildu sp\u0113ku uzbrukum\u0101 un aizsardz\u012bb\u0101. Vi\u0146\u0161 sp\u0113j gan g\u016bt punktus no da\u017e\u0101d\u0101m poz\u012bcij\u0101m, gan ar\u012b blo\u0137\u0113t metienus un izc\u012bn\u012bt atl\u0113ku\u0161\u0101s bumbas. L\u012bdz \u0161im vi\u0146a vid\u0113jie statistikas r\u0101d\u012bt\u0101ji ir biju\u0161i iespaid\u012bgi, un &#8220;Hawks&#8221; cer, ka vi\u0146\u0161 p\u0113c iesp\u0113jas \u0101tr\u0101k var\u0113s pilnv\u0113rt\u012bgi atgriezties sp\u0113l\u0113. Tom\u0113r vesel\u012bba vienm\u0113r ir pirmaj\u0101 viet\u0101, un pagaid\u0101m v\u0113l nav skaidrs, kad tie\u0161i Porzi\u0146\u0123is var\u0113s atgriezties laukum\u0101. &#8220;Hawks&#8221; treneru korpuss un medic\u012bnas person\u0101ls r\u016bp\u012bgi uzrauga vi\u0146a st\u0101vokli, lai nodro\u0161in\u0101tu pilnv\u0113rt\u012bgu atvese\u013co\u0161anos un izvair\u012btos no turpm\u0101kiem savainojumiem. \u0160\u012b situ\u0101cija atg\u0101dina, cik trausla ir sportista vesel\u012bba un cik svar\u012bgi ir klaus\u012bt savam \u0137ermenim, lai sp\u0113tu sasniegt augst\u0101kos rezult\u0101tus ilgtermi\u0146\u0101. Lai gan Porzi\u0146\u0123a promb\u016btne ir skumji v\u0113stis, cerams, ka vi\u0146\u0161 dr\u012bzum\u0101 atg\u016bsies un priec\u0113s ar savu sniegumu laukum\u0101.<\/p>\n","protected":false},"excerpt":{"rendered":"Porzi\u0146\u0123is joproj\u0101m \u0101rpus sp\u0113les: &#8220;Hawks&#8221; bez latvie\u0161a pret Filadelfiju Latvijas basketbola zvaigzne Kristaps Porzi\u0146\u0123is turpina atvese\u013co\u0161anos un nevar\u0113s&hellip;\n","protected":false},"author":2,"featured_media":66834,"comment_status":"","ping_status":"","sticky":false,"template":"","format":"standard","meta":{"footnotes":""},"categories":[17],"tags":[4136,1260,35,39,38,36,37,34,40,1258,17207,5135,67],"class_list":{"0":"post-66833","1":"post","2":"type-post","3":"status-publish","4":"format-standard","5":"has-post-thumbnail","7":"category-sports","8":"tag-atlanta-hawks","9":"tag-kristaps-porzingis","10":"tag-latvia","11":"tag-latvian","12":"tag-latviesu","13":"tag-latviesu-valoda","14":"tag-latviesuvaloda","15":"tag-latvija","16":"tag-lv","17":"tag-nba","18":"tag-philadelphia-76ers","19":"tag-savainojums","20":"tag-sports"},"share_on_mastodon":{"url":"https:\/\/pubeurope.com\/@lv\/115670137123811773","error":""},"_links":{"self":[{"href":"https:\/\/www.europesays.com\/lv\/wp-json\/wp\/v2\/posts\/66833","targetHints":{"allow":["GET"]}}],"collection":[{"href":"https:\/\/www.europesays.com\/lv\/wp-json\/wp\/v2\/posts"}],"about":[{"href":"https:\/\/www.europesays.com\/lv\/wp-json\/wp\/v2\/types\/post"}],"author":[{"embeddable":true,"href":"https:\/\/www.europesays.com\/lv\/wp-json\/wp\/v2\/users\/2"}],"replies":[{"embeddable":true,"href":"https:\/\/www.europesays.com\/lv\/wp-json\/wp\/v2\/comments?post=66833"}],"version-history":[{"count":0,"href":"https:\/\/www.europesays.com\/lv\/wp-json\/wp\/v2\/posts\/66833\/revisions"}],"wp:featuredmedia":[{"embeddable":true,"href":"https:\/\/www.europesays.com\/lv\/wp-json\/wp\/v2\/media\/66834"}],"wp:attachment":[{"href":"https:\/\/www.europesays.com\/lv\/wp-json\/wp\/v2\/media?parent=66833"}],"wp:term":[{"taxonomy":"category","embeddable":true,"href":"https:\/\/www.europesays.com\/lv\/wp-json\/wp\/v2\/categories?post=66833"},{"taxonomy":"post_tag","embeddable":true,"href":"https:\/\/www.europesays.com\/lv\/wp-json\/wp\/v2\/tags?post=66833"}],"curies":[{"name":"wp","href":"https:\/\/api.w.org\/{rel}","templated":true}]}}