{"id":66843,"date":"2025-12-06T03:27:07","date_gmt":"2025-12-06T03:27:07","guid":{"rendered":"https:\/\/www.europesays.com\/lv\/66843\/"},"modified":"2025-12-06T03:27:07","modified_gmt":"2025-12-06T03:27:07","slug":"asv-un-ukrainas-sarunas-ieiet-tresaja-diena-raksts","status":"publish","type":"post","link":"https:\/\/www.europesays.com\/lv\/66843\/","title":{"rendered":"ASV un Ukrainas sarunas ieiet tre\u0161aj\u0101 dien\u0101 \/ Raksts"},"content":{"rendered":"<p>Florid\u0101 nosl\u0113gu\u0161\u0101s k\u0101rt\u0113j\u0101s sarunas starp ASV un Ukrainas deleg\u0101cij\u0101m par Krievijas kara izbeig\u0161anu un t\u0101s turpin\u0101sies sestdien. ASV puse pazi\u0146ojusi, ka taj\u0101s ir progress. Ukrainu p\u0101rst\u0101v Ukrainas Nacion\u0101l\u0101s dro\u0161\u012bbas un aizsardz\u012bbas padomes sekret\u0101rs Rustems Umerovs un Ukrainas Bru\u0146o sp\u0113ku \u0122ener\u0101l\u0161t\u0101ba vad\u012bt\u0101js Andrijs Hnatovs, savuk\u0101rt, ASV pusi \u00a0&#8211; ASV \u012bpa\u0161ais s\u016btnis St\u012bvs Vitkofs un prezidenta Donalda Trampa znots D\u017eareds Ku\u0161ners.<\/p>\n<p style=\"margin-left:0cm; margin-right:0cm\">ASV Valsts departamenta pazi\u0146ojum\u0101 teikts, abas puses biju\u0161as vienispr\u0101tis, ka re\u0101ls progress virz\u012bb\u0101 uz jebkuru vieno\u0161anos ir atkar\u012bgs no Krievijas gatav\u012bbas izr\u0101d\u012bt nopietnu ap\u0146em\u0161anos nodro\u0161in\u0101t ilgtermi\u0146a mieru, tostarp so\u013cus uz deeskal\u0101ciju un slepkav\u012bbu izbeig\u0161anu. Umerovs sarunu laik\u0101 atk\u0101rtoti apstiprin\u0101jis, ka Ukrainas priorit\u0101te ir &#8220;pan\u0101kt izl\u012bgumu, kas aizsarg\u0101 t\u0101s neatkar\u012bbu un suverenit\u0101ti, ukrai\u0146u\u00a0 dro\u0161\u012bbu un garant\u0113 stabilu pamatu plauksto\u0161ai demokr\u0101tiskai n\u0101kotnei.&#8221; Sarunas biju\u0161as ar\u012b par Ukrainas atjauno\u0161anu p\u0113c kara, ekonomikas atlab\u0161anu ilgtermi\u0146\u0101 un kop\u012bg\u0101m ASV un Ukrainas ekonomikas iniciat\u012bv\u0101m.<\/p>\n<p style=\"margin-left:0cm; margin-right:0cm\">\u00a0<\/p>\n<p style=\"margin-left:0cm; margin-right:0cm\">\u00a0<\/p>\n<p>                    Valodas k\u013c\u016bda rakst\u0101?<\/p>\n<p class=\"d-none d-md-block\">Iez\u012bm\u0113jiet tekstu un spiediet Ctrl+Enter, lai nos\u016bt\u012btu labojamo teksta fragmentu redaktoram! Par faktu k\u013c\u016bd\u0101m l\u016bdzam zi\u0146ot e-past\u0101 <a href=\"https:\/\/www.lsm.lv\/cdn-cgi\/l\/email-protection\" class=\"__cf_email__\" data-cfemail=\"85f7e0e1e4eee6ecefe4c5e9f6e8abe9f3\" rel=\"nofollow noopener\" target=\"_blank\">[email\u00a0protected]<\/a>.<\/p>\n<p class=\"d-md-none\">Iez\u012bm\u0113jiet tekstu un spiediet uz Zi\u0146ot par k\u013c\u016bdu pogas, lai nos\u016bt\u012btu labojamo teksta fragmentu redaktoram!<\/p>\n<p>\n                    Zi\u0146ot par k\u013c\u016bdu\n                <\/p>\n","protected":false},"excerpt":{"rendered":"Florid\u0101 nosl\u0113gu\u0161\u0101s k\u0101rt\u0113j\u0101s sarunas starp ASV un Ukrainas deleg\u0101cij\u0101m par Krievijas kara izbeig\u0161anu un t\u0101s turpin\u0101sies sestdien. ASV&hellip;\n","protected":false},"author":2,"featured_media":66844,"comment_status":"","ping_status":"","sticky":false,"template":"","format":"standard","meta":{"footnotes":""},"categories":[14],"tags":[23,57,28,29,32,33,22,30,31,35,39,38,36,37,34,40,20,26,27,24,25,54,55,56,21,58],"class_list":{"0":"post-66843","1":"post","2":"type-post","3":"status-publish","4":"format-standard","5":"has-post-thumbnail","7":"category-zinas-no-arvalstim","8":"tag-aktualitates","9":"tag-arvalstim","10":"tag-breaking-news","11":"tag-breakingnews","12":"tag-featured-news","13":"tag-featurednews","14":"tag-headlines","15":"tag-latest-news","16":"tag-latestnews","17":"tag-latvia","18":"tag-latvian","19":"tag-latviesu","20":"tag-latviesu-valoda","21":"tag-latviesuvaloda","22":"tag-latvija","23":"tag-lv","24":"tag-news","25":"tag-popularakas-zinas","26":"tag-popularakaszinas","27":"tag-top-stories","28":"tag-topstories","29":"tag-world","30":"tag-world-news","31":"tag-worldnews","32":"tag-zinas","33":"tag-zinas-no-arvalstim"},"share_on_mastodon":{"url":"https:\/\/pubeurope.com\/@lv\/115670498840889385","error":""},"_links":{"self":[{"href":"https:\/\/www.europesays.com\/lv\/wp-json\/wp\/v2\/posts\/66843","targetHints":{"allow":["GET"]}}],"collection":[{"href":"https:\/\/www.europesays.com\/lv\/wp-json\/wp\/v2\/posts"}],"about":[{"href":"https:\/\/www.europesays.com\/lv\/wp-json\/wp\/v2\/types\/post"}],"author":[{"embeddable":true,"href":"https:\/\/www.europesays.com\/lv\/wp-json\/wp\/v2\/users\/2"}],"replies":[{"embeddable":true,"href":"https:\/\/www.europesays.com\/lv\/wp-json\/wp\/v2\/comments?post=66843"}],"version-history":[{"count":0,"href":"https:\/\/www.europesays.com\/lv\/wp-json\/wp\/v2\/posts\/66843\/revisions"}],"wp:featuredmedia":[{"embeddable":true,"href":"https:\/\/www.europesays.com\/lv\/wp-json\/wp\/v2\/media\/66844"}],"wp:attachment":[{"href":"https:\/\/www.europesays.com\/lv\/wp-json\/wp\/v2\/media?parent=66843"}],"wp:term":[{"taxonomy":"category","embeddable":true,"href":"https:\/\/www.europesays.com\/lv\/wp-json\/wp\/v2\/categories?post=66843"},{"taxonomy":"post_tag","embeddable":true,"href":"https:\/\/www.europesays.com\/lv\/wp-json\/wp\/v2\/tags?post=66843"}],"curies":[{"name":"wp","href":"https:\/\/api.w.org\/{rel}","templated":true}]}}