{"id":66851,"date":"2025-12-06T03:51:15","date_gmt":"2025-12-06T03:51:15","guid":{"rendered":"https:\/\/www.europesays.com\/lv\/66851\/"},"modified":"2025-12-06T03:51:15","modified_gmt":"2025-12-06T03:51:15","slug":"rail-baltica-buvlaukuma-igaunija-noticis-nopietns-negadijums","status":"publish","type":"post","link":"https:\/\/www.europesays.com\/lv\/66851\/","title":{"rendered":"&#8220;Rail Baltica&#8221; b\u016bvlaukum\u0101 Igaunij\u0101 noticis nopietns negad\u012bjums"},"content":{"rendered":"<p>Piektdienas r\u012bt\u0101 Igaunijas gl\u0101b\u0113ji sa\u0146\u0113ma izsaukumu uz Raplas pagastu, kur &#8220;Rail Baltica&#8221; b\u016bvlaukum\u0101 bija noticis negad\u012bjums, kur\u0101 iesaist\u012bti kravas automobi\u013ci, raksta &#8220;Delfi \u00c4rileht&#8221;.<\/p>\n<p>Saska\u0146\u0101 ar Gl\u0101b\u0161anas p\u0101rvaldes inform\u0101ciju negad\u012bjums notika nestabilas pamatnes d\u0113\u013c. Kravas automobilis, izkraujot kravu, iegrima zem\u0113, un t\u0101 puspiekabe uzg\u0101z\u0101s virs\u016b zem\u0101k novietota kravas auto kab\u012bnei. <\/p>\n<p>Par laimi, maz\u0101k\u0101s kravas automa\u0161\u012bnas kab\u012bnes vad\u012bt\u0101js \u0101tri rea\u0123\u0113ja uz \u0101rk\u0101rtas situ\u0101ciju un pirms sadursmes p\u0101rvietoj\u0101s no vad\u012bt\u0101ja s\u0113dek\u013ca uz pasa\u017eiera s\u0113dekli. V\u012brietis bija ieslodz\u012bts kab\u012bn\u0113 un nevar\u0113ja izk\u013c\u016bt pats, bet gl\u0101b\u0113ji apstiprin\u0101ja, ka vi\u0146\u0161 nav guvis dz\u012bv\u012bbai b\u012bstamas traumas.<\/p>\n<p>Lai sasniegtu autovad\u012bt\u0101ju, gl\u0101b\u0113jiem vispirms bija j\u0101atbalsta iestigu\u0161\u0101s kravas automa\u0161\u012bnas korpuss. P\u0113c tam tas tika p\u0101rvietots pietiekami t\u0101lu no kab\u012bnes, lai gl\u0101b\u0113ji var\u0113tu atbr\u012bvot v\u012brieti ar hidrauliskajiem instrumentiem.<\/p>\n<p>Neatliekam\u0101s medic\u012bnisk\u0101s pal\u012bdz\u012bbas brig\u0101de nog\u0101d\u0101ja vad\u012bt\u0101ju slimn\u012bc\u0101. Medic\u012bnisk\u0101 pal\u012bdz\u012bba bija nepiecie\u0161ama ar\u012b otra kravas automa\u0161\u012bnas vad\u012bt\u0101jam. <\/p>\n<p>Saska\u0146\u0101 ar &#8220;\u00c4rileht&#8221; r\u012bc\u012bb\u0101 eso\u0161o inform\u0101ciju, \u0161\u012b &#8220;Rail Baltica&#8221; posma galvenais b\u016bvuz\u0146\u0113m\u0113js ir komp\u0101nija &#8220;Verston Ehitus&#8221;.<\/p>\n<p>&#8220;Apstiprin\u0101m, ka \u0161odien &#8216;Verston&#8221; objekt\u0101 noticis nopietns negad\u012bjums, kur\u0101 bija iesaist\u012bti m\u016bsu apak\u0161uz\u0146\u0113m\u0113ji. Negad\u012bjuma laik\u0101 puspiekabe uzg\u0101z\u0101s virs\u016b tuvum\u0101 novietota maz\u0101ka kravas auto kab\u012bnei, to deform\u0113jot,&#8221; skaidroja &#8220;Verston Estonia&#8221; valdes priek\u0161s\u0113d\u0113t\u0101js Jarmo L\u012bvers.<\/p>\n<p>P\u0113c L\u012bvera teikt\u0101, kravas auto vad\u012bt\u0101ja \u0101tr\u0101 r\u012bc\u012bba pal\u012bdz\u0113ja nov\u0113rst pa\u0161u \u013caun\u0101ko. &#8220;Pateicoties [maz\u0101 transportl\u012bdzek\u013ca] vad\u012bt\u0101ja v\u0113r\u012bbai un ekip\u0101\u017eas un gl\u0101b\u0161anas dienestu \u0101trajai reakcijai notikuma viet\u0101, izdev\u0101s izvair\u012bties no tra\u0123iska izn\u0101kuma,&#8221; nor\u0101d\u012bja L\u012bvers. Vi\u0146\u0161 pauda pateic\u012bbu gl\u0101b\u0113jiem un objekta komandai par profesion\u0101lu r\u012bc\u012bbu kritisk\u0101 situ\u0101cij\u0101 un nov\u0113l\u0113ja cietu\u0161ajam dr\u012bzu atvese\u013co\u0161anos.<\/p>\n<p>T\u0101 k\u0101 negad\u012bjums bijis nopietns, uz\u0146\u0113mums s\u0101cis skaidrot t\u0101 prec\u012bzos c\u0113lo\u0146us. &#8220;&#8221;Verston&#8221; \u0161o incidentu uztver \u0101rk\u0101rt\u012bgi nopietni. Esam uzs\u0101ku\u0161i r\u016bp\u012bgu iek\u0161\u0113jo izmekl\u0113\u0161anu, lai noteiktu negad\u012bjuma apst\u0101k\u013cus,&#8221; apliecin\u0101ja L\u012bvers.<\/p>\n<p>Izmekl\u0113\u0161an\u0101 tiks izv\u0113rt\u0113ta darba organiz\u0101cija b\u016bvlaukum\u0101. P\u0113c L\u012bvera teikt\u0101, tiks analiz\u0113ti visi faktori, tostarp kravas iekrau\u0161anas zonu izvietojums un izmantot\u0101s darba metodes, jo darbinieku dro\u0161\u012bba uz\u0146\u0113mumam esot priorit\u0101te.<\/p>\n<p class=\"m-0\">Seko &#8220;Delfi&#8221; ar\u012b  <a target=\"_blank\" href=\"https:\/\/www.instagram.com\/delfi.lv\/\" rel=\"nofollow noopener\">Instagram<\/a>  un <a target=\"_blank\" href=\"https:\/\/www.youtube.com\/channel\/UCw5foWtcJvAbUm64rv7jwUQ\" rel=\"nofollow noopener\">YouTube<\/a>  profil\u0101 \u2013 pievienojies, lai uzzin\u0101tu svar\u012bg\u0101ko un interesant\u0101ko pirmais!<\/p>\n<p>Publik\u0101cijas saturs vai t\u0101s jebk\u0101da apjoma da\u013ca ir aizsarg\u0101ts autorties\u012bbu objekts Autorties\u012bbu likuma izpratn\u0113, un t\u0101 izmanto\u0161ana bez izdev\u0113ja at\u013caujas ir aizliegta. Vair\u0101k lasi  <a target=\"_blank\" href=\"https:\/\/www.delfi.lv\/noteikumi#autortiesibas\" rel=\"nofollow noopener\">\u0161eit<\/a><script async src=\"\/\/www.instagram.com\/embed.js\"><\/script><\/p>\n","protected":false},"excerpt":{"rendered":"Piektdienas r\u012bt\u0101 Igaunijas gl\u0101b\u0113ji sa\u0146\u0113ma izsaukumu uz Raplas pagastu, kur &#8220;Rail Baltica&#8221; b\u016bvlaukum\u0101 bija noticis negad\u012bjums, kur\u0101 iesaist\u012bti&hellip;\n","protected":false},"author":2,"featured_media":66852,"comment_status":"","ping_status":"","sticky":false,"template":"","format":"standard","meta":{"footnotes":""},"categories":[14],"tags":[23,57,28,29,32,33,22,30,31,35,39,38,36,37,34,40,20,26,27,948,24,25,54,55,56,21,58],"class_list":{"0":"post-66851","1":"post","2":"type-post","3":"status-publish","4":"format-standard","5":"has-post-thumbnail","7":"category-zinas-no-arvalstim","8":"tag-aktualitates","9":"tag-arvalstim","10":"tag-breaking-news","11":"tag-breakingnews","12":"tag-featured-news","13":"tag-featurednews","14":"tag-headlines","15":"tag-latest-news","16":"tag-latestnews","17":"tag-latvia","18":"tag-latvian","19":"tag-latviesu","20":"tag-latviesu-valoda","21":"tag-latviesuvaloda","22":"tag-latvija","23":"tag-lv","24":"tag-news","25":"tag-popularakas-zinas","26":"tag-popularakaszinas","27":"tag-rail-baltica","28":"tag-top-stories","29":"tag-topstories","30":"tag-world","31":"tag-world-news","32":"tag-worldnews","33":"tag-zinas","34":"tag-zinas-no-arvalstim"},"share_on_mastodon":{"url":"https:\/\/pubeurope.com\/@lv\/115670593286395008","error":""},"_links":{"self":[{"href":"https:\/\/www.europesays.com\/lv\/wp-json\/wp\/v2\/posts\/66851","targetHints":{"allow":["GET"]}}],"collection":[{"href":"https:\/\/www.europesays.com\/lv\/wp-json\/wp\/v2\/posts"}],"about":[{"href":"https:\/\/www.europesays.com\/lv\/wp-json\/wp\/v2\/types\/post"}],"author":[{"embeddable":true,"href":"https:\/\/www.europesays.com\/lv\/wp-json\/wp\/v2\/users\/2"}],"replies":[{"embeddable":true,"href":"https:\/\/www.europesays.com\/lv\/wp-json\/wp\/v2\/comments?post=66851"}],"version-history":[{"count":0,"href":"https:\/\/www.europesays.com\/lv\/wp-json\/wp\/v2\/posts\/66851\/revisions"}],"wp:featuredmedia":[{"embeddable":true,"href":"https:\/\/www.europesays.com\/lv\/wp-json\/wp\/v2\/media\/66852"}],"wp:attachment":[{"href":"https:\/\/www.europesays.com\/lv\/wp-json\/wp\/v2\/media?parent=66851"}],"wp:term":[{"taxonomy":"category","embeddable":true,"href":"https:\/\/www.europesays.com\/lv\/wp-json\/wp\/v2\/categories?post=66851"},{"taxonomy":"post_tag","embeddable":true,"href":"https:\/\/www.europesays.com\/lv\/wp-json\/wp\/v2\/tags?post=66851"}],"curies":[{"name":"wp","href":"https:\/\/api.w.org\/{rel}","templated":true}]}}