{"id":66951,"date":"2025-12-06T08:04:14","date_gmt":"2025-12-06T08:04:14","guid":{"rendered":"https:\/\/www.europesays.com\/lv\/66951\/"},"modified":"2025-12-06T08:04:14","modified_gmt":"2025-12-06T08:04:14","slug":"jautajums-par-valdibas-krisanu-ir-opozicijas-izdomats","status":"publish","type":"post","link":"https:\/\/www.europesays.com\/lv\/66951\/","title":{"rendered":"Jaut\u0101jums par vald\u012bbas kri\u0161anu ir opoz\u012bcijas izdom\u0101ts"},"content":{"rendered":"<p>Jaut\u0101ta par vald\u012bbas turpm\u0101ko darbu, politi\u0137e atg\u0101din\u0101ja, ka ceturtdien Saeima ar 52 bals\u012bm nobalsoja par n\u0101kam\u0101 gada valsts bud\u017eetu, t\u0101p\u0113c, vi\u0146aspr\u0101t, jaut\u0101jums par vald\u012bbas kri\u0161anu esot opoz\u012bcijas izdom\u0101ts.<\/p>\n<p>Sili\u0146a nedom\u0101, ka viedok\u013cu nesakrit\u012bbas ar Za\u013co un zemnieku savien\u012bbu p\u0101r\u0113j\u0101m koal\u012bcijas partij\u0101m ir bie\u017ea par\u0101d\u012bba. &#8220;Skaidrs, ka esam demokr\u0101tisk\u0101 sabiedr\u012bb\u0101, ir tr\u012bs partijas, un mans darbs ir pan\u0101kt, lai \u0161\u012bs tr\u012bs partijas sp\u0113j str\u0101d\u0101t,&#8221; sac\u012bja premjere.<\/p>\n<p>Vi\u0146a ir p\u0101rliecin\u0101ta, ka liel\u0101 m\u0113r\u0101 opoz\u012bcija run\u0101 par vald\u012bbas kri\u0161anu t\u0101p\u0113c, ka ir izdevies pie\u0146emt labu n\u0101kam\u0101 gada bud\u017eetu, t\u0101p\u0113c \u012bsti neesot par ko kritiz\u0113t, turkl\u0101t vald\u012bbas sabrukums neesot sabiedr\u012bbas interes\u0113s. Sili\u0146a dom\u0101, k\u0101 ar\u012b Latvijas labais kred\u012btreitings saist\u012bts tie\u0161i ar politisko stabilit\u0101ti valst\u012b.<\/p>\n<p>K\u0101 zi\u0146ots, koal\u012bcijai jau ilgsto\u0161i tiek vaic\u0101ts par t\u0101s sp\u0113ju turpin\u0101t darbu, \u0146emot v\u0113r\u0101 iek\u0161\u0113j\u0101s starppartiju \u0137ildas un at\u0161\u0137ir\u012bgus viedok\u013cus b\u016btiskos jaut\u0101jumos.<\/p>\n","protected":false},"excerpt":{"rendered":"Jaut\u0101ta par vald\u012bbas turpm\u0101ko darbu, politi\u0137e atg\u0101din\u0101ja, ka ceturtdien Saeima ar 52 bals\u012bm nobalsoja par n\u0101kam\u0101 gada valsts&hellip;\n","protected":false},"author":2,"featured_media":58798,"comment_status":"","ping_status":"","sticky":false,"template":"","format":"standard","meta":{"footnotes":""},"categories":[12],"tags":[23,28,29,1249,32,33,22,30,31,35,39,38,36,37,34,40,20,26,27,24,25,1524,21],"class_list":{"0":"post-66951","1":"post","2":"type-post","3":"status-publish","4":"format-standard","5":"has-post-thumbnail","7":"category-latvija","8":"tag-aktualitates","9":"tag-breaking-news","10":"tag-breakingnews","11":"tag-evika-silina","12":"tag-featured-news","13":"tag-featurednews","14":"tag-headlines","15":"tag-latest-news","16":"tag-latestnews","17":"tag-latvia","18":"tag-latvian","19":"tag-latviesu","20":"tag-latviesu-valoda","21":"tag-latviesuvaloda","22":"tag-latvija","23":"tag-lv","24":"tag-news","25":"tag-popularakas-zinas","26":"tag-popularakaszinas","27":"tag-top-stories","28":"tag-topstories","29":"tag-valdiba","30":"tag-zinas"},"share_on_mastodon":{"url":"https:\/\/pubeurope.com\/@lv\/115671588115473334","error":""},"_links":{"self":[{"href":"https:\/\/www.europesays.com\/lv\/wp-json\/wp\/v2\/posts\/66951","targetHints":{"allow":["GET"]}}],"collection":[{"href":"https:\/\/www.europesays.com\/lv\/wp-json\/wp\/v2\/posts"}],"about":[{"href":"https:\/\/www.europesays.com\/lv\/wp-json\/wp\/v2\/types\/post"}],"author":[{"embeddable":true,"href":"https:\/\/www.europesays.com\/lv\/wp-json\/wp\/v2\/users\/2"}],"replies":[{"embeddable":true,"href":"https:\/\/www.europesays.com\/lv\/wp-json\/wp\/v2\/comments?post=66951"}],"version-history":[{"count":0,"href":"https:\/\/www.europesays.com\/lv\/wp-json\/wp\/v2\/posts\/66951\/revisions"}],"wp:featuredmedia":[{"embeddable":true,"href":"https:\/\/www.europesays.com\/lv\/wp-json\/wp\/v2\/media\/58798"}],"wp:attachment":[{"href":"https:\/\/www.europesays.com\/lv\/wp-json\/wp\/v2\/media?parent=66951"}],"wp:term":[{"taxonomy":"category","embeddable":true,"href":"https:\/\/www.europesays.com\/lv\/wp-json\/wp\/v2\/categories?post=66951"},{"taxonomy":"post_tag","embeddable":true,"href":"https:\/\/www.europesays.com\/lv\/wp-json\/wp\/v2\/tags?post=66951"}],"curies":[{"name":"wp","href":"https:\/\/api.w.org\/{rel}","templated":true}]}}