{"id":6696,"date":"2025-09-28T04:36:08","date_gmt":"2025-09-28T04:36:08","guid":{"rendered":"https:\/\/www.europesays.com\/lv\/6696\/"},"modified":"2025-09-28T04:36:08","modified_gmt":"2025-09-28T04:36:08","slug":"vairakas-eiropas-valstis-velas-izveidot-dronu-sienu-aizsardzibai-pret-turpmakiem-uzbrukumiem","status":"publish","type":"post","link":"https:\/\/www.europesays.com\/lv\/6696\/","title":{"rendered":"Vair\u0101kas Eiropas valstis v\u0113las izveidot &#8220;dronu sienu&#8221; aizsardz\u012bbai pret turpm\u0101kiem uzbrukumiem"},"content":{"rendered":"<p>Piektdienas, 26. septembra vakar\u0101, D\u0101nij\u0101 virs liel\u0101k\u0101s milit\u0101r\u0101s b\u0101zes tika konstat\u0113ta dronu par\u0101d\u012b\u0161an\u0101s, kuru izcelsme pagaid\u0101m nav noskaidrota, pazi\u0146oja D\u0101nijas policija. \u0160is nav pirmais \u0161\u0101da veida incidents, t\u0101d\u0113\u013c ES valstis v\u0113las pastiprin\u0101t aizsardz\u012bbu, \u012bpa\u0161i pierobe\u017e\u0101 ar Krieviju. Apm\u0113ram desmit valstis uzskata par priorit\u0101ti izveidot \u201cdronu sienu\u201d. ES valstu l\u012bderi \u0161o jaut\u0101jumu pl\u0101no apspriest neform\u0101l\u0101 san\u0101ksm\u0113 tre\u0161dien Kopenh\u0101gen\u0101.<\/p>\n<p>Eiropas Komisijas priek\u0161s\u0113d\u0113t\u0101ja Urzula fon der Leiena ierosin\u0101ja ideju par Eiropas \u201cdronu sienu\u201d 10. septembr\u012b uzrun\u0101 Eiropas Parlament\u0101. \u0160is priek\u0161likums ir guvis atbalstu apm\u0113ram desmit valstu vid\u016b. Polijas, Igaunijas un Rum\u0101nijas gaisa telpas nesen p\u0101rk\u0101pa Krievijas lidapar\u0101ti. Konstat\u0113ti ar\u012b dronu p\u0101rlidojumi, kuru izcelsme pagaid\u0101m nav zin\u0101ma, k\u0101 tas notika D\u0101nij\u0101, kas lika varasiest\u0101d\u0113m pat \u012bslaic\u012bgi sl\u0113gt Kopenh\u0101genas lidostu.<\/p>\n<p>Polija, Igaunija, Latvija, Lietuva, Rum\u0101nija, Slov\u0101kija, Somija, Ung\u0101rija, Bulg\u0101rija, D\u0101nija un Ukraina piektdien att\u0101lin\u0101ti piedal\u012bj\u0101s san\u0101ksm\u0113, ko organiz\u0113ja Eiropas komis\u0101rs aizsardz\u012bbas jaut\u0101jumos Andrjus Kubi\u013cus. \u201cMums j\u0101r\u012bkojas \u0101tri,\u201d vi\u0146\u0161 teica, \u201cj\u0101m\u0101c\u0101s no Ukrainas pieredzes un j\u0101veido \u0161\u012b pretdronu siena kop\u0101 ar Ukrainu.\u201d Ukrainai gandr\u012bz katru nakti n\u0101kas p\u0101rtvert simtiem dronu, ko Krievija palai\u017e virs t\u0101s teritorijas. \u201cUkraina jau kara s\u0101kum\u0101 \u012bs\u0101 laik\u0101 izveidoja akustisko sensoru sist\u0113mu,\u201d skaidroja Kubi\u013cus. \u201cEs dom\u0101ju, ka ar\u012b m\u0113s to varam izdar\u012bt sal\u012bdzino\u0161i \u0101tri,\u201d vi\u0146\u0161 piebilda.<\/p>\n","protected":false},"excerpt":{"rendered":"Piektdienas, 26. septembra vakar\u0101, D\u0101nij\u0101 virs liel\u0101k\u0101s milit\u0101r\u0101s b\u0101zes tika konstat\u0113ta dronu par\u0101d\u012b\u0161an\u0101s, kuru izcelsme pagaid\u0101m nav noskaidrota,&hellip;\n","protected":false},"author":2,"featured_media":6697,"comment_status":"","ping_status":"","sticky":false,"template":"","format":"standard","meta":{"footnotes":""},"categories":[14],"tags":[1546,23,57,28,29,75,512,32,33,22,30,31,35,39,38,36,37,34,1428,40,20,1956,26,27,24,25,54,55,56,21,58],"class_list":{"0":"post-6696","1":"post","2":"type-post","3":"status-publish","4":"format-standard","5":"has-post-thumbnail","7":"category-zinas-no-arvalstim","8":"tag-aizsardziba","9":"tag-aktualitates","10":"tag-arvalstim","11":"tag-breaking-news","12":"tag-breakingnews","13":"tag-droni","14":"tag-eiropas-komisija","15":"tag-featured-news","16":"tag-featurednews","17":"tag-headlines","18":"tag-latest-news","19":"tag-latestnews","20":"tag-latvia","21":"tag-latvian","22":"tag-latviesu","23":"tag-latviesu-valoda","24":"tag-latviesuvaloda","25":"tag-latvija","26":"tag-lidroboti","27":"tag-lv","28":"tag-news","29":"tag-padomju-savieniba","30":"tag-popularakas-zinas","31":"tag-popularakaszinas","32":"tag-top-stories","33":"tag-topstories","34":"tag-world","35":"tag-world-news","36":"tag-worldnews","37":"tag-zinas","38":"tag-zinas-no-arvalstim"},"share_on_mastodon":{"url":"","error":""},"_links":{"self":[{"href":"https:\/\/www.europesays.com\/lv\/wp-json\/wp\/v2\/posts\/6696","targetHints":{"allow":["GET"]}}],"collection":[{"href":"https:\/\/www.europesays.com\/lv\/wp-json\/wp\/v2\/posts"}],"about":[{"href":"https:\/\/www.europesays.com\/lv\/wp-json\/wp\/v2\/types\/post"}],"author":[{"embeddable":true,"href":"https:\/\/www.europesays.com\/lv\/wp-json\/wp\/v2\/users\/2"}],"replies":[{"embeddable":true,"href":"https:\/\/www.europesays.com\/lv\/wp-json\/wp\/v2\/comments?post=6696"}],"version-history":[{"count":0,"href":"https:\/\/www.europesays.com\/lv\/wp-json\/wp\/v2\/posts\/6696\/revisions"}],"wp:featuredmedia":[{"embeddable":true,"href":"https:\/\/www.europesays.com\/lv\/wp-json\/wp\/v2\/media\/6697"}],"wp:attachment":[{"href":"https:\/\/www.europesays.com\/lv\/wp-json\/wp\/v2\/media?parent=6696"}],"wp:term":[{"taxonomy":"category","embeddable":true,"href":"https:\/\/www.europesays.com\/lv\/wp-json\/wp\/v2\/categories?post=6696"},{"taxonomy":"post_tag","embeddable":true,"href":"https:\/\/www.europesays.com\/lv\/wp-json\/wp\/v2\/tags?post=6696"}],"curies":[{"name":"wp","href":"https:\/\/api.w.org\/{rel}","templated":true}]}}