{"id":66963,"date":"2025-12-06T08:31:21","date_gmt":"2025-12-06T08:31:21","guid":{"rendered":"https:\/\/www.europesays.com\/lv\/66963\/"},"modified":"2025-12-06T08:31:21","modified_gmt":"2025-12-06T08:31:21","slug":"vitolins-izlases-rindas-kaufland-cup-kausa-izcinai-ieklauj-tris-bralus-bukartus","status":"publish","type":"post","link":"https:\/\/www.europesays.com\/lv\/66963\/","title":{"rendered":"V\u012btoli\u0146\u0161 izlases rind\u0101s &#8220;Kaufland Cup&#8221; kausa izc\u012b\u0146ai iek\u013cauj tr\u012bs br\u0101\u013cus Bukartus"},"content":{"rendered":"<p>Gatavojoties 2025. gada pasaules \u010dempion\u0101tam C\u012brih\u0113 un Fr\u012bb\u016br\u0101, Latvijas izlasei kopum\u0101 gaid\u0101mas asto\u0146as p\u0101rbaudes sp\u0113les, no kur\u0101m \u010detras sav\u0101 laukum\u0101. Bi\u013cetes uz p\u0101rbaudes ma\u010diem pavasar\u012b var ieg\u0101d\u0101ties <a target=\"_blank\" rel=\"noopener noreferrer nofollow\" href=\"https:\/\/www.passportix.eu\/lhf\">\u0161eit<\/a>.<\/p>\n<p>Latvijas hokeja izlases sast\u0101vs &#8220;Kaufland Cup&#8221; kausa izc\u012b\u0146\u0101:<\/p>\n<p>V\u0101rtsargi: Ivars Punnenovs (Rapersvilas-Jonas &#8220;Lakers&#8221;, \u0160veice), \u0112riks V\u012btols (&#8220;Banska Bistrica&#8221;, Slov\u0101kija), J\u0101nis Voris (Kijivas &#8220;Capitals&#8221;);<\/p>\n<p>Aizsargi: J\u0101nis Jaks, Roberts Mam\u010dics (abi &#8211; Karlovi Varu &#8220;Energie&#8221;, \u010cehija), Ralfs Freibergs (V\u012btkovices &#8220;Ridera&#8221;, \u010cehija), Kristaps Z\u012ble (Liberecas &#8220;Bili Tygri&#8221;, \u010cehija), Alberts \u0160mits (Mikeli &#8220;Jukurit&#8221;, Somija), Art\u016brs And\u017e\u0101ns (Hem\u0113nlinnas HPK, Somija), Nauris S\u0113j\u0113js (Kisnahtas &#8220;Lions&#8221;, \u0160veice), Sandis Smons (&#8220;Chur&#8221;, \u0160veice);<\/p>\n<p>Uzbruc\u0113ji: Roberts Cjunskis (&#8220;Sierre&#8221;, \u0160veice), Ren\u0101rs Krastenbergs (&#8220;Olomouc&#8221;, \u010cehija), M\u0101rti\u0146\u0161 Dzierkals (Pr\u0101gas &#8220;Sparta&#8221;, \u010cehija), Miks Indra\u0161is (&#8220;Mlada Boleslav&#8221;, \u010cehija), Roberts Bukarts (Feldkirhes &#8220;Pioneers Vorarlberg&#8221;, Austrija), Rihards Bukarts (bez kluba), Rod\u017eers Bukarts (&#8220;Arosa&#8221;, \u0160veice), Haralds Egle (Karlovi Varu &#8220;Energie&#8221;, \u010cehija), Toms Andersons (&#8220;La Chaux-de-Fonds&#8221;, \u0160veice), Deniss Smirnovs (&#8220;Kloten&#8221;, \u0160veice), Oskars Lapinskis (Langnavas &#8220;Tigers&#8221;, \u0160veice), Raimonds V\u012btoli\u0146\u0161 (Tren\u010d\u012bnas &#8220;Dukla&#8221;, Slov\u0101kija), R\u016bdolfs Polcs (&#8220;Anglet&#8221;, Francija).<\/p>\n","protected":false},"excerpt":{"rendered":"Gatavojoties 2025. gada pasaules \u010dempion\u0101tam C\u012brih\u0113 un Fr\u012bb\u016br\u0101, Latvijas izlasei kopum\u0101 gaid\u0101mas asto\u0146as p\u0101rbaudes sp\u0113les, no kur\u0101m \u010detras&hellip;\n","protected":false},"author":2,"featured_media":66964,"comment_status":"","ping_status":"","sticky":false,"template":"","format":"standard","meta":{"footnotes":""},"categories":[17],"tags":[35,39,38,36,37,34,1532,40,67],"class_list":{"0":"post-66963","1":"post","2":"type-post","3":"status-publish","4":"format-standard","5":"has-post-thumbnail","7":"category-sports","8":"tag-latvia","9":"tag-latvian","10":"tag-latviesu","11":"tag-latviesu-valoda","12":"tag-latviesuvaloda","13":"tag-latvija","14":"tag-latvijas-hokeja-izlase","15":"tag-lv","16":"tag-sports"},"share_on_mastodon":{"url":"https:\/\/pubeurope.com\/@lv\/115671694268235890","error":""},"_links":{"self":[{"href":"https:\/\/www.europesays.com\/lv\/wp-json\/wp\/v2\/posts\/66963","targetHints":{"allow":["GET"]}}],"collection":[{"href":"https:\/\/www.europesays.com\/lv\/wp-json\/wp\/v2\/posts"}],"about":[{"href":"https:\/\/www.europesays.com\/lv\/wp-json\/wp\/v2\/types\/post"}],"author":[{"embeddable":true,"href":"https:\/\/www.europesays.com\/lv\/wp-json\/wp\/v2\/users\/2"}],"replies":[{"embeddable":true,"href":"https:\/\/www.europesays.com\/lv\/wp-json\/wp\/v2\/comments?post=66963"}],"version-history":[{"count":0,"href":"https:\/\/www.europesays.com\/lv\/wp-json\/wp\/v2\/posts\/66963\/revisions"}],"wp:featuredmedia":[{"embeddable":true,"href":"https:\/\/www.europesays.com\/lv\/wp-json\/wp\/v2\/media\/66964"}],"wp:attachment":[{"href":"https:\/\/www.europesays.com\/lv\/wp-json\/wp\/v2\/media?parent=66963"}],"wp:term":[{"taxonomy":"category","embeddable":true,"href":"https:\/\/www.europesays.com\/lv\/wp-json\/wp\/v2\/categories?post=66963"},{"taxonomy":"post_tag","embeddable":true,"href":"https:\/\/www.europesays.com\/lv\/wp-json\/wp\/v2\/tags?post=66963"}],"curies":[{"name":"wp","href":"https:\/\/api.w.org\/{rel}","templated":true}]}}