{"id":66983,"date":"2025-12-06T08:53:09","date_gmt":"2025-12-06T08:53:09","guid":{"rendered":"https:\/\/www.europesays.com\/lv\/66983\/"},"modified":"2025-12-06T08:53:09","modified_gmt":"2025-12-06T08:53:09","slug":"video-%e2%9f%a9-gimenes-namu-zemgale-izposta-likteniga-ogle","status":"publish","type":"post","link":"https:\/\/www.europesays.com\/lv\/66983\/","title":{"rendered":"VIDEO \u27e9 \u0122imenes namu Zemgal\u0113 izposta likten\u012bg\u0101 ogle"},"content":{"rendered":"<p>Kop\u0161 ugunsgr\u0113ka M\u0101li\u0146u m\u0101j\u0101 ir pag\u0101ju\u0161as \u010detras dienas. Liesmas no kurtuves izplat\u012bj\u0101s pa starpst\u0101vu p\u0101rsegumu, b\u0113ni\u0146iem un boj\u0101ja visu m\u0101ju.<\/p>\n<p>Laiku un p\u016bles \u0123imenes locek\u013ci ne\u017e\u0113lo. Saimnieks, b\u0113rni, sieva, m\u0101te, br\u0101l\u0113ni \u2013 katrs liek savu pirkstu pie t\u0101, lai saimes m\u0101ja tiktu atjaunota. Saimnieka d\u0113ls K\u0101rlis uz br\u012bdi atvelk elpu no jumta labo\u0161anas darbiem un izst\u0101sta mums, k\u0101 todien aizs\u0101k\u0101s <a href=\"https:\/\/www.apollo.lv\/term\/555502\/ugunsgreks\" class=\"topicLink\" target=\"_blank\" rel=\"nofollow noopener\">ugunsgr\u0113ks<\/a>.<\/p>\n<p>\u0122imenei \u0161\u0137iet, ka ugunsgr\u0113ks s\u0101k\u0101s no k\u0101das karstas ogles, kas izkrita no kr\u0101sns. Skurstenis bija t\u012brs, un nek\u0101di citi apkures sist\u0113mas defekti nav biju\u0161i. M\u0101ja ir celta agros padomju laikos un iztur\u0113ja sp\u0113c\u012bgo Zemgales v\u0113tru pirms diviem gadiem, k\u0101 ar\u012b ir notur\u0113jusies p\u0113c posto\u0161\u0101 ugunsgr\u0113ka.<\/p>\n<p>Vair\u0101k skatieties si\u017eet\u0101!<\/p>\n","protected":false},"excerpt":{"rendered":"Kop\u0161 ugunsgr\u0113ka M\u0101li\u0146u m\u0101j\u0101 ir pag\u0101ju\u0161as \u010detras dienas. Liesmas no kurtuves izplat\u012bj\u0101s pa starpst\u0101vu p\u0101rsegumu, b\u0113ni\u0146iem un boj\u0101ja&hellip;\n","protected":false},"author":2,"featured_media":66984,"comment_status":"","ping_status":"","sticky":false,"template":"","format":"standard","meta":{"footnotes":""},"categories":[5],"tags":[23,28,29,32,33,984,22,30,31,35,39,38,36,37,34,40,20,26,27,24,25,377,17226,21],"class_list":{"0":"post-66983","1":"post","2":"type-post","3":"status-publish","4":"format-standard","5":"has-post-thumbnail","7":"category-aktualitates","8":"tag-aktualitates","9":"tag-breaking-news","10":"tag-breakingnews","11":"tag-featured-news","12":"tag-featurednews","13":"tag-gimene","14":"tag-headlines","15":"tag-latest-news","16":"tag-latestnews","17":"tag-latvia","18":"tag-latvian","19":"tag-latviesu","20":"tag-latviesu-valoda","21":"tag-latviesuvaloda","22":"tag-latvija","23":"tag-lv","24":"tag-news","25":"tag-popularakas-zinas","26":"tag-popularakaszinas","27":"tag-top-stories","28":"tag-topstories","29":"tag-ugunsgreks","30":"tag-zemgale","31":"tag-zinas"},"share_on_mastodon":{"url":"https:\/\/pubeurope.com\/@lv\/115671780830558700","error":""},"_links":{"self":[{"href":"https:\/\/www.europesays.com\/lv\/wp-json\/wp\/v2\/posts\/66983","targetHints":{"allow":["GET"]}}],"collection":[{"href":"https:\/\/www.europesays.com\/lv\/wp-json\/wp\/v2\/posts"}],"about":[{"href":"https:\/\/www.europesays.com\/lv\/wp-json\/wp\/v2\/types\/post"}],"author":[{"embeddable":true,"href":"https:\/\/www.europesays.com\/lv\/wp-json\/wp\/v2\/users\/2"}],"replies":[{"embeddable":true,"href":"https:\/\/www.europesays.com\/lv\/wp-json\/wp\/v2\/comments?post=66983"}],"version-history":[{"count":0,"href":"https:\/\/www.europesays.com\/lv\/wp-json\/wp\/v2\/posts\/66983\/revisions"}],"wp:featuredmedia":[{"embeddable":true,"href":"https:\/\/www.europesays.com\/lv\/wp-json\/wp\/v2\/media\/66984"}],"wp:attachment":[{"href":"https:\/\/www.europesays.com\/lv\/wp-json\/wp\/v2\/media?parent=66983"}],"wp:term":[{"taxonomy":"category","embeddable":true,"href":"https:\/\/www.europesays.com\/lv\/wp-json\/wp\/v2\/categories?post=66983"},{"taxonomy":"post_tag","embeddable":true,"href":"https:\/\/www.europesays.com\/lv\/wp-json\/wp\/v2\/tags?post=66983"}],"curies":[{"name":"wp","href":"https:\/\/api.w.org\/{rel}","templated":true}]}}