{"id":66989,"date":"2025-12-06T09:00:10","date_gmt":"2025-12-06T09:00:10","guid":{"rendered":"https:\/\/www.europesays.com\/lv\/66989\/"},"modified":"2025-12-06T09:00:10","modified_gmt":"2025-12-06T09:00:10","slug":"adriana-miglane-atzist-ka-bijusi-atkariga-no-alkohola","status":"publish","type":"post","link":"https:\/\/www.europesays.com\/lv\/66989\/","title":{"rendered":"Adriana Migl\u0101ne atz\u012bst, ka bijusi atkar\u012bga no alkohola"},"content":{"rendered":"<p>Kop\u0161 augusta Adriana bija atgriezusies Latvij\u0101, lai uzs\u0101ktu kopdz\u012bvi ar savu jauno m\u012blest\u012bbu &#8211; uz\u0146\u0113m\u0113ju O\u013cegu Zabirko. Ta\u010du novembra beig\u0101s s\u0101k\u0101s runas, ka abu attiec\u012bb\u0101s iest\u0101jies krahs, jo no vi\u0146as &#8220;Instagram&#8221; pazuda kop\u012bg\u0101s bildes.<\/p>\n<p>Sestdien, 6. decembr\u012b, agr\u0101 r\u012bta stund\u0101 Adriana sav\u0101 &#8221;Instagram&#8221; public\u0113ja ierakstu, kur\u0101 atz\u012bst, ka ieradusies Latvij\u0101, lai s\u0101ktu jaunas attiec\u012bbas un jaunu dz\u012bvi, ta\u010du tas tom\u0113r nav izdevies.<\/p>\n<p>Adriana raksta, ka \u0161obr\u012bd vi\u0146ai vissvar\u012bg\u0101k\u0101 ir sava \u0123imene un, ka vi\u0146a v\u0113las b\u016bt citiem piem\u0113rs, ka dz\u012bv\u0113 visu var main\u012bt.<\/p>\n","protected":false},"excerpt":{"rendered":"Kop\u0161 augusta Adriana bija atgriezusies Latvij\u0101, lai uzs\u0101ktu kopdz\u012bvi ar savu jauno m\u012blest\u012bbu &#8211; uz\u0146\u0113m\u0113ju O\u013cegu Zabirko. Ta\u010du&hellip;\n","protected":false},"author":2,"featured_media":66990,"comment_status":"","ping_status":"","sticky":false,"template":"","format":"standard","meta":{"footnotes":""},"categories":[19],"tags":[12805,89,90,35,39,38,36,37,34,40],"class_list":{"0":"post-66989","1":"post","2":"type-post","3":"status-publish","4":"format-standard","5":"has-post-thumbnail","7":"category-izklaide","8":"tag-adriana-miglane","9":"tag-entertainment","10":"tag-izklaide","11":"tag-latvia","12":"tag-latvian","13":"tag-latviesu","14":"tag-latviesu-valoda","15":"tag-latviesuvaloda","16":"tag-latvija","17":"tag-lv"},"share_on_mastodon":{"url":"https:\/\/pubeurope.com\/@lv\/115671808291304086","error":""},"_links":{"self":[{"href":"https:\/\/www.europesays.com\/lv\/wp-json\/wp\/v2\/posts\/66989","targetHints":{"allow":["GET"]}}],"collection":[{"href":"https:\/\/www.europesays.com\/lv\/wp-json\/wp\/v2\/posts"}],"about":[{"href":"https:\/\/www.europesays.com\/lv\/wp-json\/wp\/v2\/types\/post"}],"author":[{"embeddable":true,"href":"https:\/\/www.europesays.com\/lv\/wp-json\/wp\/v2\/users\/2"}],"replies":[{"embeddable":true,"href":"https:\/\/www.europesays.com\/lv\/wp-json\/wp\/v2\/comments?post=66989"}],"version-history":[{"count":0,"href":"https:\/\/www.europesays.com\/lv\/wp-json\/wp\/v2\/posts\/66989\/revisions"}],"wp:featuredmedia":[{"embeddable":true,"href":"https:\/\/www.europesays.com\/lv\/wp-json\/wp\/v2\/media\/66990"}],"wp:attachment":[{"href":"https:\/\/www.europesays.com\/lv\/wp-json\/wp\/v2\/media?parent=66989"}],"wp:term":[{"taxonomy":"category","embeddable":true,"href":"https:\/\/www.europesays.com\/lv\/wp-json\/wp\/v2\/categories?post=66989"},{"taxonomy":"post_tag","embeddable":true,"href":"https:\/\/www.europesays.com\/lv\/wp-json\/wp\/v2\/tags?post=66989"}],"curies":[{"name":"wp","href":"https:\/\/api.w.org\/{rel}","templated":true}]}}