{"id":66993,"date":"2025-12-06T09:06:11","date_gmt":"2025-12-06T09:06:11","guid":{"rendered":"https:\/\/www.europesays.com\/lv\/66993\/"},"modified":"2025-12-06T09:06:11","modified_gmt":"2025-12-06T09:06:11","slug":"filma-kas-atspogulo-amerikas-politisko-realitati","status":"publish","type":"post","link":"https:\/\/www.europesays.com\/lv\/66993\/","title":{"rendered":"filma, kas atspogu\u013co Amerikas politisko realit\u0101ti"},"content":{"rendered":"<p>Kad piektdienas vakar\u0101 devos uz &#8221;Apollo Kino R\u012bga Plaza&#8221;, goda v\u0101rds, dom\u0101ju, ka mani gaida k\u0101rt\u0113jais viegli aizmirstamais trilleris &#8211; t\u0101ds, ko noskaties, ap\u0113d popkornu un jau pa ce\u013cam uz m\u0101j\u0101m neatceries galveno varo\u0146u v\u0101rdus. Filma &#8220;Nel\u016bgt\u0101 vie\u0161\u0146a&#8221; izr\u0101d\u012bj\u0101s aukstas du\u0161as cien\u012bga alegorija par Amerikas politisko realit\u0101ti &#8211; t\u0101da, kas liek gan uzdot ne\u0113rtus jaut\u0101jumus, gan paskat\u012bties uz pasauli cit\u0101 gaism\u0101.<\/p>\n<p>S\u0101kum\u0101 filmas nosaukums un treileris lika dom\u0101t, ka st\u0101sts b\u016bs par un ap El\u0113nas un Pola 25 gadu k\u0101zu jubileju. Ta\u010du tas bija mald\u012bgi.<\/p>\n","protected":false},"excerpt":{"rendered":"Kad piektdienas vakar\u0101 devos uz &#8221;Apollo Kino R\u012bga Plaza&#8221;, goda v\u0101rds, dom\u0101ju, ka mani gaida k\u0101rt\u0113jais viegli aizmirstamais&hellip;\n","protected":false},"author":2,"featured_media":66994,"comment_status":"","ping_status":"","sticky":false,"template":"","format":"standard","meta":{"footnotes":""},"categories":[19],"tags":[89,90,35,39,38,36,37,34,40,758],"class_list":{"0":"post-66993","1":"post","2":"type-post","3":"status-publish","4":"format-standard","5":"has-post-thumbnail","7":"category-izklaide","8":"tag-entertainment","9":"tag-izklaide","10":"tag-latvia","11":"tag-latvian","12":"tag-latviesu","13":"tag-latviesu-valoda","14":"tag-latviesuvaloda","15":"tag-latvija","16":"tag-lv","17":"tag-tvnet-sejas"},"share_on_mastodon":{"url":"https:\/\/pubeurope.com\/@lv\/115671831887945263","error":""},"_links":{"self":[{"href":"https:\/\/www.europesays.com\/lv\/wp-json\/wp\/v2\/posts\/66993","targetHints":{"allow":["GET"]}}],"collection":[{"href":"https:\/\/www.europesays.com\/lv\/wp-json\/wp\/v2\/posts"}],"about":[{"href":"https:\/\/www.europesays.com\/lv\/wp-json\/wp\/v2\/types\/post"}],"author":[{"embeddable":true,"href":"https:\/\/www.europesays.com\/lv\/wp-json\/wp\/v2\/users\/2"}],"replies":[{"embeddable":true,"href":"https:\/\/www.europesays.com\/lv\/wp-json\/wp\/v2\/comments?post=66993"}],"version-history":[{"count":0,"href":"https:\/\/www.europesays.com\/lv\/wp-json\/wp\/v2\/posts\/66993\/revisions"}],"wp:featuredmedia":[{"embeddable":true,"href":"https:\/\/www.europesays.com\/lv\/wp-json\/wp\/v2\/media\/66994"}],"wp:attachment":[{"href":"https:\/\/www.europesays.com\/lv\/wp-json\/wp\/v2\/media?parent=66993"}],"wp:term":[{"taxonomy":"category","embeddable":true,"href":"https:\/\/www.europesays.com\/lv\/wp-json\/wp\/v2\/categories?post=66993"},{"taxonomy":"post_tag","embeddable":true,"href":"https:\/\/www.europesays.com\/lv\/wp-json\/wp\/v2\/tags?post=66993"}],"curies":[{"name":"wp","href":"https:\/\/api.w.org\/{rel}","templated":true}]}}