{"id":67031,"date":"2025-12-06T10:15:07","date_gmt":"2025-12-06T10:15:07","guid":{"rendered":"https:\/\/www.europesays.com\/lv\/67031\/"},"modified":"2025-12-06T10:15:07","modified_gmt":"2025-12-06T10:15:07","slug":"krievija-uzbruka-dzelzcela-stacijai-ukraina","status":"publish","type":"post","link":"https:\/\/www.europesays.com\/lv\/67031\/","title":{"rendered":"Krievija uzbruka dzelzce\u013ca stacijai Ukrain\u0101"},"content":{"rendered":"<p>Saska\u0146\u0101 ar Valsts \u0101rk\u0101rtas situ\u0101ciju dienesta (VES) pazi\u0146ojumu, streiks izrais\u012bja ugunsgr\u0113kus Fastiv\u0101, un tika nodar\u012bti post\u012bjumi dzelzce\u013ca stacijai un autost\u0101vviet\u0101.<\/p>\n<p>Gl\u0101b\u0113ji ar\u012b piebilda, ka Novi Petrivtsi ciemat\u0101 bezpilota lidapar\u0101ta atl\u016bzu trieciena rezult\u0101t\u0101 5500 kvadr\u0101tmetru liel\u0101 noliktav\u0101 izc\u0113l\u0101s ugunsgr\u0113ks. \u0160aj\u0101 ciemat\u0101 aizdeg\u0101s ar\u012b tr\u012bs kravas automa\u0161\u012bnas, tika izn\u012bcin\u0101ta dz\u012bvojam\u0101 \u0113ka un v\u0113l se\u0161as tika boj\u0101tas.<\/p>\n<p>Bu\u010das rajona ciemat\u0101 izc\u0113l\u0101s ugunsgr\u0113ks un nodega priv\u0101tm\u0101ja.<\/p>\n<p>&#8220;Turpin\u0101s centieni likvid\u0113t uzbrukuma sekas,&#8221; nor\u0101d\u012bja gl\u0101b\u0113ji.<\/p>\n<p>Vakar\u0101 okupanti s\u0101ka uzbrukt Ukrainai ar bezpilota lidapar\u0101tiem, bet no r\u012bta palaida ra\u0137etes. Uzbrukum\u0101 tika pak\u013cauts Kijivas apgabals un rietumu re\u0123ioni.<\/p>\n<p>Pa\u0161laik zin\u0101ms, ka Kijivas apgabal\u0101 ievainoti tr\u012bs cilv\u0113ki.<\/p>\n<p>Uzbrukums sk\u0101ra ar\u012b Fastivas dzelzce\u013ca staciju, ir main\u012bts vilcienu kust\u012bbas saraksts.<\/p>\n","protected":false},"excerpt":{"rendered":"Saska\u0146\u0101 ar Valsts \u0101rk\u0101rtas situ\u0101ciju dienesta (VES) pazi\u0146ojumu, streiks izrais\u012bja ugunsgr\u0113kus Fastiv\u0101, un tika nodar\u012bti post\u012bjumi dzelzce\u013ca stacijai&hellip;\n","protected":false},"author":2,"featured_media":64319,"comment_status":"","ping_status":"","sticky":false,"template":"","format":"standard","meta":{"footnotes":""},"categories":[14],"tags":[23,57,28,29,4038,32,33,22,74,30,31,35,39,38,36,37,34,40,20,26,27,24,25,276,54,55,56,21,58],"class_list":{"0":"post-67031","1":"post","2":"type-post","3":"status-publish","4":"format-standard","5":"has-post-thumbnail","7":"category-zinas-no-arvalstim","8":"tag-aktualitates","9":"tag-arvalstim","10":"tag-breaking-news","11":"tag-breakingnews","12":"tag-dzelzcela-stacija","13":"tag-featured-news","14":"tag-featurednews","15":"tag-headlines","16":"tag-krievijas-iebrukums-ukraina","17":"tag-latest-news","18":"tag-latestnews","19":"tag-latvia","20":"tag-latvian","21":"tag-latviesu","22":"tag-latviesu-valoda","23":"tag-latviesuvaloda","24":"tag-latvija","25":"tag-lv","26":"tag-news","27":"tag-popularakas-zinas","28":"tag-popularakaszinas","29":"tag-top-stories","30":"tag-topstories","31":"tag-ukraina","32":"tag-world","33":"tag-world-news","34":"tag-worldnews","35":"tag-zinas","36":"tag-zinas-no-arvalstim"},"share_on_mastodon":{"url":"https:\/\/pubeurope.com\/@lv\/115672103275769747","error":""},"_links":{"self":[{"href":"https:\/\/www.europesays.com\/lv\/wp-json\/wp\/v2\/posts\/67031","targetHints":{"allow":["GET"]}}],"collection":[{"href":"https:\/\/www.europesays.com\/lv\/wp-json\/wp\/v2\/posts"}],"about":[{"href":"https:\/\/www.europesays.com\/lv\/wp-json\/wp\/v2\/types\/post"}],"author":[{"embeddable":true,"href":"https:\/\/www.europesays.com\/lv\/wp-json\/wp\/v2\/users\/2"}],"replies":[{"embeddable":true,"href":"https:\/\/www.europesays.com\/lv\/wp-json\/wp\/v2\/comments?post=67031"}],"version-history":[{"count":0,"href":"https:\/\/www.europesays.com\/lv\/wp-json\/wp\/v2\/posts\/67031\/revisions"}],"wp:featuredmedia":[{"embeddable":true,"href":"https:\/\/www.europesays.com\/lv\/wp-json\/wp\/v2\/media\/64319"}],"wp:attachment":[{"href":"https:\/\/www.europesays.com\/lv\/wp-json\/wp\/v2\/media?parent=67031"}],"wp:term":[{"taxonomy":"category","embeddable":true,"href":"https:\/\/www.europesays.com\/lv\/wp-json\/wp\/v2\/categories?post=67031"},{"taxonomy":"post_tag","embeddable":true,"href":"https:\/\/www.europesays.com\/lv\/wp-json\/wp\/v2\/tags?post=67031"}],"curies":[{"name":"wp","href":"https:\/\/api.w.org\/{rel}","templated":true}]}}