{"id":67062,"date":"2025-12-06T10:54:08","date_gmt":"2025-12-06T10:54:08","guid":{"rendered":"https:\/\/www.europesays.com\/lv\/67062\/"},"modified":"2025-12-06T10:54:08","modified_gmt":"2025-12-06T10:54:08","slug":"miris-frenks-gerijs-gugenheima-muzeja-arhitekts","status":"publish","type":"post","link":"https:\/\/www.europesays.com\/lv\/67062\/","title":{"rendered":"Miris Frenks G\u0113rijs \u2013 Gugenheima muzeja arhitekts"},"content":{"rendered":"<p class=\"descr\">96 gadu vecum\u0101 Santamonik\u0101, ASV Kalifornijas \u0161tat\u0101, sav\u0101s m\u0101j\u0101s miris viens no ietekm\u012bg\u0101kajiem pag\u0101ju\u0161a gadsimta arhitektiem Frenks G\u0113rijs, pav\u0113st\u012bja uz\u0146\u0113muma &#8220;Gehry Partners&#8221; p\u0101rst\u0101ve M\u012bgana Loida.<\/p>\n<p>G\u0113rijs dzimis Toronto, Kan\u0101d\u0101, 1929. gad\u0101 Polijas ebreju emigrantu \u0123imen\u0113, bet pusaud\u017ea gados kop\u0101 ar \u0123imeni p\u0101rc\u0113lies uz ASV.<\/p>\n<p>Vi\u0146a paz\u012bstam\u0101ko darbu vid\u016b ir Gugenheima muzejs Bilbao, Volta Disneja koncertz\u0101le Losand\u017eelos\u0101, \u0113ku komplekss &#8220;Der Neue Zollhof&#8221; Diseldorf\u0101, Dejojo\u0161\u0101 m\u0101ja Pr\u0101g\u0101 un &#8220;Louis Vuitton Foundation&#8221; \u0113ka Par\u012bz\u0113.<\/p>\n<p>\t\t\t\t\t\tinfo<\/p>\n<p>Uzzini pirmais<br \/>kas interesants noticis Latvij\u0101 un pasaul\u0113,<br \/>pievienojoties mums <a href=\"https:\/\/t.me\/neatkariga\" rel=\"nofollow\">Telegram<\/a> vai <a href=\"https:\/\/whatsapp.com\/channel\/0029VaMLFUH5K3zLU5s4wm3y\" rel=\"nofollow noopener\" target=\"_blank\">Whatsapp<\/a> kan\u0101l\u0101<\/p>\n","protected":false},"excerpt":{"rendered":"96 gadu vecum\u0101 Santamonik\u0101, ASV Kalifornijas \u0161tat\u0101, sav\u0101s m\u0101j\u0101s miris viens no ietekm\u012bg\u0101kajiem pag\u0101ju\u0161a gadsimta arhitektiem Frenks G\u0113rijs,&hellip;\n","protected":false},"author":2,"featured_media":67063,"comment_status":"","ping_status":"","sticky":false,"template":"","format":"standard","meta":{"footnotes":""},"categories":[19],"tags":[89,90,35,39,38,36,37,34,40],"class_list":{"0":"post-67062","1":"post","2":"type-post","3":"status-publish","4":"format-standard","5":"has-post-thumbnail","7":"category-izklaide","8":"tag-entertainment","9":"tag-izklaide","10":"tag-latvia","11":"tag-latvian","12":"tag-latviesu","13":"tag-latviesu-valoda","14":"tag-latviesuvaloda","15":"tag-latvija","16":"tag-lv"},"share_on_mastodon":{"url":"https:\/\/pubeurope.com\/@lv\/115672256535511586","error":""},"_links":{"self":[{"href":"https:\/\/www.europesays.com\/lv\/wp-json\/wp\/v2\/posts\/67062","targetHints":{"allow":["GET"]}}],"collection":[{"href":"https:\/\/www.europesays.com\/lv\/wp-json\/wp\/v2\/posts"}],"about":[{"href":"https:\/\/www.europesays.com\/lv\/wp-json\/wp\/v2\/types\/post"}],"author":[{"embeddable":true,"href":"https:\/\/www.europesays.com\/lv\/wp-json\/wp\/v2\/users\/2"}],"replies":[{"embeddable":true,"href":"https:\/\/www.europesays.com\/lv\/wp-json\/wp\/v2\/comments?post=67062"}],"version-history":[{"count":0,"href":"https:\/\/www.europesays.com\/lv\/wp-json\/wp\/v2\/posts\/67062\/revisions"}],"wp:featuredmedia":[{"embeddable":true,"href":"https:\/\/www.europesays.com\/lv\/wp-json\/wp\/v2\/media\/67063"}],"wp:attachment":[{"href":"https:\/\/www.europesays.com\/lv\/wp-json\/wp\/v2\/media?parent=67062"}],"wp:term":[{"taxonomy":"category","embeddable":true,"href":"https:\/\/www.europesays.com\/lv\/wp-json\/wp\/v2\/categories?post=67062"},{"taxonomy":"post_tag","embeddable":true,"href":"https:\/\/www.europesays.com\/lv\/wp-json\/wp\/v2\/tags?post=67062"}],"curies":[{"name":"wp","href":"https:\/\/api.w.org\/{rel}","templated":true}]}}