{"id":67066,"date":"2025-12-06T11:00:09","date_gmt":"2025-12-06T11:00:09","guid":{"rendered":"https:\/\/www.europesays.com\/lv\/67066\/"},"modified":"2025-12-06T11:00:09","modified_gmt":"2025-12-06T11:00:09","slug":"masa-gandriz-nosirmoja-klausoties-mans-bali-stasts-kas-pierada-si-sala-nav-tikai-lenai-dzivei-un-jogai-santa","status":"publish","type":"post","link":"https:\/\/www.europesays.com\/lv\/67066\/","title":{"rendered":"\u00abM\u0101sa gandr\u012bz nosirmoja klausoties\u2026\u00bb Mans Bali st\u0101sts, kas pier\u0101da \u2013 \u0161\u012b sala nav tikai l\u0113nai dz\u012bvei un jogai \u2014 Santa"},"content":{"rendered":"<p>Ce\u013cojums, kur\u0161 s\u0101kum\u0101 lik\u0101s k\u0101 spont\u0101ns un traks l\u0113mums, beig\u0101s izr\u0101d\u012bj\u0101s dzi\u013ci intuit\u012bvs ce\u013c\u0161 uz sevis pie\u0146em\u0161anu, iek\u0161\u0113ju klusumu un pauzi dz\u012bves virpul\u012b. Saj\u016bta, ka divus m\u0113ne\u0161us atrados ork\u0101na ac\u012b,\u202f\u2013 kaut kur m\u0101j\u0101s notikumi un emocijas dz\u012bvoja savu dz\u012bvi, bet es biju pa vidu\u202f\u2013 tur, kur var redz\u0113t zil\u0101s debesis un viss notiek slow motion.<\/p>\n<blockquote><p>&#13;<\/p>\n<p>Pie sest\u0101 vi\u013c\u0146a, sa\u0146emot sitienu ar d\u0113li pa galvu, sapratu, ka t\u0101s ir manas dz\u012bves p\u0113d\u0113j\u0101s sekundes, ta\u010du neticam\u0101 veid\u0101 instruktors mani atrada un izvilka.<\/p>\n<p>&#13;\n<\/p><\/blockquote>\n<p>\u0160\u012b ce\u013cojuma uzst\u0101d\u012bjums bija pats ce\u013c\u0161 un piedz\u012bvot lietas pirmo reizi, jo tas visvair\u0101k papla\u0161ina redzesloku. P\u0113c smaga gada sapratu, ka ir \u012bstais laiks atlaist aizg\u0101ju\u0161o, aizvainojumu, nerealiz\u0113tos sap\u0146us un piepild\u012bt dz\u012bvi ar jaun\u0101m emocij\u0101m. Vienk\u0101r\u0161i zin\u0101ju, ka Bali b\u016bs \u012bst\u0101 vieta. Mans skaisti sarakst\u012btais, mier\u012bgais pl\u0101ns gan mazliet novirz\u012bj\u0101s no scen\u0101rija, un es k\u013cuvu par adrenaline junkie (adrenal\u012bna mekl\u0113t\u0101js). Klausoties Bali piedz\u012bvoto, mana m\u0101sa Latvij\u0101 gandr\u012bz nosirmoja, un tas sagrauj m\u012btu, ka Bali ir tikai l\u0113nai pludmales dz\u012bvei un gar\u012bgaj\u0101m praks\u0113m, \u0161\u012b sala ir ar\u012b izaicino\u0161a piedz\u012bvojumu vieta.<\/p>\n<p>Bali aicinu sapl\u0101not tikai brauciena pirmo laiku, jo vide un viet\u0113jie aiznes uz burv\u012bg\u0101m viet\u0101m.<\/p>\n","protected":false},"excerpt":{"rendered":"Ce\u013cojums, kur\u0161 s\u0101kum\u0101 lik\u0101s k\u0101 spont\u0101ns un traks l\u0113mums, beig\u0101s izr\u0101d\u012bj\u0101s dzi\u013ci intuit\u012bvs ce\u013c\u0161 uz sevis pie\u0146em\u0161anu, iek\u0161\u0113ju&hellip;\n","protected":false},"author":2,"featured_media":67067,"comment_status":"","ping_status":"","sticky":false,"template":"","format":"standard","meta":{"footnotes":""},"categories":[19],"tags":[89,90,35,39,38,36,37,34,40],"class_list":{"0":"post-67066","1":"post","2":"type-post","3":"status-publish","4":"format-standard","5":"has-post-thumbnail","7":"category-izklaide","8":"tag-entertainment","9":"tag-izklaide","10":"tag-latvia","11":"tag-latvian","12":"tag-latviesu","13":"tag-latviesu-valoda","14":"tag-latviesuvaloda","15":"tag-latvija","16":"tag-lv"},"share_on_mastodon":{"url":"https:\/\/pubeurope.com\/@lv\/115672280247403205","error":""},"_links":{"self":[{"href":"https:\/\/www.europesays.com\/lv\/wp-json\/wp\/v2\/posts\/67066","targetHints":{"allow":["GET"]}}],"collection":[{"href":"https:\/\/www.europesays.com\/lv\/wp-json\/wp\/v2\/posts"}],"about":[{"href":"https:\/\/www.europesays.com\/lv\/wp-json\/wp\/v2\/types\/post"}],"author":[{"embeddable":true,"href":"https:\/\/www.europesays.com\/lv\/wp-json\/wp\/v2\/users\/2"}],"replies":[{"embeddable":true,"href":"https:\/\/www.europesays.com\/lv\/wp-json\/wp\/v2\/comments?post=67066"}],"version-history":[{"count":0,"href":"https:\/\/www.europesays.com\/lv\/wp-json\/wp\/v2\/posts\/67066\/revisions"}],"wp:featuredmedia":[{"embeddable":true,"href":"https:\/\/www.europesays.com\/lv\/wp-json\/wp\/v2\/media\/67067"}],"wp:attachment":[{"href":"https:\/\/www.europesays.com\/lv\/wp-json\/wp\/v2\/media?parent=67066"}],"wp:term":[{"taxonomy":"category","embeddable":true,"href":"https:\/\/www.europesays.com\/lv\/wp-json\/wp\/v2\/categories?post=67066"},{"taxonomy":"post_tag","embeddable":true,"href":"https:\/\/www.europesays.com\/lv\/wp-json\/wp\/v2\/tags?post=67066"}],"curies":[{"name":"wp","href":"https:\/\/api.w.org\/{rel}","templated":true}]}}