{"id":67092,"date":"2025-12-06T11:30:08","date_gmt":"2025-12-06T11:30:08","guid":{"rendered":"https:\/\/www.europesays.com\/lv\/67092\/"},"modified":"2025-12-06T11:30:08","modified_gmt":"2025-12-06T11:30:08","slug":"muziba-devies-arhitekts-frenks-gerijs","status":"publish","type":"post","link":"https:\/\/www.europesays.com\/lv\/67092\/","title":{"rendered":"M\u016b\u017e\u012bb\u0101 devies arhitekts Frenks G\u0113rijs"},"content":{"rendered":"<p>G\u0113rijs dzimis Toronto, Kan\u0101d\u0101, 1929. gad\u0101 Polijas ebreju emigrantu \u0123imen\u0113, bet pusaud\u017ea gados kop\u0101 ar \u0123imeni p\u0101rc\u0113lies uz <a href=\"https:\/\/www.apollo.lv\/term\/555410\/asv\" class=\"topicLink\" target=\"_blank\" rel=\"nofollow noopener\">ASV<\/a>.<\/p>\n<p>Vi\u0146a paz\u012bstam\u0101ko darbu vid\u016b ir Gugenheima muzejs Bilbao, Volta Disneja koncertz\u0101le Losand\u017eelos\u0101, \u0113ku komplekss &#8220;Der Neue Zollhof&#8221; Diseldorf\u0101, Dejojo\u0161\u0101 m\u0101ja Pr\u0101g\u0101 un &#8220;Louis Vuitton Foundation&#8221; \u0113ka Par\u012bz\u0113.<\/p>\n<p>Par ieguld\u012bjumu arhitekt\u016br\u0101 G\u0113rijs 1989. gad\u0101 sa\u0146\u0113ma presti\u017eo Prickera balvu.<\/p>\n<p>&#8220;Vi\u0146a projektus, ja tos sal\u012bdzina ar amerik\u0101\u0146u m\u016bziku, vislab\u0101k var\u0113tu piel\u012bdzin\u0101t d\u017eezam &#8211; tie ir improviz\u0101cijas un dz\u012bv\u012bga, neparedzama gara pilni,&#8221; toreiz pauda Prickera balvas \u017e\u016brija.<\/p>\n<p>G\u0113rijs 2002. gad\u0101 tika apbalvots ar Kan\u0101das ordeni, bet 2016. gad\u0101 ar ASV augst\u0101ko civilo apbalvojumu &#8211; Prezidenta Br\u012bv\u012bbas meda\u013cu.<\/p>\n","protected":false},"excerpt":{"rendered":"G\u0113rijs dzimis Toronto, Kan\u0101d\u0101, 1929. gad\u0101 Polijas ebreju emigrantu \u0123imen\u0113, bet pusaud\u017ea gados kop\u0101 ar \u0123imeni p\u0101rc\u0113lies uz&hellip;\n","protected":false},"author":2,"featured_media":67093,"comment_status":"","ping_status":"","sticky":false,"template":"","format":"standard","meta":{"footnotes":""},"categories":[19],"tags":[4426,292,89,17240,90,35,39,38,36,37,34,40],"class_list":{"0":"post-67092","1":"post","2":"type-post","3":"status-publish","4":"format-standard","5":"has-post-thumbnail","7":"category-izklaide","8":"tag-arhitekts","9":"tag-asv","10":"tag-entertainment","11":"tag-frenks-gerijs","12":"tag-izklaide","13":"tag-latvia","14":"tag-latvian","15":"tag-latviesu","16":"tag-latviesu-valoda","17":"tag-latviesuvaloda","18":"tag-latvija","19":"tag-lv"},"share_on_mastodon":{"url":"https:\/\/pubeurope.com\/@lv\/115672398174011506","error":""},"_links":{"self":[{"href":"https:\/\/www.europesays.com\/lv\/wp-json\/wp\/v2\/posts\/67092","targetHints":{"allow":["GET"]}}],"collection":[{"href":"https:\/\/www.europesays.com\/lv\/wp-json\/wp\/v2\/posts"}],"about":[{"href":"https:\/\/www.europesays.com\/lv\/wp-json\/wp\/v2\/types\/post"}],"author":[{"embeddable":true,"href":"https:\/\/www.europesays.com\/lv\/wp-json\/wp\/v2\/users\/2"}],"replies":[{"embeddable":true,"href":"https:\/\/www.europesays.com\/lv\/wp-json\/wp\/v2\/comments?post=67092"}],"version-history":[{"count":0,"href":"https:\/\/www.europesays.com\/lv\/wp-json\/wp\/v2\/posts\/67092\/revisions"}],"wp:featuredmedia":[{"embeddable":true,"href":"https:\/\/www.europesays.com\/lv\/wp-json\/wp\/v2\/media\/67093"}],"wp:attachment":[{"href":"https:\/\/www.europesays.com\/lv\/wp-json\/wp\/v2\/media?parent=67092"}],"wp:term":[{"taxonomy":"category","embeddable":true,"href":"https:\/\/www.europesays.com\/lv\/wp-json\/wp\/v2\/categories?post=67092"},{"taxonomy":"post_tag","embeddable":true,"href":"https:\/\/www.europesays.com\/lv\/wp-json\/wp\/v2\/tags?post=67092"}],"curies":[{"name":"wp","href":"https:\/\/api.w.org\/{rel}","templated":true}]}}