{"id":67100,"date":"2025-12-06T11:52:08","date_gmt":"2025-12-06T11:52:08","guid":{"rendered":"https:\/\/www.europesays.com\/lv\/67100\/"},"modified":"2025-12-06T11:52:08","modified_gmt":"2025-12-06T11:52:08","slug":"ukrainu-beglu-jauna-vilna-jauniesu-sejas-raksts","status":"publish","type":"post","link":"https:\/\/www.europesays.com\/lv\/67100\/","title":{"rendered":"Ukrai\u0146u b\u0113g\u013cu jaun\u0101 vi\u013c\u0146a jaunie\u0161u sejas \/ Raksts"},"content":{"rendered":"<p>Pla\u0161sazi\u0146as l\u012bdzek\u013cos min\u0113ti dati par to gados jauno ukrai\u0146u skaitu, kas dev\u0101s &#8220;uz Eiropu&#8221; p\u0113c tam, kad vi\u0146iem at\u013c\u0101va \u0161\u0137\u0113rsot robe\u017eu. Dati ir da\u017e\u0101di, bet skaidrs ir viens \u2013 t\u0101du cilv\u0113ku ir diezgan daudz. Vi\u0146i atbrauc ar\u012b uz Latviju. Nesen man pajaut\u0101ja, ko es par vi\u0146iem dom\u0101ju.<\/p>\n<p style=\"text-align:right\">\u0410\u0432\u0442\u043e\u0440\u0441\u044c\u043a\u0443 \u0432\u0435\u0440\u0441\u0456\u044e \u0443\u043a\u0440\u0430\u0457\u043d\u0441\u044c\u043a\u043e\u044e \u043c\u043e\u0436\u043d\u0430 \u043f\u0440\u043e\u0447\u0438\u0442\u0430\u0442\u0438\u00a0<a data-id=\"624971\" data-type=\"article\" href=\"https:\/\/ukr.lsm.lv\/stattja\/poziciya\/poziciya\/06.12.2025-molodi-obliccya-novoyi-xvili-ukrayinskix-bizenciv.a624971\/\" target=\"_blank\" class=\"lsm-link\" rel=\"nofollow noopener\">\u0442\u0443\u0442<\/a>.<br \/>\u0410\u0432\u0442\u043e\u0440\u0441\u043a\u0443\u044e\u00a0\u0440\u0443\u0441\u0441\u043a\u0443\u044e\u00a0\u0432\u0435\u0440\u0441\u0438\u044e \u0442\u0435\u043a\u0441\u0442\u0430\u00a0\u043c\u043e\u0436\u043d\u043e \u043f\u0440\u043e\u0447\u0438\u0442\u0430\u0442\u044c\u00a0<a data-id=\"624970\" data-type=\"article\" href=\"https:\/\/rus.lsm.lv\/statja\/za-efirom\/za-efirom\/06.12.2025-molodye-lica-novoi-volny-ukrainskix-bezencev.a624970\/\" target=\"_blank\" class=\"lsm-link\" rel=\"nofollow noopener\">\u0442\u0443\u0442<\/a>.<\/p>\n<p style=\"margin-left:0cm; margin-right:0cm\">Pirms m\u0113ne\u0161a p\u0113c nevalstisk\u0101s<a href=\"https:\/\/www.facebook.com\/intelektaparks\" target=\"_blank\" rel=\"nofollow noopener\"> organiz\u0101cijas &#8220;Intelekta parks&#8221;<\/a> uzaicin\u0101juma es vad\u012bju semin\u0101ru Daugavpil\u012b Valsts <a href=\"https:\/\/www.facebook.com\/probacijasdienests\" target=\"_blank\" rel=\"nofollow noopener\">prob\u0101cijas dienesta<\/a>\u00a0darbiniekiem \u2013 tas bija viens no projekta &#8220;Iesp\u0113ju sabiedr\u012bba. Starpkult\u016bru komunik\u0101cijas m\u0101c\u012bbas da\u017e\u0101du jomu profesion\u0101\u013ciem tre\u0161o valstu pilso\u0146u integr\u0101cijas ietvaru sp\u0113jin\u0101\u0161anai&#8221; pas\u0101kumiem. M\u0113s run\u0101j\u0101m par soci\u0101lo daudzveid\u012bbu, izaicin\u0101jumiem gan migrantiem, gan uz\u0146emo\u0161ajai pusei.<\/p>\n<p style=\"margin-left:0cm; margin-right:0cm\">T\u0101 ir \u013coti interesanta un, manupr\u0101t, efekt\u012bva saskarsmes forma, kas dod iesp\u0113ju izteikt savu viedokli k\u0101 tre\u0161\u0101s valsts p\u0101rst\u0101vim, k\u0101 ar\u012b uzklaus\u012bt da\u017e\u0101du profesiju Latvijas cilv\u0113ku viedok\u013cus un jaut\u0101jumus.<\/p>\n<p style=\"margin-left:0cm; margin-right:0cm\">Noteikti ir l\u012bdzj\u016bt\u012bba pret ukrai\u0146iem, v\u0113l\u0113\u0161an\u0101s pal\u012bdz\u0113t, k\u0101 ar\u012b tiek nep\u0101rprotami nosod\u012bta Krievijas agresija pret Ukrainu,<\/p>\n<blockquote>\n<p style=\"margin-left:0cm; margin-right:0cm\">ta\u010du jaut\u0101jumi un spriedumi m\u0113dz b\u016bt diezgan asi. Un tas ir piln\u012bgi norm\u0101li<\/p>\n<\/blockquote>\n<p style=\"margin-left:0cm; margin-right:0cm\">\u2013 neatkar\u012bgi no pilson\u012bbas\u00a0cilv\u0113ki ir da\u017e\u0101di, t\u0101pat k\u0101 vi\u0146u r\u012bc\u012bba, p\u0113c kuras par mums sprie\u017e. Tom\u0113r, manupr\u0101t, lab\u0101k\u00a0lai ir dialogs\u00a0nek\u0101 klus\u0113jo\u0161a abpus\u0113ja savstarp\u0113j\u0101 neizpratne.<\/p>\n<p style=\"margin-left:0cm; margin-right:0cm\">L\u016bk, man pajaut\u0101ja (un tas bija piln\u012bb\u0101 gaid\u0101ms), ko es dom\u0101ju par to, ka daudzi v\u012brie\u0161i 18-22 gadu vecum\u0101 izbrauc no Ukrainas p\u0113c tam, kad Ukrainas Ministru kabinets \u0161\u0101 gada augusta beig\u0101s ar savu l\u0113mumu at\u013c\u0101va vi\u0146iem atst\u0101t valsti, un neatgrie\u017eas. Da\u017eos pla\u0161sazi\u0146as l\u012bdzek\u013cos pat tika min\u0113ti skait\u013ci, atsaucoties uz Polijas robe\u017esargiem: vair\u0101k nek\u0101 120 t\u016bksto\u0161i gados <a href=\"https:\/\/tsn.ua\/ukrayina\/skilky-ukrayinskykh-khloptsiv-vikom-18-22-rokiv-vyyikhaly-z-ukrayiny-nardep-nazvav-shokuvalne-chyslo-2967266.html\" target=\"_blank\" rel=\"nofollow noopener\">jaunu ukrai\u0146u<\/a>.\u00a0\u00a0K\u0101d\u0113\u013c lai tas neb\u016btu iemesls spekul\u0101cij\u0101m?<\/p>\n<p style=\"margin-left:0cm; margin-right:0cm\">Tiesa, p\u0113c tam par\u0101d\u012bj\u0101s Polijas robe\u017esardzes skaidrojums, ka &#8220;robe\u017esardze vair\u0101k nek\u0101 98\u00a0500 reizes p\u0101rbaud\u012bjusi Polij\u0101 iebrauco\u0161os v\u012brie\u0161u dzimuma Ukrainas pilso\u0146us 18-22 gadu vecum\u0101&#8221;. Un svar\u012bgs preciz\u0113jums \u2013 iesp\u0113jams, ka viens cilv\u0113ks \u0161\u0137\u0113rsojis robe\u017eu vair\u0101kas reizes. T\u0101d\u0101 pa\u0161\u0101 laika posm\u0101 no Polijas Ukrain\u0101 iebrauku\u0161o gados jauno v\u012brie\u0161u skaits ir <a href=\"https:\/\/www.bbc.com\/ukrainian\/articles\/cwyp1nv81ewo\" target=\"_blank\" rel=\"nofollow noopener\">vair\u0101k nek\u0101 45\u00a0300<\/a>.\u00a0T\u0101tad,<\/p>\n<blockquote>\n<p style=\"margin-left:0cm; margin-right:0cm\">ja ar\u012b gados jaunie v\u012brie\u0161i paliku\u0161i Eirop\u0101, tad apm\u0113ram puse.<\/p>\n<\/blockquote>\n<p style=\"margin-left:0cm; margin-right:0cm\">Ta\u010du jaut\u0101jums ir uzdots, un uz to ir j\u0101atbild. Protams, var teikt daudzus patosa pilnus un &#8220;pareizus&#8221; v\u0101rdus, bet vai tas b\u016bs patiesi\u00a0un\u00a0\u2013 galvenais \u2013 vai man notic\u0113s? Tom\u0113r atbilde, manupr\u0101t, ir.<\/p>\n<p style=\"margin-left:0cm; margin-right:0cm\">Pirms nosod\u012bt (tas it k\u0101 n\u0101k pr\u0101t\u0101 pats no sevis un ir visvienk\u0101r\u0161\u0101kais) \u0161os gados jaunos cilv\u0113kus, varb\u016bt ar\u012b vi\u0146u vec\u0101kus, j\u0101atceras, kas notika gandr\u012bz pirms \u010detriem gadiem, 2022. gada 24. febru\u0101r\u012b. Un jau p\u0113c tam j\u0101atbild uz citiem<\/p>\n<blockquote>\n<p style=\"margin-left:0cm; margin-right:0cm\">jaut\u0101jumiem, kas nez k\u0101d\u0113\u013c p\u0113d\u0113j\u0101 laik\u0101 s\u0101ku\u0161i aizmirsties, \u2013\u00a0kur\u0161 uzbruka Ukrainai, kur\u0161 katru dienu nogalina ukrai\u0146us un at\u0146em n\u0101kotni m\u016bsu b\u0113rniem?<\/p>\n<\/blockquote>\n<p style=\"margin-left:0cm; margin-right:0cm\">K\u0101d\u0113\u013c, par sp\u012bti visam v\u0113r\u0101 \u0146emamajam rietumvalstu atbalstam, agresors joproj\u0101m nav aptur\u0113ts un nav sa\u0146\u0113mis nek\u0101du sodu?<\/p>\n<p style=\"margin-left:0cm; margin-right:0cm\">J\u0101teic, ka semin\u0101ra klaus\u012bt\u0101ji \u2013 da\u017e\u0101da vecuma v\u012brie\u0161i un sievietes (un, sprie\u017eot p\u0113c vi\u0146u koment\u0101riem, daudzi no vi\u0146iem pa\u0161i ir vec\u0101ki) \u2013\u00a0ar sapratni iztur\u0113j\u0101s pret \u0161\u0101du m\u016bsu diskusijas att\u012bst\u012bbu.<\/p>\n<p style=\"margin-left:0cm; margin-right:0cm\">Kar\u0161 turpin\u0101s, un<\/p>\n<blockquote>\n<p style=\"margin-left:0cm; margin-right:0cm\">ukrai\u0146u skaits, kas ierodas Eiropas Savien\u012bbas (ES) valst\u012bs, mekl\u0113jot pagaidu aizsardz\u012bbu, atkal palielin\u0101s ar katru m\u0113nesi<\/p>\n<\/blockquote>\n<p style=\"margin-left:0cm; margin-right:0cm\">\u2013 p\u0113c &#8220;Eurostat&#8221; datiem, septembr\u012b aizsardz\u012bbu sa\u0146\u0113ma v\u0113l apm\u0113ram<a href=\"https:\/\/ec.europa.eu\/eurostat\/web\/products-eurostat-news\/w\/ddn-20251110-2\" target=\"_blank\" rel=\"nofollow noopener\"> 80 t\u016bksto\u0161i cilv\u0113ku<\/a>. Tas ir gandr\u012bz pusotru reizi vair\u0101k nek\u0101 august\u0101\u00a0un ir visliel\u0101kais jaunu l\u0113mumu skaits vien\u0101 m\u0113nes\u012b kop\u0161 2023. gada augusta. Vair\u0101kums dodas uz V\u0101ciju, Poliju un \u010cehiju.<\/p>\n<p style=\"margin-left:0cm; margin-right:0cm\">Ar\u012b Latvij\u0101 past\u0101v\u012bgi ierodas jauni b\u0113g\u013ci no Ukrainas \u2013 500-600 m\u0113nes\u012b. Paliek ne visi, k\u0101ds p\u0113c tam tranz\u012bt\u0101 dodas t\u0101l\u0101k uz cit\u0101m ES valst\u012bm. 1. novembr\u012b Latvijas fizisko personu re\u0123istr\u0101 bija vair\u0101k nek\u0101 31 t\u016bkstotis cilv\u0113ku, kam bija sp\u0113k\u0101 eso\u0161s pagaidu aizsardz\u012bbas statuss.<\/p>\n<p style=\"margin-left:0cm; margin-right:0cm\">Starp vi\u0146iem ir ar\u012b jaunie\u0161i, un to zinu no praktisk\u0101s pieredzes. M\u016bsu nevalstisk\u0101 organiz\u0101cija &#8220;<a href=\"https:\/\/www.facebook.com\/people\/Eiropa-b%C5%ABt-kop%C4%81\/61560469674394\/\" target=\"_blank\" rel=\"nofollow noopener\">Eiropa: b\u016bt kop\u0101<\/a>&#8221; \u012bsteno Sabiedr\u012bbas integr\u0101cijas fonda finans\u0113tu projektu\u00a0&#8220;Kop\u012bgs horizonts&#8221; ukrai\u0146u b\u0113g\u013cu kult\u016brorient\u0101cijai. Da\u013ca pas\u0101kumu velt\u012bta b\u0113g\u013cu socializ\u0101cijai Latvijas sabiedr\u012bb\u0101 un praktiskiem padomiem dz\u012bvei \u0161eit. Tie\u0161i uz \u0161iem pas\u0101kumiem m\u0113r\u0137tiec\u012bgi ierodas ukrai\u0146u jaunie\u0161i.<\/p>\n<p style=\"margin-left:0cm; margin-right:0cm\">Inform\u0101cijas zi\u0146\u0101 \u2013 kur v\u0113rsties, kam j\u0101b\u016bt gataviem, kur mekl\u0113t darbu \u2013<\/p>\n<blockquote>\n<p style=\"margin-left:0cm; margin-right:0cm\">vi\u0146i ir sagatavoti daudz lab\u0101k nek\u0101 2022. gada marta s\u0101kuma b\u0113g\u013ci.<\/p>\n<\/blockquote>\n<p style=\"margin-left:0cm; margin-right:0cm\">Iemesls ir saprotams \u2013 taj\u0101s dien\u0101s bija \u0161oks, panika, bija neiesp\u0113jami notic\u0113t, ka kar\u0161 ir \u012bsts. Un bija cer\u012bba, ka neiedom\u0101jamais dr\u012bz beigsies. Tagad atbrauku\u0161ie 18-20 gadus vecie jaunie\u0161i ir pavisam cit\u0101di \u2013 tie nepavisam nav bezr\u016bp\u012bgie pirmskara pui\u0161i un meitenes. Visu likte\u0146os ir smagi mor\u0101li un fiziski p\u0101rbaud\u012bjumi gandr\u012bz \u010detru gadu garum\u0101.<\/p>\n<p style=\"margin-left:0cm; margin-right:0cm\">Piem\u0113ram, Oleksandrs no Harkivas. Bija atn\u0101cis uz semin\u0101ru par iek\u0101rto\u0161anos darb\u0101, pat v\u0113l nepasp\u0113jis sa\u0146emt pagaidu aizsardz\u012bbas dokumentus: &#8220;Esmu beidzis tehnikumu, p\u0113c profesijas esmu elektri\u0137is. P\u0101rc\u0113los uz \u0161ejieni pirms div\u0101m ned\u0113\u013c\u0101m, pie m\u0101tes, un gribu atrast darbu. Mani interes\u0113, uz ko es varu pretend\u0113t un k\u0101das ir perspekt\u012bvas man\u0101 profesij\u0101.&#8221; Lektore vi\u0146am paskaidroja, k\u0101das ir nianses, lai iek\u0101rtotos darb\u0101 Latvij\u0101.<\/p>\n<blockquote>\n<p style=\"margin-left:0cm; margin-right:0cm\">Nevaru teikt, ka dzird\u0113tais Oleksandru iedvesmoja, bet ar\u012b \u012bpa\u0161i satraukts vi\u0146\u0161 nebija. Il\u016bzijas vi\u0146\u0161 nelolo.<\/p>\n<\/blockquote>\n<p style=\"margin-left:0cm; margin-right:0cm\">Vai ar\u012b Andrijs no Hersonas. Tur p\u0101rdz\u012bvojis okup\u0101ciju, atbraucis pie m\u0101sas, kas ar v\u012bru dz\u012bvo R\u012bg\u0101 vair\u0101k nek\u0101 divus gadus. Ar\u012b gaida pagaidu aizsardz\u012bbas dokumentus, un vi\u0146am ir tehniskaj\u0101 koled\u017e\u0101 ieg\u016bta meh\u0101ni\u0137a profesija. Vi\u0146\u0161 st\u0101sta: &#8220;M\u0101sa \u013coti pal\u012bdz\u0113ja, iedeva adreses ukrai\u0146u grup\u0101m soci\u0101lajos t\u012bklos. Es jau iepriek\u0161 t\u0101m pievienojos un uzman\u012bgi izp\u0113t\u012bju, kur\u0161 ko raksta. Vi\u0146a daudz st\u0101st\u012bjusi par dz\u012bvi Latvij\u0101 un \u012bpa\u0161i par darbu \u2013 samaksu, iesp\u0113j\u0101m, riskiem.&#8221; Par saviem pl\u0101niem vi\u0146\u0161 run\u0101t nev\u0113las, ta\u010du grib\u0113tu str\u0101d\u0101t specialit\u0101t\u0113.<\/p>\n<p style=\"margin-left:0cm; margin-right:0cm\">Kad semin\u0101rs beidz\u0101s, s\u0101ku sarunu ar paz\u012bstamu kijivieti Olenu. Bie\u017ei tiekamies da\u017e\u0101dos pas\u0101kumos ukrai\u0146iem. Zinu, ka vi\u0146a str\u0101d\u0101 att\u0101lin\u0101ti. Saku \u2013 l\u016bk, atbrauc jaunie\u0161i\u00a0un jau ir k\u0101 pieaugu\u0161ie. Vi\u0146a man atbild: &#8220;Es ar\u012b savu d\u0113lu pie sevis pa\u0146\u0113mu, m\u016bsu t\u0113tis ir tur, dien\u0113 Ukrainas Bru\u0146otajos sp\u0113kos. Vi\u0146\u0161 negrib\u0113ja aizbraukt, es uzst\u0101ju.<\/p>\n<blockquote>\n<p style=\"margin-left:0cm; margin-right:0cm\">K\u0101dam ta\u010du pie manis j\u0101paliek\u2026&#8221;<\/p>\n<\/blockquote>\n<p style=\"margin-left:0cm; margin-right:0cm\">Tad nu v\u0113rt\u0113jiet, ja sp\u0113siet.<\/p>\n","protected":false},"excerpt":{"rendered":"Pla\u0161sazi\u0146as l\u012bdzek\u013cos min\u0113ti dati par to gados jauno ukrai\u0146u skaitu, kas dev\u0101s &#8220;uz Eiropu&#8221; p\u0113c tam, kad vi\u0146iem&hellip;\n","protected":false},"author":2,"featured_media":67101,"comment_status":"","ping_status":"","sticky":false,"template":"","format":"standard","meta":{"footnotes":""},"categories":[12],"tags":[23,28,29,32,33,22,30,31,35,39,38,36,37,34,40,20,26,27,24,25,21],"class_list":{"0":"post-67100","1":"post","2":"type-post","3":"status-publish","4":"format-standard","5":"has-post-thumbnail","7":"category-latvija","8":"tag-aktualitates","9":"tag-breaking-news","10":"tag-breakingnews","11":"tag-featured-news","12":"tag-featurednews","13":"tag-headlines","14":"tag-latest-news","15":"tag-latestnews","16":"tag-latvia","17":"tag-latvian","18":"tag-latviesu","19":"tag-latviesu-valoda","20":"tag-latviesuvaloda","21":"tag-latvija","22":"tag-lv","23":"tag-news","24":"tag-popularakas-zinas","25":"tag-popularakaszinas","26":"tag-top-stories","27":"tag-topstories","28":"tag-zinas"},"share_on_mastodon":{"url":"https:\/\/pubeurope.com\/@lv\/115672484778739031","error":""},"_links":{"self":[{"href":"https:\/\/www.europesays.com\/lv\/wp-json\/wp\/v2\/posts\/67100","targetHints":{"allow":["GET"]}}],"collection":[{"href":"https:\/\/www.europesays.com\/lv\/wp-json\/wp\/v2\/posts"}],"about":[{"href":"https:\/\/www.europesays.com\/lv\/wp-json\/wp\/v2\/types\/post"}],"author":[{"embeddable":true,"href":"https:\/\/www.europesays.com\/lv\/wp-json\/wp\/v2\/users\/2"}],"replies":[{"embeddable":true,"href":"https:\/\/www.europesays.com\/lv\/wp-json\/wp\/v2\/comments?post=67100"}],"version-history":[{"count":0,"href":"https:\/\/www.europesays.com\/lv\/wp-json\/wp\/v2\/posts\/67100\/revisions"}],"wp:featuredmedia":[{"embeddable":true,"href":"https:\/\/www.europesays.com\/lv\/wp-json\/wp\/v2\/media\/67101"}],"wp:attachment":[{"href":"https:\/\/www.europesays.com\/lv\/wp-json\/wp\/v2\/media?parent=67100"}],"wp:term":[{"taxonomy":"category","embeddable":true,"href":"https:\/\/www.europesays.com\/lv\/wp-json\/wp\/v2\/categories?post=67100"},{"taxonomy":"post_tag","embeddable":true,"href":"https:\/\/www.europesays.com\/lv\/wp-json\/wp\/v2\/tags?post=67100"}],"curies":[{"name":"wp","href":"https:\/\/api.w.org\/{rel}","templated":true}]}}