{"id":67122,"date":"2025-12-06T12:33:11","date_gmt":"2025-12-06T12:33:11","guid":{"rendered":"https:\/\/www.europesays.com\/lv\/67122\/"},"modified":"2025-12-06T12:33:11","modified_gmt":"2025-12-06T12:33:11","slug":"svinam-es-pamattiesibu-hartas-25-gadadienu","status":"publish","type":"post","link":"https:\/\/www.europesays.com\/lv\/67122\/","title":{"rendered":"Svinam ES Pamatties\u012bbu hartas 25. gadadienu"},"content":{"rendered":"<p>Eiropas Savien\u012bbas Pamatties\u012bbu harta ir visas ES taisn\u012bguma un tiesiskuma kodols, un \u0161aj\u0101 ned\u0113\u013cas nogal\u0113 m\u0113s atz\u012bm\u0113jam t\u0101s 25. gadadienu. Harta ir kas vair\u0101k nek\u0101 tikai dokuments. Tas ir sol\u012bjums. Sol\u012bjums atbalst\u012bt t\u0101das pamatv\u0113rt\u012bbas k\u0101 cie\u0146a, br\u012bv\u012bba, demokr\u0101tija, vienl\u012bdz\u012bba, tiesiskums un ikvienas personas cilv\u0113kties\u012bbu iev\u0113ro\u0161ana Eiropas Savien\u012bb\u0101.<\/p>\n<p>\u0160\u012b gadadiena mums atg\u0101dina par hartas noz\u012bmi, un vienlaikus tas ir aicin\u0101jums pan\u0101kt, ka pamatties\u012bbas ar\u012b turpm\u0101k ir da\u013ca m\u016bsu ikdienas.<\/p>\n<p>25 gadus ilg\u0101s karjeras laik\u0101 publiskaj\u0101 p\u0101rvald\u0113 \u2013 no pirmaj\u0101m v\u0113l\u0113\u0161an\u0101m pils\u0113tas dom\u0113 un darba valsts iest\u0101d\u0113 l\u012bdz pat darbam Eiropas l\u012bmen\u012b \u2013 demokr\u0101tija mani ir pavad\u012bjusi ik uz so\u013ca. Demokr\u0101tija un hart\u0101 nostiprin\u0101t\u0101s pamatties\u012bbas ir cie\u0161i saist\u012btas: demokr\u0101tij\u0101 m\u016bsu v\u0113rt\u012bbas var uzplaukt, savuk\u0101rt harta t\u0101s iedz\u012bvina, \u013caujot \u0161\u012bm v\u0113rt\u012bb\u0101m p\u0101rtapt par patiesu br\u012bv\u012bbu, ko varam baud\u012bt katru dienu. Aizsarg\u0101jot v\u0101rda un inform\u0101cijas br\u012bv\u012bbu, pilso\u0146u ties\u012bbas un vienl\u012bdz\u012bbu, harta rada pozit\u012bvu dinamiku, kur demokr\u0101tiska p\u0101rvald\u012bba un pamatties\u012bbas nep\u0101rtraukti stiprina viena otru.<\/p>\n<p>Dinamiska un atv\u0113rta pilsonisk\u0101 telpa ir demokr\u0101tijas pamats. Tas it \u012bpa\u0161i attiecas uz hartas piem\u0113ro\u0161anu: pilsonisk\u0101s sabiedr\u012bbas organiz\u0101cijas un cilv\u0113kties\u012bbu aizst\u0101vji ir svar\u012bgi partneri \u0161o pamatties\u012bbu aizsardz\u012bb\u0101. Lai atbalst\u012btu \u0161o partneru b\u016btisko darbu, mums ir j\u0101rada platforma dialogam, l\u012bdzdal\u012bbai un sadarb\u012bbai. Tom\u0113r vis\u0101 Eirop\u0101 \u0161aj\u0101s jom\u0101s n\u0101kas izjust spiedienu, ko rada samazin\u0101ts finans\u0113jums, politiska iejauk\u0161an\u0101s vai pat iebied\u0113\u0161ana. Harta mums atg\u0101dina, ka pilsonisk\u0101s sabiedr\u012bbas aizsardz\u012bba nav izv\u0113les jaut\u0101jums; tai ir b\u016btiska noz\u012bme, lai nodro\u0161in\u0101tu t\u0101s principu iedz\u012bvin\u0101\u0161anu praks\u0113. ES ar\u012b turpm\u0101k nelok\u0101mi aizst\u0101v\u0113s atv\u0113rtu pilsonisko telpu un \u0161im nol\u016bkam izmantos visus sav\u0101 r\u012bc\u012bb\u0101 eso\u0161os instrumentus \u2013 no politikas iniciat\u012bv\u0101m l\u012bdz m\u0113r\u0137tiec\u012bgam finans\u0113jumam \u2013, t\u0101d\u0113j\u0101di stiprinot demokr\u0101tiju un cilv\u0113kties\u012bbas vis\u0101 Eirop\u0101. Tikai nesen n\u0101c\u0101m klaj\u0101 ar pirmo ES pilsonisk\u0101s sabiedr\u012bbas strat\u0113\u0123iju, kuras m\u0113r\u0137is ir p\u0101rv\u0113rst \u0161os centienus realit\u0101t\u0113.<\/p>\n<p>Atbalsts pilsoniskajai sabiedr\u012bbai cie\u0161i sasaucas ar iedz\u012bvot\u0101jiem pieejamo iesp\u0113ju papla\u0161in\u0101\u0161anu. Hartas sp\u0113ks sl\u0113pjas t\u0101s sp\u0113j\u0101 aizsarg\u0101t ikvienu ES iedz\u012bvot\u0101ju un dot tam iesp\u0113jas, ta\u010du t\u0101s potenci\u0101ls tiek realiz\u0113ts tikai tad, ja cilv\u0113ki zina, k\u0101das ir vi\u0146u ties\u012bbas un k\u0101 t\u0101s izmantot. Ir iedvesmojo\u0161i redz\u0113t, ka jaun\u0101k\u0101, \u0161oned\u0113\u013c public\u0113t\u0101, Eirobarometra speci\u0101laptauja par hartu iez\u012bm\u0113 past\u0101v\u012bgu inform\u0113t\u012bbas pieaugumu: 49 % respondentu ir dzird\u0113ju\u0161i par hartu; tas ir par 6 procentpunktiem vair\u0101k nek\u0101 2019. gad\u0101 un par 10 procentpunktiem vair\u0101k nek\u0101 2012. gad\u0101. Inform\u0113t\u012bba nav pa\u0161m\u0113r\u0137is; izpratne par ties\u012bb\u0101m ir b\u016btiska, lai iedz\u012bvot\u0101ji var\u0113tu t\u0101s efekt\u012bvi izmantot un v\u0113rsties p\u0113c tiesisk\u0101s aizsardz\u012bbas, ja t\u0101s tiek p\u0101rk\u0101ptas.<\/p>\n<p>P\u0113d\u0113jo 25 gadu laik\u0101 ES ir b\u016btiski stiprin\u0101jusi pamatties\u012bbu aizsardz\u012bbu. 2009. gad\u0101 l\u012bdz ar Lisabonas l\u012bguma parakst\u012b\u0161anu harta k\u013cuva par juridiski saisto\u0161u dokumentu. Lai gan hartas saturs nav ticis groz\u012bts, taj\u0101 ietverto ties\u012bbu interpret\u0101cija un piem\u0113ro\u0161ana ir att\u012bst\u012bjusies, \u013caujot tai saglab\u0101t noz\u012bm\u012bgumu strauji main\u012bgaj\u0101 pasaul\u0113. Piem\u0113ram, personas datu aizsardz\u012bba ir b\u016btiskas pamatties\u012bbas, kas nostiprin\u0101tas hart\u0101 un kas nodro\u0161ina, ka cilv\u0113ki digit\u0101laj\u0101 laikmet\u0101 saglab\u0101 autonomiju, cie\u0146u un priv\u0101tumu. \u0160o principu nostiprina noz\u012bm\u012bg\u0101 Visp\u0101r\u012bg\u0101 datu aizsardz\u012bbas regula, kas nosaka augstus datu aizsardz\u012bbas standartus vis\u0101 ES.<\/p>\n<p>Harta nav abstrakts dokuments, tai ir j\u016btama ietekme m\u016bsu ikdien\u0101. Apl\u016bkojot k\u0101du interneta lapu, varat noraid\u012bt s\u012bkdatnes \u2013 t\u0101s ir j\u016bsu ir ties\u012bbas uz priv\u0101tumu un datu aizsardz\u012bbu. Harta ar\u012b aizsarg\u0101 pret diskrimin\u0101ciju. Ties\u012bbas uz labu p\u0101rvald\u012bbu nodro\u0161ina, ka ES iest\u0101des r\u012bkojas taisn\u012bgi, lietas izskata nekav\u0113joties un savus l\u0113mumus pamato. Ar\u012b b\u0113rniem tiek nodro\u0161in\u0101ta aizsardz\u012bba, tostarp paredzot, ka b\u0113rnam ir ties\u012bbas uz izgl\u012bt\u012bbu, tiek aizsarg\u0101tas vi\u0146a intereses un atbilsto\u0161i b\u0113rna vecumam un briedumam vi\u0146a viedoklis tiek \u0146emts v\u0113r\u0101 jaut\u0101jumos, kas skar vi\u0146a intereses.<\/p>\n<p>25 gadus harta ir aizsarg\u0101jusi m\u016bsu ties\u012bbas un kalpojusi par ce\u013cvedi, likumdev\u0113jiem un iest\u0101d\u0113m, kas \u012bsteno ES ties\u012bbu aktus, pal\u012bdzot iev\u0113rot pamatbr\u012bv\u012bbas. \u0160odien, atz\u012bm\u0113jot \u0161o noz\u012bm\u012bgo notikumu, atk\u0101rtoti apstiprinu savu ap\u0146em\u0161anos iev\u0113rot hart\u0101 noteikt\u0101s v\u0113rt\u012bbas.<\/p>\n<p>V\u0113l ir daudz dar\u0101m\u0101, un esmu ap\u0146\u0113mies pan\u0101kt, lai n\u0101kamajos 25 gados \u2013 un ar\u012b p\u0113c tam \u2013 hartas ties\u012bbas tiktu piln\u012bb\u0101 iev\u0113rotas, aizsarg\u0101tas un iedz\u012bvin\u0101tas ikviena Eiropas Savien\u012bbas iedz\u012bvot\u0101ja ikdien\u0101.<\/p>\n<p class=\"m-0\">Seko &#8220;Delfi&#8221; ar\u012b  <a target=\"_blank\" href=\"https:\/\/www.instagram.com\/delfi.lv\/\" rel=\"nofollow noopener\">Instagram<\/a>  un <a target=\"_blank\" href=\"https:\/\/www.youtube.com\/channel\/UCw5foWtcJvAbUm64rv7jwUQ\" rel=\"nofollow noopener\">YouTube<\/a>  profil\u0101 \u2013 pievienojies, lai uzzin\u0101tu svar\u012bg\u0101ko un interesant\u0101ko pirmais!<\/p>\n<p>Publik\u0101cijas saturs vai t\u0101s jebk\u0101da apjoma da\u013ca ir aizsarg\u0101ts autorties\u012bbu objekts Autorties\u012bbu likuma izpratn\u0113, un t\u0101 izmanto\u0161ana bez izdev\u0113ja at\u013caujas ir aizliegta. Vair\u0101k lasi  <a target=\"_blank\" href=\"https:\/\/www.delfi.lv\/noteikumi#autortiesibas\" rel=\"nofollow noopener\">\u0161eit<\/a><script async src=\"\/\/www.instagram.com\/embed.js\"><\/script><\/p>\n","protected":false},"excerpt":{"rendered":"Eiropas Savien\u012bbas Pamatties\u012bbu harta ir visas ES taisn\u012bguma un tiesiskuma kodols, un \u0161aj\u0101 ned\u0113\u013cas nogal\u0113 m\u0113s atz\u012bm\u0113jam t\u0101s&hellip;\n","protected":false},"author":2,"featured_media":67123,"comment_status":"","ping_status":"","sticky":false,"template":"","format":"standard","meta":{"footnotes":""},"categories":[14],"tags":[23,57,28,29,7221,32,33,22,30,31,35,39,38,36,37,34,40,20,26,27,24,25,54,55,56,21,58],"class_list":{"0":"post-67122","1":"post","2":"type-post","3":"status-publish","4":"format-standard","5":"has-post-thumbnail","7":"category-zinas-no-arvalstim","8":"tag-aktualitates","9":"tag-arvalstim","10":"tag-breaking-news","11":"tag-breakingnews","12":"tag-eiropas-zinas","13":"tag-featured-news","14":"tag-featurednews","15":"tag-headlines","16":"tag-latest-news","17":"tag-latestnews","18":"tag-latvia","19":"tag-latvian","20":"tag-latviesu","21":"tag-latviesu-valoda","22":"tag-latviesuvaloda","23":"tag-latvija","24":"tag-lv","25":"tag-news","26":"tag-popularakas-zinas","27":"tag-popularakaszinas","28":"tag-top-stories","29":"tag-topstories","30":"tag-world","31":"tag-world-news","32":"tag-worldnews","33":"tag-zinas","34":"tag-zinas-no-arvalstim"},"share_on_mastodon":{"url":"https:\/\/pubeurope.com\/@lv\/115672645822946955","error":""},"_links":{"self":[{"href":"https:\/\/www.europesays.com\/lv\/wp-json\/wp\/v2\/posts\/67122","targetHints":{"allow":["GET"]}}],"collection":[{"href":"https:\/\/www.europesays.com\/lv\/wp-json\/wp\/v2\/posts"}],"about":[{"href":"https:\/\/www.europesays.com\/lv\/wp-json\/wp\/v2\/types\/post"}],"author":[{"embeddable":true,"href":"https:\/\/www.europesays.com\/lv\/wp-json\/wp\/v2\/users\/2"}],"replies":[{"embeddable":true,"href":"https:\/\/www.europesays.com\/lv\/wp-json\/wp\/v2\/comments?post=67122"}],"version-history":[{"count":0,"href":"https:\/\/www.europesays.com\/lv\/wp-json\/wp\/v2\/posts\/67122\/revisions"}],"wp:featuredmedia":[{"embeddable":true,"href":"https:\/\/www.europesays.com\/lv\/wp-json\/wp\/v2\/media\/67123"}],"wp:attachment":[{"href":"https:\/\/www.europesays.com\/lv\/wp-json\/wp\/v2\/media?parent=67122"}],"wp:term":[{"taxonomy":"category","embeddable":true,"href":"https:\/\/www.europesays.com\/lv\/wp-json\/wp\/v2\/categories?post=67122"},{"taxonomy":"post_tag","embeddable":true,"href":"https:\/\/www.europesays.com\/lv\/wp-json\/wp\/v2\/tags?post=67122"}],"curies":[{"name":"wp","href":"https:\/\/api.w.org\/{rel}","templated":true}]}}