{"id":67126,"date":"2025-12-06T12:39:11","date_gmt":"2025-12-06T12:39:11","guid":{"rendered":"https:\/\/www.europesays.com\/lv\/67126\/"},"modified":"2025-12-06T12:39:11","modified_gmt":"2025-12-06T12:39:11","slug":"platformai-x-piespriests-miljoniem-eiro-liels-sods-tvnet","status":"publish","type":"post","link":"https:\/\/www.europesays.com\/lv\/67126\/","title":{"rendered":"Platformai &quot;X&quot; piespriests miljoniem eiro liels sods &#8211; TVNET"},"content":{"rendered":"<ol>\n<li><a href=\"https:\/\/news.google.com\/rss\/articles\/CBMihgFBVV95cUxOdzdMUFlCcm5ac2poWEhJQ0ZHMDg2b2Z2bW9PdUdXS3M2N3RsUU5mZ1Z4UWR2T2ZRX2FxRlkzQ09NQUNZZC1RMWdrZ2dQaFRlVTRwWFgtdWI0Y1NyVHVOZ0dqNmdOdTZscV9ZSVQ5QVoteGI3ZlBXc1VUWnJuSkx6RG9NTVVZQQ?oc=5\" target=\"_blank\" rel=\"nofollow noopener\">Platformai &#8220;X&#8221; piespriests miljoniem eiro liels sods<\/a>&nbsp;&nbsp;TVNET<\/li>\n<li><a href=\"https:\/\/news.google.com\/rss\/articles\/CBMi5AFBVV95cUxQbFVCN1ZfRTNXNG5kOHN2T1hqRGVHM0NvYnNGNFluVXYwTWVSZjVubmZtVWlMWF83bzF5MW5fMmUzckFmLWdIZ2JXYmM3ejFITElMWmpkR1lEX1Y5UDllZFR3RlFoZzZhd0paLUxGNkhsaWtoOEgwc29CY0V1TlhxMHNzTDk0YmJtYWhlendTU0tOQUI0eElOSHA4TGY2X2VYdlNpTGd2N2FhNkpIZ290SU51b0JNZXV0aUhNNFo1d0VUSEhFMEZQdGdwMC1IQ2hubzJWV2hqZmZ2YV9RUm00ZHBlMlg?oc=5\" target=\"_blank\" rel=\"nofollow noopener\">EK platformai \u201cX\u201d piem\u0113ro 120 miljonu eiro naudas sodu par Digit\u0101lo pakalpojumu akta pras\u012bbu neiev\u0113ro\u0161anu<\/a>&nbsp;&nbsp;LV port\u0101ls<\/li>\n<li><a href=\"https:\/\/news.google.com\/rss\/articles\/CBMiqwFBVV95cUxON3VEcEg4eVZZLVptRWVNRVM2d0lCQmJ0bUQ0eS1odExYcEZkWlB6QjlrQzFuMkJFTnl6UWIxemhDdjZXWFVJLVU4SU5zclU4SkM0Rkl4M3ZiWGZkaGRIR3hDV1g1NHc1X0NCUmdaT3pxNjhSdF9wTi1FRmVFRlhfZjhYNEFUUUZ2Z3J2NTZwbTJheU5GNkU3b0k4UW5rbk9ydThoOG01NkRxZms?oc=5\" target=\"_blank\" rel=\"nofollow noopener\">Eiropas Komisija pie\u0161\u0137ir &#8220;X&#8221; 120 miljonu eiro sodu par p\u0101rk\u0101pumiem<\/a>&nbsp;&nbsp;Lente.lv<\/li>\n<li><a href=\"https:\/\/news.google.com\/rss\/articles\/CBMi5AFBVV95cUxNeFNxSUxZUk5MYVFaUzk3SlFxbHVLTnBjUUlWQzJET1BQenB5SnlUdDRhM1M4Q1lDUVFSYWRUUnVhNUttaWUxUWR2TFd2TG5oV3lvVUJvZnhTMjA1MWE2bHlVT2RXUWFJVm5lNy1EV3BGTkdsU1pabjV6RHhMS0cyZjNpLVhWb3ZKVjh6d204N3BSN19rUUlGY01GM2tacHJDMC1VSjhtYkVFMl8wSlJwQU85YXZYaEVKd19lZTh1Y3R2bHd6YU1ESE11WG1OamRFSFg5ZDh6LVVmNkp1WUR2REpIb0E?oc=5\" target=\"_blank\" rel=\"nofollow noopener\">Eiropas Komisija soci\u0101lajam t\u012bklam &#8220;X&#8221; piem\u0113ro 120 miljonu eiro sodu par Digit\u0101l\u0101 pakalpojumu akta p\u0101rk\u0101pumiem<\/a>&nbsp;&nbsp;Lente.lv<\/li>\n<li><a href=\"https:\/\/news.google.com\/rss\/articles\/CBMirgFBVV95cUxNeVhKalhPOXU4ZHRLRG9tdHhnbGFKU0lQeHFfSE53Q3pwdlM2cTJZUG1ocm5Jdk9mdWg0UmFpX0QtUDdnY21IYkFUSnlaeGw0UllFcEZpWkJfYkxKRnlsZy1lVlMtTUR5RWNZbWU4OEpVbFd5ei1qZUJXRUIwZjdha012WWhtX1p3SGc5aDFqMXBhZE5jT0xLMmlfbkFBc25NRklsaHBmRlE1WEJydHc?oc=5\" target=\"_blank\" rel=\"nofollow noopener\">Eiropas Komisija uzliek \u00abX\u00bb 120 miljonu eiro sodu par DSA p\u0101rk\u0101pumiem<\/a>&nbsp;&nbsp;Lente.lv<\/li>\n<\/ol>\n","protected":false},"excerpt":{"rendered":"Platformai &#8220;X&#8221; piespriests miljoniem eiro liels sods&nbsp;&nbsp;TVNET EK platformai \u201cX\u201d piem\u0113ro 120 miljonu eiro naudas sodu par Digit\u0101lo&hellip;\n","protected":false},"author":2,"featured_media":67127,"comment_status":"","ping_status":"","sticky":false,"template":"","format":"standard","meta":{"footnotes":""},"categories":[14],"tags":[23,57,28,29,512,32,33,22,30,31,35,39,38,36,37,34,40,20,26,27,24,25,54,55,56,21,58],"class_list":{"0":"post-67126","1":"post","2":"type-post","3":"status-publish","4":"format-standard","5":"has-post-thumbnail","7":"category-zinas-no-arvalstim","8":"tag-aktualitates","9":"tag-arvalstim","10":"tag-breaking-news","11":"tag-breakingnews","12":"tag-eiropas-komisija","13":"tag-featured-news","14":"tag-featurednews","15":"tag-headlines","16":"tag-latest-news","17":"tag-latestnews","18":"tag-latvia","19":"tag-latvian","20":"tag-latviesu","21":"tag-latviesu-valoda","22":"tag-latviesuvaloda","23":"tag-latvija","24":"tag-lv","25":"tag-news","26":"tag-popularakas-zinas","27":"tag-popularakaszinas","28":"tag-top-stories","29":"tag-topstories","30":"tag-world","31":"tag-world-news","32":"tag-worldnews","33":"tag-zinas","34":"tag-zinas-no-arvalstim"},"share_on_mastodon":{"url":"https:\/\/pubeurope.com\/@lv\/115672669432930451","error":""},"_links":{"self":[{"href":"https:\/\/www.europesays.com\/lv\/wp-json\/wp\/v2\/posts\/67126","targetHints":{"allow":["GET"]}}],"collection":[{"href":"https:\/\/www.europesays.com\/lv\/wp-json\/wp\/v2\/posts"}],"about":[{"href":"https:\/\/www.europesays.com\/lv\/wp-json\/wp\/v2\/types\/post"}],"author":[{"embeddable":true,"href":"https:\/\/www.europesays.com\/lv\/wp-json\/wp\/v2\/users\/2"}],"replies":[{"embeddable":true,"href":"https:\/\/www.europesays.com\/lv\/wp-json\/wp\/v2\/comments?post=67126"}],"version-history":[{"count":0,"href":"https:\/\/www.europesays.com\/lv\/wp-json\/wp\/v2\/posts\/67126\/revisions"}],"wp:featuredmedia":[{"embeddable":true,"href":"https:\/\/www.europesays.com\/lv\/wp-json\/wp\/v2\/media\/67127"}],"wp:attachment":[{"href":"https:\/\/www.europesays.com\/lv\/wp-json\/wp\/v2\/media?parent=67126"}],"wp:term":[{"taxonomy":"category","embeddable":true,"href":"https:\/\/www.europesays.com\/lv\/wp-json\/wp\/v2\/categories?post=67126"},{"taxonomy":"post_tag","embeddable":true,"href":"https:\/\/www.europesays.com\/lv\/wp-json\/wp\/v2\/tags?post=67126"}],"curies":[{"name":"wp","href":"https:\/\/api.w.org\/{rel}","templated":true}]}}