{"id":67135,"date":"2025-12-06T12:59:15","date_gmt":"2025-12-06T12:59:15","guid":{"rendered":"https:\/\/www.europesays.com\/lv\/67135\/"},"modified":"2025-12-06T12:59:15","modified_gmt":"2025-12-06T12:59:15","slug":"no-majoru-lidz-kauguriem-iedegti-ziemassvetku-dekori-lente-lv","status":"publish","type":"post","link":"https:\/\/www.europesays.com\/lv\/67135\/","title":{"rendered":"no Majoru l\u012bdz Kauguriem iedegti Ziemassv\u0113tku dekori\u00a0\u2014\u00a0Lente.lv"},"content":{"rendered":"<p>J\u016brmala iemirdzas Ziemassv\u0113tku noska\u0146\u0101s: no Majoru l\u012bdz Kauguriem valda sv\u0113tku burv\u012bba<\/p>\n<p>J\u016brmala ir p\u0101rv\u0113rtusies par \u012bstu ziemas pasaku, kur\u0101 sv\u0113tku gaismas un rot\u0101jumi priec\u0113 gan pils\u0113tas iedz\u012bvot\u0101jus, gan viesus. Pils\u0113ta ir greznojusies kr\u0101\u0161\u0146os Ziemassv\u0113tku t\u0113rpos, radot neaizmirstamu sv\u0113tku atmosf\u0113ru, kas sniedzas no k\u0101dreiz klusajiem Majoru kvart\u0101liem l\u012bdz pat dz\u012bv\u012bgajiem Kauguriem.<\/p>\n<p>Galven\u0101 pils\u0113tas egle un kopienas dal\u012bba<\/p>\n<p>K\u0101 ik gadu, ar\u012b \u0161ogad Jomas iel\u0101 ir iedegta centr\u0101l\u0101 J\u016brmalas Ziemassv\u0113tku egle, kas k\u013cuvusi par pils\u0113tas sv\u0113tku sirds simbolu. T\u0101s mirdzums aicina pulc\u0113ties un baud\u012bt sv\u0113tku prieku. Ta\u010du \u0161ogad \u012bpa\u0161i uzteicama ir visas pils\u0113tas kopienas iesaiste \u2013 kopum\u0101 131 egl\u012bte, ko izrot\u0101ju\u0161i pa\u0161i j\u016brmalnieki, rot\u0101 g\u0101j\u0113ju ielas garum\u0101, pie\u0161\u0137irot katrai vietai savu unik\u0101lo, person\u012bgo piesk\u0101rienu. \u0160is kop\u012bgais darbs ne tikai padara pils\u0113tu vizu\u0101li pievilc\u012bg\u0101ku, bet ar\u012b stiprina kopienas saikni un sv\u0113tku saj\u016btu.<\/p>\n<p>Sv\u0113tku egles un dekor\u0101cijas vis\u0101 pils\u0113t\u0101<\/p>\n<p>Ziemassv\u0113tku prieks neaprobe\u017eojas tikai ar Jomas ielu. Sv\u0113tku egles ir uzslietas un rot\u0101 ar\u012b citas J\u016brmalas pils\u0113tas da\u013cas, sniedzot prieku da\u017e\u0101dos mikrorajonos. Dubultu, Slokas un Kauguru iedz\u012bvot\u0101ji un viesi ar\u012b var baud\u012bt sv\u0113tku noska\u0146u, ko rada r\u016bp\u012bgi izvietot\u0101s egles. Pils\u0113tas iel\u0101s iedegtais sv\u0113tku apgaismojums veido burv\u012bgu gaismas \u0161ovu, kas pie\u0161\u0137ir ikdienai ma\u0123isku mirdzumu. Parki un skv\u0113ri ir p\u0101rv\u0113rsti par pasakain\u0101m ainav\u0101m ar dekor\u0101cij\u0101m, kas aicina uz nesteidz\u012bg\u0101m pastaig\u0101m un priec\u012bgu kop\u0101 b\u016b\u0161anu.<\/p>\n<p>Aicin\u0101jums baud\u012bt sv\u0113tkus<\/p>\n<p>\u0160ogad J\u016brmala aicina ikvienu izbaud\u012bt \u0161o \u012bpa\u0161o laiku, dodoties pastaig\u0101 pa pils\u0113tu un apbr\u012bnojot sv\u0113tku rot\u0101jumus. Neatkar\u012bgi no t\u0101, vai dodaties uz Majoru ros\u012bbu vai Kauguru mieru, sv\u0113tku gars ir j\u016btams visur. \u0160ie rot\u0101jumi ir ne tikai vizu\u0101ls baud\u012bjums, bet ar\u012b atg\u0101din\u0101jums par gada skaist\u0101kajiem sv\u0113tkiem, kas nes sev l\u012bdzi cer\u012bbu, prieku un m\u012blest\u012bbu. J\u016brmalas sv\u0113tku rot\u0101jumi ir k\u0101 spo\u017es apsol\u012bjums par gai\u0161iem un priec\u012bgiem Ziemassv\u0113tkiem.<\/p>\n","protected":false},"excerpt":{"rendered":"J\u016brmala iemirdzas Ziemassv\u0113tku noska\u0146\u0101s: no Majoru l\u012bdz Kauguriem valda sv\u0113tku burv\u012bba J\u016brmala ir p\u0101rv\u0113rtusies par \u012bstu ziemas pasaku,&hellip;\n","protected":false},"author":2,"featured_media":67136,"comment_status":"","ping_status":"","sticky":false,"template":"","format":"standard","meta":{"footnotes":""},"categories":[5],"tags":[23,28,29,17246,32,33,22,114,30,31,35,39,38,36,37,34,40,20,26,27,16275,16536,24,25,9687,21],"class_list":{"0":"post-67135","1":"post","2":"type-post","3":"status-publish","4":"format-standard","5":"has-post-thumbnail","7":"category-aktualitates","8":"tag-aktualitates","9":"tag-breaking-news","10":"tag-breakingnews","11":"tag-eglites","12":"tag-featured-news","13":"tag-featurednews","14":"tag-headlines","15":"tag-jurmala","16":"tag-latest-news","17":"tag-latestnews","18":"tag-latvia","19":"tag-latvian","20":"tag-latviesu","21":"tag-latviesu-valoda","22":"tag-latviesuvaloda","23":"tag-latvija","24":"tag-lv","25":"tag-news","26":"tag-popularakas-zinas","27":"tag-popularakaszinas","28":"tag-svetku-gaismas","29":"tag-svetku-rotajumi","30":"tag-top-stories","31":"tag-topstories","32":"tag-ziemassvetki","33":"tag-zinas"},"share_on_mastodon":{"url":"https:\/\/pubeurope.com\/@lv\/115672748101469823","error":""},"_links":{"self":[{"href":"https:\/\/www.europesays.com\/lv\/wp-json\/wp\/v2\/posts\/67135","targetHints":{"allow":["GET"]}}],"collection":[{"href":"https:\/\/www.europesays.com\/lv\/wp-json\/wp\/v2\/posts"}],"about":[{"href":"https:\/\/www.europesays.com\/lv\/wp-json\/wp\/v2\/types\/post"}],"author":[{"embeddable":true,"href":"https:\/\/www.europesays.com\/lv\/wp-json\/wp\/v2\/users\/2"}],"replies":[{"embeddable":true,"href":"https:\/\/www.europesays.com\/lv\/wp-json\/wp\/v2\/comments?post=67135"}],"version-history":[{"count":0,"href":"https:\/\/www.europesays.com\/lv\/wp-json\/wp\/v2\/posts\/67135\/revisions"}],"wp:featuredmedia":[{"embeddable":true,"href":"https:\/\/www.europesays.com\/lv\/wp-json\/wp\/v2\/media\/67136"}],"wp:attachment":[{"href":"https:\/\/www.europesays.com\/lv\/wp-json\/wp\/v2\/media?parent=67135"}],"wp:term":[{"taxonomy":"category","embeddable":true,"href":"https:\/\/www.europesays.com\/lv\/wp-json\/wp\/v2\/categories?post=67135"},{"taxonomy":"post_tag","embeddable":true,"href":"https:\/\/www.europesays.com\/lv\/wp-json\/wp\/v2\/tags?post=67135"}],"curies":[{"name":"wp","href":"https:\/\/api.w.org\/{rel}","templated":true}]}}